{"id":998,"date":"2012-08-14T15:28:15","date_gmt":"2012-08-14T14:28:15","guid":{"rendered":"http:\/\/lafilledecorinthe.com\/wordpress\/?p=998"},"modified":"2025-12-10T13:22:01","modified_gmt":"2025-12-10T12:22:01","slug":"un-ete-et-la-photographie-expositions-publications","status":"publish","type":"post","link":"https:\/\/lafilledecorinthe.com\/wordpress\/2012\/08\/un-ete-et-la-photographie-expositions-publications\/","title":{"rendered":"Un \u00e9t\u00e9 et la photographie : expositions, publications&#8230;"},"content":{"rendered":"\n<p>Journal de bord des rencontres avec la photographie au cours de mon p\u00e9riple d&rsquo;\u00e9t\u00e9. Seule la premi\u00e8re \u00e9tape, Arles, \u00e9tait planifi\u00e9e. Les autres d\u00e9couvertes ont \u00e9t\u00e9 le fruit du hasard des lieux de vacances, de Nice \u00e0 la Roche-sur-Yon, de Nantes au Domaine de Chamarande.<\/p>\n\n\n\n<p>ARLES<\/p>\n\n\n\n<p>Apr\u00e8s le choc des photos sur les gitans de Koudelka expos\u00e9es \u00e0 l&rsquo;\u00e9glise Sainte Anne, je me plonge dans l&rsquo;essai de Jean-Pierre Montier : \u00ab\u00a0L&rsquo;\u00e9preuve totalitaire\u00a0\u00bb. Ce livre, essentiel, me permet d&rsquo;inscrire cette s\u00e9rie dans l&rsquo;ensemble de son oeuvre et de d\u00e9passer une vision superficielle li\u00e9e au folklore de ce peuple.<\/p>\n\n\n<div class=\"wp-block-image\">\n<figure class=\"aligncenter size-medium\"><a href=\"https:\/\/lafilledecorinthe.com\/wordpress\/wp-content\/uploads\/2012\/08\/imagew.php_.jpeg\"><img loading=\"lazy\" decoding=\"async\" width=\"569\" height=\"680\" src=\"https:\/\/lafilledecorinthe.com\/wordpress\/wp-content\/uploads\/2012\/08\/imagew.php_-569x680.jpg\" alt=\"\" class=\"wp-image-1038\" srcset=\"https:\/\/lafilledecorinthe.com\/wordpress\/wp-content\/uploads\/2012\/08\/imagew.php_-569x680.jpg 569w, https:\/\/lafilledecorinthe.com\/wordpress\/wp-content\/uploads\/2012\/08\/imagew.php_-251x300.jpg 251w, https:\/\/lafilledecorinthe.com\/wordpress\/wp-content\/uploads\/2012\/08\/imagew.php_.jpeg 670w\" sizes=\"auto, (max-width: 569px) 100vw, 569px\" \/><\/a><figcaption class=\"wp-element-caption\">\u00ab\u00a0L&rsquo;\u00e9preuve totalitaire, Josef Koudelka\u00a0\u00bb Jean-Pierre Montier, Delpire, 2005<\/figcaption><\/figure>\n<\/div>\n\n\n<p>\u00ab\u00a0<em>Jamais il ne verra dans les Gitans un paradis perdu. Il ne les id\u00e9alise pas, ni ne se prend pour l&rsquo;un des leurs. Il faut au contraire qu&rsquo;il leur demeure \u00e9tranger. Ils sont le gage de sa survie, sa pierre de touche du r\u00e9el.<\/em>\u00ab\u00a0<\/p>\n\n\n\n<p>La pr\u00e9sentation, dans le choeur de l&rsquo;\u00e9glise, des maquettes des diff\u00e9rentes \u00e9ditions de l&rsquo;album \u00ab\u00a0Gitans\u00a0\u00bb est passionnante. L&rsquo;implication de Koudelka dans ses photographies va bien au-del\u00e0 de la prise de vue. 37 ans apr\u00e8s la premi\u00e8re publication r\u00e9alis\u00e9e avec la complicit\u00e9 de l&rsquo;\u00e9diteur Robert Delpire, Koudelka assume seul la nouvelle version, il enrichit sa s\u00e9lection d&rsquo;une quarantaine de photos, propose de nouvelles relations entre elles. Cette \u00e9dition fait \u00e9v\u00e8nement mais surtout elle montre que les photos de Koudelka r\u00e9sistent au temps, gage de leur qualit\u00e9 si l&rsquo;on en croit les crit\u00e8res confi\u00e9s par l&rsquo;auteur lui-m\u00eame lors d&rsquo;un interview r\u00e9alis\u00e9 en 1985 par Herv\u00e9 Guibert :<\/p>\n\n\n\n<p>\u00ab\u00a0<em>Il y a des photos claires qui sont sorties imm\u00e9diatement, et des photos plus secr\u00e8tes qui ont besoin de temps pour \u00e9merger. La confirmation d&rsquo;une bonne photo, c&rsquo;est le temps&#8230; Les bonnes photos vieillissent tr\u00e8s bien. Une bonne photo est celle que je peux regarder longtemps sur un mur.<\/em>\u00ab\u00a0<\/p>\n\n\n<div class=\"wp-block-image\">\n<figure class=\"aligncenter size-medium\"><a href=\"https:\/\/lafilledecorinthe.com\/wordpress\/wp-content\/uploads\/2012\/08\/Koudelka-Gitans-La-fin-du-voyage.jpg\"><img loading=\"lazy\" decoding=\"async\" width=\"680\" height=\"610\" src=\"https:\/\/lafilledecorinthe.com\/wordpress\/wp-content\/uploads\/2012\/08\/Koudelka-Gitans-La-fin-du-voyage-680x610.jpg\" alt=\"\" class=\"wp-image-1009\" srcset=\"https:\/\/lafilledecorinthe.com\/wordpress\/wp-content\/uploads\/2012\/08\/Koudelka-Gitans-La-fin-du-voyage-680x610.jpg 680w, https:\/\/lafilledecorinthe.com\/wordpress\/wp-content\/uploads\/2012\/08\/Koudelka-Gitans-La-fin-du-voyage-334x300.jpg 334w, https:\/\/lafilledecorinthe.com\/wordpress\/wp-content\/uploads\/2012\/08\/Koudelka-Gitans-La-fin-du-voyage.jpg 800w\" sizes=\"auto, (max-width: 680px) 100vw, 680px\" \/><\/a><figcaption class=\"wp-element-caption\">\u00ab\u00a0Gitans &#8211; La fin du voyage\u00a0\u00bb Koudelka, Delpire 1975<\/figcaption><\/figure>\n<\/div>\n\n<div class=\"wp-block-image\">\n<figure class=\"aligncenter\"><a href=\"https:\/\/lafilledecorinthe.com\/wordpress\/wp-content\/uploads\/2012\/08\/Koudelka-Gitans-2.gif\"><img loading=\"lazy\" decoding=\"async\" width=\"200\" height=\"200\" src=\"https:\/\/lafilledecorinthe.com\/wordpress\/wp-content\/uploads\/2012\/08\/Koudelka-Gitans-2-200x200.gif\" alt=\"\" class=\"wp-image-1008\"\/><\/a><figcaption class=\"wp-element-caption\">\u00ab\u00a0Gitans\u00a0\u00bb Koudelka, Delpire 2011&nbsp;<\/figcaption><\/figure>\n<\/div>\n\n\n<p>C&rsquo;est dans un deuxi\u00e8me lieu de culte d\u00e9saffect\u00e9, la chapelle Saint Martin du M\u00e9jan, que j&rsquo;ai mon deuxi\u00e8me choc photographique, Sophie Calle y pr\u00e9sente son projet \u00ab\u00a0Pour la derni\u00e8re et la premi\u00e8re fois\u00a0\u00bb. A l&rsquo;\u00e9tage, dans un espace et une lumi\u00e8re magnifiques, Sophie Calle expose la troisi\u00e8me partie de son travail sur les Aveugles commenc\u00e9 en 1986. En 2010, elle a rencontr\u00e9 \u00e0 Istanbul des aveugles qui ont perdu la vue par accident, elle leur a demand\u00e9 de d\u00e9crire la derni\u00e8re image qu&rsquo;ils ont vue. Textes et photos s&rsquo;entrecroisent et se r\u00e9pondent, ils rendent sensibles, au del\u00e0 d&rsquo;une exp\u00e9rience traumatisante, des liens qui existent entre la m\u00e9moire et le r\u00e9cit, le r\u00e9el et les images mentales. En 1986, c&rsquo;est \u00e0 des aveugles de naissance que Sophie Calle avait demand\u00e9 quelle \u00e9tait pour eux l&rsquo;image de la beaut\u00e9, la premi\u00e8re r\u00e9ponse re\u00e7ue \u00e9voquait la mer. C&rsquo;est cette mer qui fait l&rsquo;objet au rez de chauss\u00e9e d&rsquo;un autre travail r\u00e9alis\u00e9 avec Caroline Champetier. Sophie Calle a accompagn\u00e9 des hommes, des femmes et des enfants qui d\u00e9couvrent pour la premi\u00e8re fois la mer. Film\u00e9s de dos, nous sommes invit\u00e9s \u00e0 vivre avec eux cette exp\u00e9rience in\u00e9dite, le temps est suspendu jusqu&rsquo;\u00e0 l&rsquo;instant o\u00f9 ils se retournent et regardent dans notre direction sans nous voir.<\/p>\n\n\n<div class=\"wp-block-image\">\n<figure class=\"aligncenter size-medium\"><a href=\"https:\/\/lafilledecorinthe.com\/wordpress\/wp-content\/uploads\/2012\/08\/SophieCalle.jpg\"><img loading=\"lazy\" decoding=\"async\" width=\"680\" height=\"379\" src=\"https:\/\/lafilledecorinthe.com\/wordpress\/wp-content\/uploads\/2012\/08\/SophieCalle-680x379.jpg\" alt=\"\" class=\"wp-image-1022\" title=\"SophieCalle\" srcset=\"https:\/\/lafilledecorinthe.com\/wordpress\/wp-content\/uploads\/2012\/08\/SophieCalle-680x379.jpg 680w, https:\/\/lafilledecorinthe.com\/wordpress\/wp-content\/uploads\/2012\/08\/SophieCalle-500x279.jpg 500w, https:\/\/lafilledecorinthe.com\/wordpress\/wp-content\/uploads\/2012\/08\/SophieCalle.jpg 800w\" sizes=\"auto, (max-width: 680px) 100vw, 680px\" \/><\/a><\/figure>\n<\/div>\n\n\n<p><\/p>\n\n\n\n<p>Au fil des expositions j&rsquo;ai d\u00e9couvert avec int\u00e9r\u00eat le travail de&nbsp;<a href=\"http:\/\/www.galeriecameraobscura.fr\/artistes\/sammallahti\/artist_main_index.html\">Pentti Sammallahti<\/a>,&nbsp;<a href=\"http:\/\/www.aurore-valade.com\/\">Aurore Valade<\/a>, <a href=\"http:\/\/www.torgovnik.com\/\">Jonathan Torgovnik<\/a>, <a href=\"http:\/\/www.juliendumas.fr\/\">Julien Dumas<\/a>&#8230;<\/p>\n\n\n<div class=\"wp-block-image\">\n<figure class=\"aligncenter size-medium\"><a href=\"https:\/\/lafilledecorinthe.com\/wordpress\/wp-content\/uploads\/2012\/08\/01.jpg\"><img loading=\"lazy\" decoding=\"async\" width=\"680\" height=\"680\" src=\"https:\/\/lafilledecorinthe.com\/wordpress\/wp-content\/uploads\/2012\/08\/01-680x680.jpg\" alt=\"\" class=\"wp-image-1033\" srcset=\"https:\/\/lafilledecorinthe.com\/wordpress\/wp-content\/uploads\/2012\/08\/01-680x680.jpg 680w, https:\/\/lafilledecorinthe.com\/wordpress\/wp-content\/uploads\/2012\/08\/01-200x200.jpg 200w, https:\/\/lafilledecorinthe.com\/wordpress\/wp-content\/uploads\/2012\/08\/01-300x300.jpg 300w, https:\/\/lafilledecorinthe.com\/wordpress\/wp-content\/uploads\/2012\/08\/01.jpg 800w\" sizes=\"auto, (max-width: 680px) 100vw, 680px\" \/><\/a><figcaption class=\"wp-element-caption\">None Ethnie, \u00a9 Julien Dumas<\/figcaption><\/figure>\n<\/div>\n\n\n<p>Programmation \u00e9clectique qui m&rsquo;a permis de partager ma passion des images avec trois adolescents curieux aux go\u00fbts affirm\u00e9s. L&rsquo;exposition th\u00e9matique \u00ab\u00a0Mannequin, le corps de la mode\u00a0\u00bb a retenu particuli\u00e8rement leur attention. A la fin de la visite, chacun a pr\u00e9sent\u00e9 aux autres la photo qui l&rsquo;avait le plus int\u00e9ress\u00e9, une belle occasion de revoir des images par le regard de l&rsquo;autre.<\/p>\n\n\n\n<p>Gr\u00e2ce \u00e0 eux , je ne suis pas pass\u00e9e \u00e0 c\u00f4t\u00e9 de ce \u00ab\u00a0trou\u00a0\u00bb dans un mur de la Grande Halle, qu&rsquo;est-ce donc ?<\/p>\n\n\n<div class=\"wp-block-image\">\n<figure class=\"aligncenter size-medium\"><a href=\"https:\/\/lafilledecorinthe.com\/wordpress\/wp-content\/uploads\/2012\/08\/P1040869.jpg\"><img loading=\"lazy\" decoding=\"async\" width=\"680\" height=\"510\" src=\"https:\/\/lafilledecorinthe.com\/wordpress\/wp-content\/uploads\/2012\/08\/P1040869-680x510.jpg\" alt=\"\" class=\"wp-image-1041\" srcset=\"https:\/\/lafilledecorinthe.com\/wordpress\/wp-content\/uploads\/2012\/08\/P1040869-680x510.jpg 680w, https:\/\/lafilledecorinthe.com\/wordpress\/wp-content\/uploads\/2012\/08\/P1040869-400x300.jpg 400w, https:\/\/lafilledecorinthe.com\/wordpress\/wp-content\/uploads\/2012\/08\/P1040869.jpg 800w\" sizes=\"auto, (max-width: 680px) 100vw, 680px\" \/><\/a><figcaption class=\"wp-element-caption\">Grande Halle, St\u00e9nop\u00e9, Arles 2012<\/figcaption><\/figure>\n<\/div>\n\n\n<p>Derri\u00e8re le mur, une pi\u00e8ce noire, c&rsquo;est un st\u00e9nop\u00e9 g\u00e9ant ! R\u00e9partition rapide des r\u00f4les, pendant que les uns admirent les images produites, les autres r\u00e9alisent leurs r\u00eaves les plus fous, comme marcher sur les mains sans se fatiguer !<\/p>\n\n\n<div class=\"wp-block-image\">\n<figure class=\"aligncenter size-medium\"><a href=\"https:\/\/lafilledecorinthe.com\/wordpress\/wp-content\/uploads\/2012\/08\/P1040871.jpg\"><img loading=\"lazy\" decoding=\"async\" width=\"510\" height=\"680\" src=\"https:\/\/lafilledecorinthe.com\/wordpress\/wp-content\/uploads\/2012\/08\/P1040871-510x680.jpg\" alt=\"\" class=\"wp-image-1042\" srcset=\"https:\/\/lafilledecorinthe.com\/wordpress\/wp-content\/uploads\/2012\/08\/P1040871-510x680.jpg 510w, https:\/\/lafilledecorinthe.com\/wordpress\/wp-content\/uploads\/2012\/08\/P1040871-225x300.jpg 225w, https:\/\/lafilledecorinthe.com\/wordpress\/wp-content\/uploads\/2012\/08\/P1040871.jpg 600w\" sizes=\"auto, (max-width: 510px) 100vw, 510px\" \/><\/a><figcaption class=\"wp-element-caption\">Sol\u00e8ne et Arthur, Arles 2012<\/figcaption><\/figure>\n<\/div>\n\n\n<p>Mais Arles, c&rsquo;est aussi une \u00e9preuve physique, excellente pr\u00e9paration pour crapahuter sur les sentiers du Mercantour.<\/p>\n\n\n<div class=\"wp-block-image\">\n<figure class=\"aligncenter size-medium\"><a href=\"https:\/\/lafilledecorinthe.com\/wordpress\/wp-content\/uploads\/2012\/08\/P1040868.jpg\"><img loading=\"lazy\" decoding=\"async\" width=\"680\" height=\"510\" src=\"https:\/\/lafilledecorinthe.com\/wordpress\/wp-content\/uploads\/2012\/08\/P1040868-680x510.jpg\" alt=\"\" class=\"wp-image-1043\" srcset=\"https:\/\/lafilledecorinthe.com\/wordpress\/wp-content\/uploads\/2012\/08\/P1040868-680x510.jpg 680w, https:\/\/lafilledecorinthe.com\/wordpress\/wp-content\/uploads\/2012\/08\/P1040868-400x300.jpg 400w, https:\/\/lafilledecorinthe.com\/wordpress\/wp-content\/uploads\/2012\/08\/P1040868.jpg 800w\" sizes=\"auto, (max-width: 680px) 100vw, 680px\" \/><\/a><figcaption class=\"wp-element-caption\">Pierre, Arthur, Cl\u00e9ment, Sol\u00e8ne, Arles 2012<\/figcaption><\/figure>\n<\/div>\n\n\n<p>NICE<\/p>\n\n\n\n<p>Depuis 1999, Nice a un lieu consacr\u00e9 \u00e0 la photographie, le th\u00e9\u00e2tre de la photographie et de l&rsquo;image. Jusqu&rsquo;au 7 octobre 2012, c&rsquo;est l&rsquo;oeuvre de St\u00e9phane Couturier qui est \u00e0 l&rsquo;honneur. J&rsquo;avais rencontr\u00e9 le travail de cet artiste lors de la pr\u00e9paration d&rsquo;un atelier au Jeu de Paume sur la ville et ses transformations, j&rsquo;ai \u00e9t\u00e9 ravie d&rsquo;avoir une vision plus ample de son parcours. De ses photos graphiques, d\u00e9pouill\u00e9es, de lieux vides, \u00e0 sa nouvelle s\u00e9rie \u00ab\u00a0Melting point\u00a0\u00bb o\u00f9 le regard se perd dans des superpositions d&rsquo;images, son travail se renouvelle tout en \u00e9tant tr\u00e8s coh\u00e9rent.<\/p>\n\n\n<div class=\"wp-block-image\">\n<figure class=\"aligncenter size-medium\"><a href=\"https:\/\/lafilledecorinthe.com\/wordpress\/wp-content\/uploads\/2012\/08\/P1040924.jpg\"><img loading=\"lazy\" decoding=\"async\" width=\"680\" height=\"510\" src=\"https:\/\/lafilledecorinthe.com\/wordpress\/wp-content\/uploads\/2012\/08\/P1040924-680x510.jpg\" alt=\"\" class=\"wp-image-1048\" srcset=\"https:\/\/lafilledecorinthe.com\/wordpress\/wp-content\/uploads\/2012\/08\/P1040924-680x510.jpg 680w, https:\/\/lafilledecorinthe.com\/wordpress\/wp-content\/uploads\/2012\/08\/P1040924-400x300.jpg 400w, https:\/\/lafilledecorinthe.com\/wordpress\/wp-content\/uploads\/2012\/08\/P1040924.jpg 800w\" sizes=\"auto, (max-width: 680px) 100vw, 680px\" \/><\/a><figcaption class=\"wp-element-caption\">Exposition St\u00e9phane Couturier, TPI Nice, \u00e9t\u00e9 2012<\/figcaption><\/figure>\n<\/div>\n\n<div class=\"wp-block-image\">\n<figure class=\"aligncenter size-medium\"><a href=\"https:\/\/lafilledecorinthe.com\/wordpress\/wp-content\/uploads\/2012\/08\/P1040926.jpg\"><img loading=\"lazy\" decoding=\"async\" width=\"680\" height=\"510\" src=\"https:\/\/lafilledecorinthe.com\/wordpress\/wp-content\/uploads\/2012\/08\/P1040926-680x510.jpg\" alt=\"\" class=\"wp-image-1049\" srcset=\"https:\/\/lafilledecorinthe.com\/wordpress\/wp-content\/uploads\/2012\/08\/P1040926-680x510.jpg 680w, https:\/\/lafilledecorinthe.com\/wordpress\/wp-content\/uploads\/2012\/08\/P1040926-400x300.jpg 400w, https:\/\/lafilledecorinthe.com\/wordpress\/wp-content\/uploads\/2012\/08\/P1040926.jpg 800w\" sizes=\"auto, (max-width: 680px) 100vw, 680px\" \/><\/a><figcaption class=\"wp-element-caption\">Exposition St\u00e9phane Couturier, TPI Nice, \u00e9t\u00e9 2012<\/figcaption><\/figure>\n<\/div>\n\n\n<p><br>Une exposition et un lieu qui m&rsquo;ont enchant\u00e9e ! Les affiches des expositions pass\u00e9es me font regretter d&rsquo;habiter si loin de Nice ; Sarah Moon, August Sander, Plossu et Georges Rousse&#8230; Pour ce dernier, je me console en achetant, \u00e0 la boutique, le catalogue de son exposition au prix de 4 \u20ac. Son travail \u00e0 la station Lebon y est pr\u00e9sent\u00e9 ainsi qu&rsquo;un interview fort int\u00e9ressant :<\/p>\n\n\n<div class=\"wp-block-image\">\n<figure class=\"aligncenter size-medium\"><a href=\"https:\/\/lafilledecorinthe.com\/wordpress\/wp-content\/uploads\/2012\/08\/P1040923.jpg\"><img loading=\"lazy\" decoding=\"async\" width=\"680\" height=\"510\" src=\"https:\/\/lafilledecorinthe.com\/wordpress\/wp-content\/uploads\/2012\/08\/P1040923-680x510.jpg\" alt=\"\" class=\"wp-image-1051\" srcset=\"https:\/\/lafilledecorinthe.com\/wordpress\/wp-content\/uploads\/2012\/08\/P1040923-680x510.jpg 680w, https:\/\/lafilledecorinthe.com\/wordpress\/wp-content\/uploads\/2012\/08\/P1040923-400x300.jpg 400w, https:\/\/lafilledecorinthe.com\/wordpress\/wp-content\/uploads\/2012\/08\/P1040923.jpg 800w\" sizes=\"auto, (max-width: 680px) 100vw, 680px\" \/><\/a><figcaption class=\"wp-element-caption\">TPI Nice, \u00e9t\u00e9 2012<\/figcaption><\/figure>\n<\/div>\n\n\n<p>\u00ab\u00a0<em>J&rsquo;ai toujours aim\u00e9 marcher dans l&rsquo;arri\u00e8re pays Ni\u00e7ois et j&rsquo;aime toujours faire d\u00e9couvrir \u00e0 mes amis ces paysages secs de la vall\u00e9e des merveilles. Dans cette montagne, on trouve aussi des fortifications d\u00e9sert\u00e9es, symbole de la fronti\u00e8re et des limites du territoire, mais ouvertes aux vents, qui \u00e9taient un terrain de jeux durant les vacances d&rsquo;\u00e9t\u00e9 et qui m&rsquo;ont donn\u00e9 le go\u00fbt des b\u00e2timents abandonn\u00e9s.<\/em>\u00ab\u00a0<br>Belle invitation pour la suite de notre voyage !<\/p>\n\n\n\n<p>LA ROCHE-SUR-YON<\/p>\n\n\n\n<p>D&rsquo;Est en Ouest, de la montagne \u00e0 la mer, notre route passe &nbsp;par la pr\u00e9fecture de la Vend\u00e9e. D\u00e8s notre arriv\u00e9e sur la place Napol\u00e9on, nous sommes accueillis par de grandes reproductions accroch\u00e9es aux fa\u00e7ades, excellent moyen pour susciter la curiosit\u00e9 des passants que nous sommes.<\/p>\n\n\n<div class=\"wp-block-image\">\n<figure class=\"aligncenter size-medium\"><a href=\"https:\/\/lafilledecorinthe.com\/wordpress\/wp-content\/uploads\/2012\/08\/P1050273.jpg\"><img loading=\"lazy\" decoding=\"async\" width=\"680\" height=\"510\" src=\"https:\/\/lafilledecorinthe.com\/wordpress\/wp-content\/uploads\/2012\/08\/P1050273-680x510.jpg\" alt=\"\" class=\"wp-image-1054\" srcset=\"https:\/\/lafilledecorinthe.com\/wordpress\/wp-content\/uploads\/2012\/08\/P1050273-680x510.jpg 680w, https:\/\/lafilledecorinthe.com\/wordpress\/wp-content\/uploads\/2012\/08\/P1050273-400x300.jpg 400w, https:\/\/lafilledecorinthe.com\/wordpress\/wp-content\/uploads\/2012\/08\/P1050273.jpg 800w\" sizes=\"auto, (max-width: 680px) 100vw, 680px\" \/><\/a><figcaption class=\"wp-element-caption\">Australie de Thibaut Cuisset, la Roche-sur-Yon, \u00e9t\u00e9 2012<\/figcaption><\/figure>\n<\/div>\n\n<div class=\"wp-block-image\">\n<figure class=\"aligncenter size-medium\"><a href=\"https:\/\/lafilledecorinthe.com\/wordpress\/wp-content\/uploads\/2012\/08\/P1050274.jpg\"><img loading=\"lazy\" decoding=\"async\" width=\"680\" height=\"510\" src=\"https:\/\/lafilledecorinthe.com\/wordpress\/wp-content\/uploads\/2012\/08\/P1050274-680x510.jpg\" alt=\"\" class=\"wp-image-1055\" srcset=\"https:\/\/lafilledecorinthe.com\/wordpress\/wp-content\/uploads\/2012\/08\/P1050274-680x510.jpg 680w, https:\/\/lafilledecorinthe.com\/wordpress\/wp-content\/uploads\/2012\/08\/P1050274-400x300.jpg 400w, https:\/\/lafilledecorinthe.com\/wordpress\/wp-content\/uploads\/2012\/08\/P1050274.jpg 800w\" sizes=\"auto, (max-width: 680px) 100vw, 680px\" \/><\/a><figcaption class=\"wp-element-caption\">Looking north, 545 eight avenue New York City, Vera Lutter, la Roche-sur-Yon, \u00e9t\u00e9 2012<\/figcaption><\/figure>\n<\/div>\n\n\n<p>Toutes les oeuvres originales appartiennent au mus\u00e9e ou \u00e0 l&rsquo;artoth\u00e8que de la ville. Nous commen\u00e7ons par le mus\u00e9e qui pr\u00e9sente jusqu&rsquo;au 2 septembre la premi\u00e8re partie d&rsquo;un cycle intitul\u00e9 \u00a0\u00bb Cosa mentale, Paysages(s)\u00a0\u00bb.<\/p>\n\n\n<div class=\"wp-block-image\">\n<figure class=\"aligncenter size-medium\"><a href=\"https:\/\/lafilledecorinthe.com\/wordpress\/wp-content\/uploads\/2012\/08\/P1050269.jpg\"><img loading=\"lazy\" decoding=\"async\" width=\"680\" height=\"510\" src=\"https:\/\/lafilledecorinthe.com\/wordpress\/wp-content\/uploads\/2012\/08\/P1050269-680x510.jpg\" alt=\"\" class=\"wp-image-1056\" srcset=\"https:\/\/lafilledecorinthe.com\/wordpress\/wp-content\/uploads\/2012\/08\/P1050269-680x510.jpg 680w, https:\/\/lafilledecorinthe.com\/wordpress\/wp-content\/uploads\/2012\/08\/P1050269-400x300.jpg 400w, https:\/\/lafilledecorinthe.com\/wordpress\/wp-content\/uploads\/2012\/08\/P1050269.jpg 800w\" sizes=\"auto, (max-width: 680px) 100vw, 680px\" \/><\/a><figcaption class=\"wp-element-caption\">Mus\u00e9e de la roche-sur-Yon, \u00e9t\u00e9 2012<\/figcaption><\/figure>\n<\/div>\n\n\n<p>C&rsquo;est le Paysage-Document qui est mis \u00e0 l&rsquo;honneur dans les trois salles du mus\u00e9e, l&rsquo;exposition tr\u00e8s p\u00e9dagogique, pr\u00e9sente diff\u00e9rentes \u00e9coles qui se sont empar\u00e9es de cette th\u00e9matique : la New Topography am\u00e9ricaine, l&rsquo;\u00e9cole allemande avec les incontournables Becher, les commandes li\u00e9es&nbsp;\u00e0 la mission photographique de la DATAR et l&rsquo;approche canadienne avec notamment Jeff Wall.<\/p>\n\n\n<div class=\"wp-block-image\">\n<figure class=\"aligncenter size-medium\"><a href=\"https:\/\/lafilledecorinthe.com\/wordpress\/wp-content\/uploads\/2012\/08\/P1050243.jpg\"><img loading=\"lazy\" decoding=\"async\" width=\"680\" height=\"510\" src=\"https:\/\/lafilledecorinthe.com\/wordpress\/wp-content\/uploads\/2012\/08\/P1050243-680x510.jpg\" alt=\"\" class=\"wp-image-1057\" srcset=\"https:\/\/lafilledecorinthe.com\/wordpress\/wp-content\/uploads\/2012\/08\/P1050243-680x510.jpg 680w, https:\/\/lafilledecorinthe.com\/wordpress\/wp-content\/uploads\/2012\/08\/P1050243-400x300.jpg 400w, https:\/\/lafilledecorinthe.com\/wordpress\/wp-content\/uploads\/2012\/08\/P1050243.jpg 800w\" sizes=\"auto, (max-width: 680px) 100vw, 680px\" \/><\/a><figcaption class=\"wp-element-caption\">\u00ab\u00a0Silos \u00e0 Charbon\u00a0\u00bb, Bernd et Hilla Becher, \u00ab\u00a0Parking lots\u00a0\u00bb, Edward Ruscha, mus\u00e9e de la Roche-sur-Yon, \u00e9t\u00e9 2012<\/figcaption><\/figure>\n<\/div>\n\n\n<p>Je m&rsquo;attarde particuli\u00e8rement sur le travail de deux artistes qui pr\u00e9sentent leur travail sous forme de diptyque, interrogeant ainsi le lien entre l&rsquo;espace et le temps. Tout d&rsquo;abord, la photographe italienne, Paola Di Pietri. Un couple marche sur un pont, leurs pas s&rsquo;accordent, ils semblent \u00eatre en pleine conversation, ils marchent vite, c&rsquo;est l&rsquo;hiver. Quelques instants plus tard, la photographe les a, \u00e0 nouveau, saisi en d\u00e9calant l\u00e9g\u00e8rement son point de vue, ils semblent avoir ralenti, l&rsquo;espace entre eux s&rsquo;est r\u00e9duit, leurs regards se portent sur un point qui nous est inaccessible, le paysage derri\u00e8re eux pr\u00e9sente une autre rive&#8230;<\/p>\n\n\n<div class=\"wp-block-image\">\n<figure class=\"aligncenter size-medium\"><a href=\"https:\/\/lafilledecorinthe.com\/wordpress\/wp-content\/uploads\/2012\/08\/P1050248.jpg\"><img loading=\"lazy\" decoding=\"async\" width=\"680\" height=\"510\" src=\"https:\/\/lafilledecorinthe.com\/wordpress\/wp-content\/uploads\/2012\/08\/P1050248-680x510.jpg\" alt=\"\" class=\"wp-image-1059\" srcset=\"https:\/\/lafilledecorinthe.com\/wordpress\/wp-content\/uploads\/2012\/08\/P1050248-680x510.jpg 680w, https:\/\/lafilledecorinthe.com\/wordpress\/wp-content\/uploads\/2012\/08\/P1050248-400x300.jpg 400w, https:\/\/lafilledecorinthe.com\/wordpress\/wp-content\/uploads\/2012\/08\/P1050248.jpg 800w\" sizes=\"auto, (max-width: 680px) 100vw, 680px\" \/><\/a><figcaption class=\"wp-element-caption\">Paola Di Pietri, mus\u00e9e de la Roche-sur-Yon, \u00e9t\u00e9 2012<\/figcaption><\/figure>\n<\/div>\n\n\n<p>Ce dyptique fait partie d&rsquo;une s\u00e9rie Dittici pr\u00e9sent\u00e9e sur le site de la Galerie <a href=\"http:\/\/www.fillesducalvaire.com\/?SITE=1&amp;CURRLANG=1&amp;CONT=artisthome&amp;ARTIST=14\" target=\"_blank\" rel=\"noopener\">\u00ab\u00a0Les filles du calvaire\u00a0\u00bb<\/a>, s\u00e9rie \u00e9nigmatique et po\u00e9tique que j&rsquo;ai eu beaucoup de plaisir \u00e0 d\u00e9couvrir.<\/p>\n\n\n\n<p>La d\u00e9marche de Joachim Koester, est tout autre. Il s\u00e9lectionne des paysages mythiques de l&rsquo;histoire de la photographie conceptuelle et les revisite quelques quarante ans plus tard. Nous voyons par exemple une photographie de Robert Smithson r\u00e9alis\u00e9e en 1967 pour son texte \u00ab\u00a0Monuments of Passaic\u00a0\u00bb accol\u00e9e \u00e0 une vue actuelle du m\u00eame lieu.<\/p>\n\n\n<div class=\"wp-block-image\">\n<figure class=\"aligncenter size-medium\"><a href=\"https:\/\/lafilledecorinthe.com\/wordpress\/wp-content\/uploads\/2012\/08\/P1050255.jpg\"><img loading=\"lazy\" decoding=\"async\" width=\"680\" height=\"510\" src=\"https:\/\/lafilledecorinthe.com\/wordpress\/wp-content\/uploads\/2012\/08\/P1050255-680x510.jpg\" alt=\"\" class=\"wp-image-1061\" srcset=\"https:\/\/lafilledecorinthe.com\/wordpress\/wp-content\/uploads\/2012\/08\/P1050255-680x510.jpg 680w, https:\/\/lafilledecorinthe.com\/wordpress\/wp-content\/uploads\/2012\/08\/P1050255-400x300.jpg 400w, https:\/\/lafilledecorinthe.com\/wordpress\/wp-content\/uploads\/2012\/08\/P1050255.jpg 800w\" sizes=\"auto, (max-width: 680px) 100vw, 680px\" \/><\/a><figcaption class=\"wp-element-caption\">Joakim Koester, Mus\u00e9e de la Roche-sur-Yon, \u00e9t\u00e9 2012<\/figcaption><\/figure>\n<\/div>\n\n\n<p>La juxtaposition \u00ab\u00a0avant-apr\u00e8s\u00a0\u00bb est toujours fascinante, la fugacit\u00e9 s&rsquo;inscrit ici dans le long terme. Joakim Koester participera \u00e0 la prochaine exposition du <a href=\"http:\/\/palaisdetokyo.com\/fr\/joachim-koester\" target=\"_blank\" rel=\"noopener\">Palais de Tokyo<\/a>, les D\u00e9rives de l&rsquo;imaginaire, l&rsquo;occasion de continuer \u00e0 d\u00e9couvrir son travail&#8230;<\/p>\n\n\n\n<p>Mais mon v\u00e9ritable coup de coeur a lieu \u00e0 la m\u00e9diath\u00e8que Benjamin Rabier devant les oeuvres de Laura Henno.<\/p>\n\n\n<div class=\"wp-block-image\">\n<figure class=\"aligncenter size-medium\"><a href=\"https:\/\/lafilledecorinthe.com\/wordpress\/wp-content\/uploads\/2012\/08\/P1050268.jpg\"><img loading=\"lazy\" decoding=\"async\" width=\"680\" height=\"510\" src=\"https:\/\/lafilledecorinthe.com\/wordpress\/wp-content\/uploads\/2012\/08\/P1050268-680x510.jpg\" alt=\"\" class=\"wp-image-1063\" srcset=\"https:\/\/lafilledecorinthe.com\/wordpress\/wp-content\/uploads\/2012\/08\/P1050268-680x510.jpg 680w, https:\/\/lafilledecorinthe.com\/wordpress\/wp-content\/uploads\/2012\/08\/P1050268-400x300.jpg 400w, https:\/\/lafilledecorinthe.com\/wordpress\/wp-content\/uploads\/2012\/08\/P1050268.jpg 800w\" sizes=\"auto, (max-width: 680px) 100vw, 680px\" \/><\/a><figcaption class=\"wp-element-caption\">Exposition Laura Henno, m\u00e9diath\u00e8que\/artoth\u00e8que de la Roche-sur-Yon, \u00e9t\u00e9 2012<\/figcaption><\/figure>\n<\/div>\n\n\n<p>On est troubl\u00e9 face \u00e0 ces corps tout juste sortis de l&rsquo;enfance, leur pr\u00e9sence pleine de myst\u00e8re est d&rsquo;une grande intensit\u00e9, fiction ou r\u00e9alit\u00e9 ? Est-on au cin\u00e9ma devant la petite soeur de Mona jou\u00e9e par Sandrine Bonnaire dans \u00ab\u00a0Sans toit ni loi\u00a0\u00bb? Est-on face au travail d&rsquo;une photo-journaliste ? Laura Henno brouille \u00e0 dessein nos rep\u00e8res en d\u00e9calant les liens attendus entre le fond et la forme. L&rsquo;utilisation de la lumi\u00e8re favorisant un effet \u00ab\u00a0entre chien et loup\u00a0\u00bb renforce notre incertitude. Cette exposition \u00ab\u00a0Summer Crossing\u00a0\u00bb r\u00e9alise un tour de France depuis 3 ans, il s&rsquo;ach\u00e8vera \u00e0 la fin de l&rsquo;ann\u00e9e dans 3 lieux diff\u00e9rents, le CRP de Douchy-les-Mines, la Galerie Municipale du Rutebeuf \u00e0 Clichy et la Galerie Les filles du calvaire. Le <a href=\"http:\/\/www.fillesducalvaire.com\/press\/6\/43-1.pdf\">dossier de presse<\/a> de l&rsquo;\u00e9v\u00e8nement comporte un interview de l&rsquo;artiste tr\u00e8s \u00e9clairant mais je vous conseille de le lire apr\u00e8s la d\u00e9couverte des images !<br>L&rsquo;exposition de Laura Henno est l&rsquo;occasion d&rsquo;explorer la m\u00e9diath\u00e8que, le d\u00e9partement \u00ab\u00a0art-cin\u00e9ma\u00a0\u00bb consacr\u00e9 \u00e0 l&rsquo;image me laisse sans voix ! Heureux habitants de la Roche-sur-Yon, outre une biblioth\u00e8que d&rsquo;art et une vid\u00e9oth\u00e8que, ils ont acc\u00e8s \u00e0 une <a href=\"http:\/\/www.artotheques-adra.com\/la_roche_s_yon.php\" target=\"_blank\" rel=\"noopener\">artoth\u00e8que<\/a> qui leur permet d&#8217;emprunter des oeuvres originales ; estampes, oeuvres uniques sur papier et photographies&#8230; J&rsquo;en r\u00eave !<\/p>\n\n\n\n<p>NANTES<\/p>\n\n\n\n<p>Les vacances touchent \u00e0 leur fin, invit\u00e9e \u00e0 Noirmoutier, je m&rsquo;offre une petite prolongation tr\u00e8s agr\u00e9able, je foule avec plaisir les plages si ch\u00e8res \u00e0 Agn\u00e8s Varda et je ne r\u00e9siste pas \u00e0 l&rsquo;invitation d'\u00a0\u00bb<a href=\"http:\/\/www.levoyageanantes.fr\/fr\/\">Un voyage \u00e0 Nantes<\/a>\u00ab\u00a0.<\/p>\n\n\n<div class=\"wp-block-image\">\n<figure class=\"aligncenter size-medium\"><a href=\"https:\/\/lafilledecorinthe.com\/wordpress\/wp-content\/uploads\/2012\/08\/P1050453.jpg\"><img loading=\"lazy\" decoding=\"async\" width=\"680\" height=\"510\" src=\"https:\/\/lafilledecorinthe.com\/wordpress\/wp-content\/uploads\/2012\/08\/P1050453-680x510.jpg\" alt=\"\" class=\"wp-image-1084\" srcset=\"https:\/\/lafilledecorinthe.com\/wordpress\/wp-content\/uploads\/2012\/08\/P1050453-680x510.jpg 680w, https:\/\/lafilledecorinthe.com\/wordpress\/wp-content\/uploads\/2012\/08\/P1050453-400x300.jpg 400w, https:\/\/lafilledecorinthe.com\/wordpress\/wp-content\/uploads\/2012\/08\/P1050453.jpg 800w\" sizes=\"auto, (max-width: 680px) 100vw, 680px\" \/><\/a><figcaption class=\"wp-element-caption\">\u00ab\u00a0La plage de Barbara\u00a0\u00bb, Noirmoutier, \u00e9t\u00e9 2012<\/figcaption><\/figure>\n<\/div>\n\n\n<p>L&rsquo;installation d&rsquo;Agn\u00e8s Varda \u00ab\u00a0Des chambres en ville et des t\u00e9l\u00e9viseurs\u00a0\u00bb est en deux parties. La premi\u00e8re, la \u00ab\u00a0boutique des t\u00e9l\u00e9viseurs\u00a0\u00bb, \u00e9voque le d\u00e9cor de la boutique tenue par Michel Piccoli dans Une chambre en ville. La s\u00e9lection des films qui passent en boucle sur des t\u00e9l\u00e9viseurs d&rsquo;\u00e9poques vari\u00e9es ne provoque pas grand chose en moi. Sympa mais sans plus ! J&rsquo;ai juste \u00e0 nouveau l&rsquo;envie tr\u00e8s forte de r\u00e9ouvrir mon coffret DVD Jacques Demy pour revoir le film.<\/p>\n\n\n<div class=\"wp-block-image\">\n<figure class=\"aligncenter size-medium\"><a href=\"https:\/\/lafilledecorinthe.com\/wordpress\/wp-content\/uploads\/2012\/08\/P1050440.jpg\"><img loading=\"lazy\" decoding=\"async\" width=\"680\" height=\"510\" src=\"https:\/\/lafilledecorinthe.com\/wordpress\/wp-content\/uploads\/2012\/08\/P1050440-680x510.jpg\" alt=\"\" class=\"wp-image-1087\" srcset=\"https:\/\/lafilledecorinthe.com\/wordpress\/wp-content\/uploads\/2012\/08\/P1050440-680x510.jpg 680w, https:\/\/lafilledecorinthe.com\/wordpress\/wp-content\/uploads\/2012\/08\/P1050440-400x300.jpg 400w, https:\/\/lafilledecorinthe.com\/wordpress\/wp-content\/uploads\/2012\/08\/P1050440.jpg 800w\" sizes=\"auto, (max-width: 680px) 100vw, 680px\" \/><\/a><figcaption class=\"wp-element-caption\">\u00ab\u00a0Boutique des t\u00e9l\u00e9viseurs\u00a0\u00bb Agn\u00e8s Varda, Le voyage \u00e0 Nantes, \u00e9t\u00e9 2012<\/figcaption><\/figure>\n<\/div>\n\n\n<p>Il faut sortir du Passage Pommeraye pour acc\u00e9der \u00e0 la deuxi\u00e8me partie \u00ab\u00a0La chambre occup\u00e9e\u00a0\u00bb ( paroles de squatteurs) et l\u00e0, c&rsquo;est tout autre chose ! Nous p\u00e9n\u00e9trons par petits groupes dans un immeuble d\u00e9saffect\u00e9 au 14 rue Santeuil, nous grimpons jusqu&rsquo;au deuxi\u00e8me \u00e9tage pour p\u00e9n\u00e9trer dans un appartement ouvert qui \u00e9voque un squat. Dans la pi\u00e8ce principale, un four \u00e0 micro-ondes, un matelas et un po\u00eale symbolisent trois besoins essentiels ; manger, dormir, avoir chaud. Trois vid\u00e9os sont ins\u00e9r\u00e9es dans ces objets, Agn\u00e8s Varda donne la parole \u00e0 des squatters qui partagent avec nous leurs difficult\u00e9s et leurs d\u00e9brouillardises. Assis sur des grosses malles en fer, nous accueillons dans un silence attentif leurs voix.<\/p>\n\n\n<div class=\"wp-block-image\">\n<figure class=\"aligncenter size-medium\"><a href=\"https:\/\/lafilledecorinthe.com\/wordpress\/wp-content\/uploads\/2012\/08\/P1050447.jpg\"><img loading=\"lazy\" decoding=\"async\" width=\"680\" height=\"510\" src=\"https:\/\/lafilledecorinthe.com\/wordpress\/wp-content\/uploads\/2012\/08\/P1050447-680x510.jpg\" alt=\"\" class=\"wp-image-1088\" srcset=\"https:\/\/lafilledecorinthe.com\/wordpress\/wp-content\/uploads\/2012\/08\/P1050447-680x510.jpg 680w, https:\/\/lafilledecorinthe.com\/wordpress\/wp-content\/uploads\/2012\/08\/P1050447-400x300.jpg 400w, https:\/\/lafilledecorinthe.com\/wordpress\/wp-content\/uploads\/2012\/08\/P1050447.jpg 800w\" sizes=\"auto, (max-width: 680px) 100vw, 680px\" \/><\/a><figcaption class=\"wp-element-caption\">\u00ab\u00a0La chambre occup\u00e9e\u00a0\u00bb, Agn\u00e8s Varda, Le voyage \u00e0 Nantes 2012<\/figcaption><\/figure>\n<\/div>\n\n\n<p>En sortant, des articles de presse et des documents accroch\u00e9s au mur se superposent \u00e0 la vision, vue de haut, du Passage Pommeraye, \u00e9trange confrontation de la mis\u00e8re et de la consommation.<\/p>\n\n\n<div class=\"wp-block-image\">\n<figure class=\"aligncenter size-medium\"><a href=\"https:\/\/lafilledecorinthe.com\/wordpress\/wp-content\/uploads\/2012\/08\/P1050448.jpg\"><img loading=\"lazy\" decoding=\"async\" width=\"510\" height=\"680\" src=\"https:\/\/lafilledecorinthe.com\/wordpress\/wp-content\/uploads\/2012\/08\/P1050448-510x680.jpg\" alt=\"\" class=\"wp-image-1089\" srcset=\"https:\/\/lafilledecorinthe.com\/wordpress\/wp-content\/uploads\/2012\/08\/P1050448-510x680.jpg 510w, https:\/\/lafilledecorinthe.com\/wordpress\/wp-content\/uploads\/2012\/08\/P1050448-225x300.jpg 225w, https:\/\/lafilledecorinthe.com\/wordpress\/wp-content\/uploads\/2012\/08\/P1050448.jpg 600w\" sizes=\"auto, (max-width: 510px) 100vw, 510px\" \/><\/a><figcaption class=\"wp-element-caption\">Passage Pommeraye, \u00e9t\u00e9 2012<\/figcaption><\/figure>\n<\/div>\n\n\n<p>DOMAINE DE CHAMARANDE<\/p>\n\n\n\n<p>Cet \u00e9t\u00e9 aura associ\u00e9 \u00e9troitement les plaisirs li\u00e9s \u00e0 la nature et \u00e0 la culture. Pour f\u00eater mon retour, une petite visite au Domaine de Chamarande s&rsquo;impose ; envie de marcher, de pique-niquer et de se laisser surprendre par des oeuvres qui introduisent justement la nature dans l&rsquo;art. Il faut oser pousser la porte de l&rsquo;Orangerie pour p\u00e9n\u00e9trer dans une pi\u00e8ce sombre, deux immenses portraits se font face. Nous sommes invit\u00e9s par une guide fort sympathique \u00e0 nous approcher de l&rsquo;un d&rsquo;entre eux pour d\u00e9couvrir que l&rsquo;image est impressionn\u00e9e sur un semis d&rsquo;herbe. Les deux artistes anglais, <a href=\"http:\/\/www.ackroydandharvey.com\/face-to-face\/\" target=\"_blank\" rel=\"noopener\">Ackroyd et Harvey<\/a>, ont r\u00e9alis\u00e9 leur travail in situ, mettant \u00e0 l&rsquo;honneur deux employ\u00e9s du domaine ; la commissaire de l&rsquo;exposition et un agent du domaine, un autre face \u00e0 face \u00ab\u00a0culture-nature\u00a0\u00bb.<\/p>\n\n\n<div class=\"wp-block-image\">\n<figure class=\"aligncenter size-medium\"><a href=\"https:\/\/lafilledecorinthe.com\/wordpress\/wp-content\/uploads\/2012\/08\/P1050477.jpg\"><img loading=\"lazy\" decoding=\"async\" width=\"510\" height=\"680\" src=\"https:\/\/lafilledecorinthe.com\/wordpress\/wp-content\/uploads\/2012\/08\/P1050477-510x680.jpg\" alt=\"\" class=\"wp-image-1096\" srcset=\"https:\/\/lafilledecorinthe.com\/wordpress\/wp-content\/uploads\/2012\/08\/P1050477-510x680.jpg 510w, https:\/\/lafilledecorinthe.com\/wordpress\/wp-content\/uploads\/2012\/08\/P1050477-225x300.jpg 225w, https:\/\/lafilledecorinthe.com\/wordpress\/wp-content\/uploads\/2012\/08\/P1050477.jpg 600w\" sizes=\"auto, (max-width: 510px) 100vw, 510px\" \/><\/a><figcaption class=\"wp-element-caption\">\u00ab\u00a0Face to face\u00a0\u00bb Ackroyd et Harvey, Domaine de Chamarande, \u00e9t\u00e9 2012<\/figcaption><\/figure>\n<\/div>\n\n<div class=\"wp-block-image\">\n<figure class=\"aligncenter size-medium\"><a href=\"https:\/\/lafilledecorinthe.com\/wordpress\/wp-content\/uploads\/2012\/08\/P1050478.jpg\"><img loading=\"lazy\" decoding=\"async\" width=\"510\" height=\"680\" src=\"https:\/\/lafilledecorinthe.com\/wordpress\/wp-content\/uploads\/2012\/08\/P1050478-510x680.jpg\" alt=\"\" class=\"wp-image-1097\" srcset=\"https:\/\/lafilledecorinthe.com\/wordpress\/wp-content\/uploads\/2012\/08\/P1050478-510x680.jpg 510w, https:\/\/lafilledecorinthe.com\/wordpress\/wp-content\/uploads\/2012\/08\/P1050478-225x300.jpg 225w, https:\/\/lafilledecorinthe.com\/wordpress\/wp-content\/uploads\/2012\/08\/P1050478.jpg 600w\" sizes=\"auto, (max-width: 510px) 100vw, 510px\" \/><\/a><figcaption class=\"wp-element-caption\">\u00ab\u00a0Face to face\u00a0\u00bb Ackroyd et Harvey, Domaine de Chamarande, \u00e9t\u00e9 2012<\/figcaption><\/figure>\n<\/div>\n\n\n<p>L&rsquo;oeuvre est \u00e9ph\u00e9m\u00e8re, en perp\u00e9tuelle transformation, le vert d&rsquo;origine a s\u00e9ch\u00e9, rendant la r\u00e9v\u00e9lation des portraits encore plus \u00e9mouvante. Comment seront-ils le 30 septembre ?<\/p>\n","protected":false},"excerpt":{"rendered":"<p>Journal de bord des rencontres avec la photographie au cours de mon p\u00e9riple d&rsquo;\u00e9t\u00e9. Seule la premi\u00e8re \u00e9tape, Arles, \u00e9tait planifi\u00e9e. Les autres d\u00e9couvertes ont \u00e9t\u00e9 le fruit du hasard des lieux de vacances, de Nice \u00e0 la Roche-sur-Yon, de Nantes au Domaine de Chamarande. ARLES Apr\u00e8s le choc des photos sur les gitans de&#8230;<\/p>\n","protected":false},"author":2,"featured_media":15400,"comment_status":"open","ping_status":"open","sticky":false,"template":"","format":"standard","meta":{"_kad_post_transparent":"","_kad_post_title":"","_kad_post_layout":"","_kad_post_sidebar_id":"","_kad_post_content_style":"","_kad_post_vertical_padding":"","_kad_post_feature":"","_kad_post_feature_position":"","_kad_post_header":false,"_kad_post_footer":false,"_kad_post_classname":"","footnotes":""},"categories":[6,13],"tags":[160,157,144,150,158,159,148,141,153,140,149,155,139,154,156,152,151,143,142,145,147,146],"class_list":["post-998","post","type-post","status-publish","format-standard","has-post-thumbnail","hentry","category-blog","category-sorties-culturelles","tag-ackroyd-et-harvey","tag-agnes-varda","tag-aveugles","tag-cosa-mentale","tag-des-chambres-en-ville-et-des-televiseurs","tag-domaine-de-chamarande","tag-georges-rousse","tag-jean-pierre-montier","tag-joachim-koester","tag-koudelka","tag-la-roche-sur-yon","tag-laura-henno","tag-les-rencontres-darles","tag-mediatheque-benjamin-rabier","tag-nantes","tag-paola-di-pietri","tag-paysages","tag-pour-la-derniere-et-la-premiere-fois","tag-sophie-calle","tag-stenope-nice","tag-stephane-couturier","tag-theatre-de-la-photographie-et-de-limage"],"_links":{"self":[{"href":"https:\/\/lafilledecorinthe.com\/wordpress\/wp-json\/wp\/v2\/posts\/998","targetHints":{"allow":["GET"]}}],"collection":[{"href":"https:\/\/lafilledecorinthe.com\/wordpress\/wp-json\/wp\/v2\/posts"}],"about":[{"href":"https:\/\/lafilledecorinthe.com\/wordpress\/wp-json\/wp\/v2\/types\/post"}],"author":[{"embeddable":true,"href":"https:\/\/lafilledecorinthe.com\/wordpress\/wp-json\/wp\/v2\/users\/2"}],"replies":[{"embeddable":true,"href":"https:\/\/lafilledecorinthe.com\/wordpress\/wp-json\/wp\/v2\/comments?post=998"}],"version-history":[{"count":96,"href":"https:\/\/lafilledecorinthe.com\/wordpress\/wp-json\/wp\/v2\/posts\/998\/revisions"}],"predecessor-version":[{"id":15405,"href":"https:\/\/lafilledecorinthe.com\/wordpress\/wp-json\/wp\/v2\/posts\/998\/revisions\/15405"}],"wp:featuredmedia":[{"embeddable":true,"href":"https:\/\/lafilledecorinthe.com\/wordpress\/wp-json\/wp\/v2\/media\/15400"}],"wp:attachment":[{"href":"https:\/\/lafilledecorinthe.com\/wordpress\/wp-json\/wp\/v2\/media?parent=998"}],"wp:term":[{"taxonomy":"category","embeddable":true,"href":"https:\/\/lafilledecorinthe.com\/wordpress\/wp-json\/wp\/v2\/categories?post=998"},{"taxonomy":"post_tag","embeddable":true,"href":"https:\/\/lafilledecorinthe.com\/wordpress\/wp-json\/wp\/v2\/tags?post=998"}],"curies":[{"name":"wp","href":"https:\/\/api.w.org\/{rel}","templated":true}]}}