{"id":9954,"date":"2020-02-18T10:15:18","date_gmt":"2020-02-18T09:15:18","guid":{"rendered":"http:\/\/lafilledecorinthe.com\/wordpress\/?p=9954"},"modified":"2025-12-04T21:41:50","modified_gmt":"2025-12-04T20:41:50","slug":"lhomme-qui-plantait-les-arbres-ecole-et-cinema-79","status":"publish","type":"post","link":"https:\/\/lafilledecorinthe.com\/wordpress\/2020\/02\/lhomme-qui-plantait-les-arbres-ecole-et-cinema-79\/","title":{"rendered":"\u00ab\u00a0L&rsquo;homme qui plantait les arbres\u00a0\u00bb Ecole et Cin\u00e9ma 79"},"content":{"rendered":"\n<p><em>\u00ab\u00a0Je me demande si le rapport premier aux arbres n&rsquo;est pas d&rsquo;abord esth\u00e9tique, avant m\u00eame d&rsquo;\u00eatre scientifique. Quand on rencontre un bel arbre, c&rsquo;est tout simplement extraordinaire.\u00a0\u00bb<\/em>&nbsp; &nbsp; &nbsp; &nbsp; &nbsp; &nbsp; &nbsp; &nbsp; &nbsp; &nbsp;Francis Hall\u00e9, exposition<a href=\"https:\/\/www.fondationcartier.com\/expositions\/nous-les-arbres\" target=\"_blank\" rel=\"noopener\"><em> Nous les arbres<\/em><\/a>, Fondation Cartier pour l&rsquo;Art contemporain<\/p>\n\n\n\n<p><strong>Conf\u00e9rence :<\/strong><br><em>Crac !<\/em>, Fr\u00e9d\u00e9ric Back, 1981<br><em>L&rsquo;homme qui plantait des arbres<\/em>, Fr\u00e9d\u00e9ric Back, 1987<br>Cin\u00e9ma de la Cr\u00e8che (79)<br>Mercredi 19 f\u00e9vrier 2020<\/p>\n\n\n\n<p><strong>\u00c0 t\u00e9l\u00e9charger :&nbsp; &nbsp;<a href=\"https:\/\/lafilledecorinthe.com\/wordpress\/wp-content\/uploads\/2020\/02\/Bibliographie-filmographie.pdf\">Bibliographie-filmographie<\/a><\/strong><\/p>\n\n\n<div class=\"wp-block-image\">\n<figure class=\"aligncenter\"><a href=\"https:\/\/lafilledecorinthe.com\/wordpress\/wp-content\/uploads\/2020\/02\/1.jpeg\"><img loading=\"lazy\" decoding=\"async\" width=\"1498\" height=\"1142\" src=\"https:\/\/lafilledecorinthe.com\/wordpress\/wp-content\/uploads\/2020\/02\/1.jpeg\" alt=\"1\" class=\"wp-image-10422\" srcset=\"https:\/\/lafilledecorinthe.com\/wordpress\/wp-content\/uploads\/2020\/02\/1.jpeg 1498w, https:\/\/lafilledecorinthe.com\/wordpress\/wp-content\/uploads\/2020\/02\/1-680x518.jpeg 680w, https:\/\/lafilledecorinthe.com\/wordpress\/wp-content\/uploads\/2020\/02\/1-1280x976.jpeg 1280w, https:\/\/lafilledecorinthe.com\/wordpress\/wp-content\/uploads\/2020\/02\/1-394x300.jpeg 394w\" sizes=\"auto, (max-width: 1498px) 100vw, 1498px\" \/><\/a><figcaption class=\"wp-element-caption\">Crac !<\/figcaption><\/figure>\n<\/div>\n\n\n<p><a href=\"https:\/\/lafilledecorinthe.com\/wordpress\/wp-content\/uploads\/2020\/02\/La-vie-de-famille-.pdf\">La vie de famille<\/a>,&nbsp;<a href=\"https:\/\/lafilledecorinthe.com\/wordpress\/wp-content\/uploads\/2020\/02\/Les-moyens-de-locomotion-.pdf\">Les moyens de locomotion<\/a>,&nbsp;<a href=\"https:\/\/lafilledecorinthe.com\/wordpress\/wp-content\/uploads\/2020\/02\/Les-chansons-et-musiques-traditionnelles-.pdf\">Les chansons et musiques traditionnelles<\/a>,&nbsp;<a href=\"https:\/\/lafilledecorinthe.com\/wordpress\/wp-content\/uploads\/2020\/02\/Les-peintres-que\u0301be\u0301cois-.pdf\">Les peintres que\u0301be\u0301cois<\/a>,&nbsp;<a href=\"https:\/\/lafilledecorinthe.com\/wordpress\/wp-content\/uploads\/2020\/02\/Imaginaire-autour-dune-chaise.pdf\">Imaginaire autour d&rsquo;une chaise<\/a><\/p>\n\n\n<div class=\"wp-block-image\">\n<figure class=\"aligncenter\"><a href=\"https:\/\/lafilledecorinthe.com\/wordpress\/wp-content\/uploads\/2020\/02\/che\u0302ne.png\"><img loading=\"lazy\" decoding=\"async\" width=\"1494\" height=\"1142\" src=\"https:\/\/lafilledecorinthe.com\/wordpress\/wp-content\/uploads\/2020\/02\/che\u0302ne.png\" alt=\"che\u0302ne\" class=\"wp-image-10429\" srcset=\"https:\/\/lafilledecorinthe.com\/wordpress\/wp-content\/uploads\/2020\/02\/che\u0302ne.png 1494w, https:\/\/lafilledecorinthe.com\/wordpress\/wp-content\/uploads\/2020\/02\/che\u0302ne-680x520.png 680w, https:\/\/lafilledecorinthe.com\/wordpress\/wp-content\/uploads\/2020\/02\/che\u0302ne-1280x978.png 1280w, https:\/\/lafilledecorinthe.com\/wordpress\/wp-content\/uploads\/2020\/02\/che\u0302ne-392x300.png 392w\" sizes=\"auto, (max-width: 1494px) 100vw, 1494px\" \/><\/a><figcaption class=\"wp-element-caption\">L&rsquo;homme qui plantait des arbres<\/figcaption><\/figure>\n<\/div>\n\n\n<p><a href=\"https:\/\/lafilledecorinthe.com\/wordpress\/wp-content\/uploads\/2020\/02\/Me\u0301tamorphose-d\u2019un-homme-Elze\u0301ard-Bouffier.pdf\">Me\u0301tamorphose d\u2019un homme, Elze\u0301ard Bouffier<\/a>,&nbsp;<a href=\"https:\/\/lafilledecorinthe.com\/wordpress\/wp-content\/uploads\/2020\/02\/Me\u0301tamorphose-d\u2019un-paysage-.pdf\">Me\u0301tamorphose d\u2019un paysage<\/a>,&nbsp;<a href=\"https:\/\/lafilledecorinthe.com\/wordpress\/wp-content\/uploads\/2020\/02\/Des-essences-d\u2019arbres-\u2026-.pdf\">Des essences d\u2019arbres \u2026<\/a>,&nbsp;<a href=\"https:\/\/lafilledecorinthe.com\/wordpress\/wp-content\/uploads\/2020\/02\/Textes-de-Giono-.pdf\">Textes de Giono<\/a>,&nbsp;<a href=\"https:\/\/lafilledecorinthe.com\/wordpress\/wp-content\/uploads\/2020\/02\/Me\u0301tamorphose-d\u2019un-paysage-2.pdf\">Me\u0301tamorphose d\u2019un paysage (2)<\/a><\/p>\n\n\n\n<figure class=\"wp-block-embed is-type-video is-provider-youtube wp-block-embed-youtube wp-embed-aspect-16-9 wp-has-aspect-ratio\"><div class=\"wp-block-embed__wrapper\">\n<iframe loading=\"lazy\" title=\"Fabrice Hyber \u2013 Web-s\u00e9rie \u00ab Nous les Arbres \u00bb \/ \u00c9pisode 4\/5\" width=\"720\" height=\"405\" src=\"https:\/\/www.youtube.com\/embed\/1mYjGhdiq94?feature=oembed\" frameborder=\"0\" allow=\"accelerometer; autoplay; clipboard-write; encrypted-media; gyroscope; picture-in-picture; web-share\" referrerpolicy=\"strict-origin-when-cross-origin\" allowfullscreen><\/iframe>\n<\/div><\/figure>\n\n\n\n<p>D&rsquo;autres liens <a title=\"\u00ab&nbsp;L\u2019homme qui plantait des arbres&nbsp;\u00bb, Enfances au cin\u00e9ma\" href=\"https:\/\/lafilledecorinthe.com\/wordpress\/2018\/12\/lhomme-qui-plantait-des-arbres-enfances-au-cinema\/\">ici<\/a>&nbsp;!<\/p>\n","protected":false},"excerpt":{"rendered":"<p>\u00ab\u00a0Je me demande si le rapport premier aux arbres n&rsquo;est pas d&rsquo;abord esth\u00e9tique, avant m\u00eame d&rsquo;\u00eatre scientifique. Quand on rencontre un bel arbre, c&rsquo;est tout simplement extraordinaire.\u00a0\u00bb&nbsp; &nbsp; &nbsp; &nbsp; &nbsp; &nbsp; &nbsp; &nbsp; &nbsp; &nbsp;Francis Hall\u00e9, exposition Nous les arbres, Fondation Cartier pour l&rsquo;Art contemporain Conf\u00e9rence :Crac !, Fr\u00e9d\u00e9ric Back, 1981L&rsquo;homme qui plantait des&#8230;<\/p>\n","protected":false},"author":2,"featured_media":10417,"comment_status":"open","ping_status":"open","sticky":false,"template":"","format":"standard","meta":{"_kad_post_transparent":"","_kad_post_title":"","_kad_post_layout":"","_kad_post_sidebar_id":"","_kad_post_content_style":"","_kad_post_vertical_padding":"","_kad_post_feature":"","_kad_post_feature_position":"","_kad_post_header":false,"_kad_post_footer":false,"_kad_post_classname":"","footnotes":""},"categories":[8],"tags":[1757,1176,1758,1968],"class_list":["post-9954","post","type-post","status-publish","format-standard","has-post-thumbnail","hentry","category-formations-adultes","tag-crac","tag-ecole-et-cinema-79","tag-frederic-back","tag-lhomme-qui-plantait-les-arbres"],"_links":{"self":[{"href":"https:\/\/lafilledecorinthe.com\/wordpress\/wp-json\/wp\/v2\/posts\/9954","targetHints":{"allow":["GET"]}}],"collection":[{"href":"https:\/\/lafilledecorinthe.com\/wordpress\/wp-json\/wp\/v2\/posts"}],"about":[{"href":"https:\/\/lafilledecorinthe.com\/wordpress\/wp-json\/wp\/v2\/types\/post"}],"author":[{"embeddable":true,"href":"https:\/\/lafilledecorinthe.com\/wordpress\/wp-json\/wp\/v2\/users\/2"}],"replies":[{"embeddable":true,"href":"https:\/\/lafilledecorinthe.com\/wordpress\/wp-json\/wp\/v2\/comments?post=9954"}],"version-history":[{"count":8,"href":"https:\/\/lafilledecorinthe.com\/wordpress\/wp-json\/wp\/v2\/posts\/9954\/revisions"}],"predecessor-version":[{"id":14666,"href":"https:\/\/lafilledecorinthe.com\/wordpress\/wp-json\/wp\/v2\/posts\/9954\/revisions\/14666"}],"wp:featuredmedia":[{"embeddable":true,"href":"https:\/\/lafilledecorinthe.com\/wordpress\/wp-json\/wp\/v2\/media\/10417"}],"wp:attachment":[{"href":"https:\/\/lafilledecorinthe.com\/wordpress\/wp-json\/wp\/v2\/media?parent=9954"}],"wp:term":[{"taxonomy":"category","embeddable":true,"href":"https:\/\/lafilledecorinthe.com\/wordpress\/wp-json\/wp\/v2\/categories?post=9954"},{"taxonomy":"post_tag","embeddable":true,"href":"https:\/\/lafilledecorinthe.com\/wordpress\/wp-json\/wp\/v2\/tags?post=9954"}],"curies":[{"name":"wp","href":"https:\/\/api.w.org\/{rel}","templated":true}]}}