{"id":9912,"date":"2019-10-07T12:59:35","date_gmt":"2019-10-07T11:59:35","guid":{"rendered":"http:\/\/lafilledecorinthe.com\/wordpress\/?p=9912"},"modified":"2025-12-04T14:26:27","modified_gmt":"2025-12-04T13:26:27","slug":"ecole-et-cinema-dans-la-haute-vienne","status":"publish","type":"post","link":"https:\/\/lafilledecorinthe.com\/wordpress\/2019\/10\/ecole-et-cinema-dans-la-haute-vienne\/","title":{"rendered":"\u00ab\u00a0Ecole et cin\u00e9ma \u00a0\u00bb dans la Haute-Vienne"},"content":{"rendered":"\n<p><\/p>\n\n\n\n<p><em>Le chant de la mer<\/em> de Tomm Moore, 2014<br><em>Cadet d&rsquo;eau douce<\/em> de&nbsp;Charles Reisner, 1928<br><em>Au del\u00e0 des apparences<\/em>, ces deux films sont reli\u00e9s par de nombreuses r\u00e9sonances. Ces&nbsp;liens, tiss\u00e9s entre une oeuvre du pass\u00e9 et une oeuvre contemporaine, enrichissent le regard port\u00e9 sur chacune d&rsquo;elles. Vive les parcours culturels !<\/p>\n\n\n\n<p>Deux parcours initiatiques en quatre images &#8230;<\/p>\n\n\n<div class=\"wp-block-image\">\n<figure class=\"aligncenter\"><img loading=\"lazy\" decoding=\"async\" width=\"1024\" height=\"768\" src=\"https:\/\/lafilledecorinthe.com\/wordpress\/wp-content\/uploads\/2019\/10\/Capture-d\u2019e\u0301cran-2019-10-10-a\u0300-08.14.26.png\" alt=\"Capture d\u2019e\u0301cran 2019-10-10 a\u0300 08.14.26\" class=\"wp-image-10035\" srcset=\"https:\/\/lafilledecorinthe.com\/wordpress\/wp-content\/uploads\/2019\/10\/Capture-d\u2019e\u0301cran-2019-10-10-a\u0300-08.14.26.png 1024w, https:\/\/lafilledecorinthe.com\/wordpress\/wp-content\/uploads\/2019\/10\/Capture-d\u2019e\u0301cran-2019-10-10-a\u0300-08.14.26-680x510.png 680w, https:\/\/lafilledecorinthe.com\/wordpress\/wp-content\/uploads\/2019\/10\/Capture-d\u2019e\u0301cran-2019-10-10-a\u0300-08.14.26-400x300.png 400w\" sizes=\"auto, (max-width: 1024px) 100vw, 1024px\" \/><\/figure>\n<\/div>\n\n\n<p><\/p>\n\n\n<div class=\"wp-block-image\">\n<figure class=\"aligncenter\"><a href=\"https:\/\/lafilledecorinthe.com\/wordpress\/wp-content\/uploads\/2019\/10\/Capture-d\u2019e\u0301cran-2019-10-10-a\u0300-08.14.32.png\"><img loading=\"lazy\" decoding=\"async\" width=\"1024\" height=\"768\" src=\"https:\/\/lafilledecorinthe.com\/wordpress\/wp-content\/uploads\/2019\/10\/Capture-d\u2019e\u0301cran-2019-10-10-a\u0300-08.14.32.png\" alt=\"Capture d\u2019e\u0301cran 2019-10-10 a\u0300 08.14.32\" class=\"wp-image-10036\" srcset=\"https:\/\/lafilledecorinthe.com\/wordpress\/wp-content\/uploads\/2019\/10\/Capture-d\u2019e\u0301cran-2019-10-10-a\u0300-08.14.32.png 1024w, https:\/\/lafilledecorinthe.com\/wordpress\/wp-content\/uploads\/2019\/10\/Capture-d\u2019e\u0301cran-2019-10-10-a\u0300-08.14.32-680x510.png 680w, https:\/\/lafilledecorinthe.com\/wordpress\/wp-content\/uploads\/2019\/10\/Capture-d\u2019e\u0301cran-2019-10-10-a\u0300-08.14.32-400x300.png 400w\" sizes=\"auto, (max-width: 1024px) 100vw, 1024px\" \/><\/a><\/figure>\n<\/div>\n\n\n<p><\/p>\n\n\n\n<p>Document \u00e0 t\u00e9l\u00e9charger :&nbsp;<a href=\"https:\/\/lafilledecorinthe.com\/wordpress\/wp-content\/uploads\/2019\/10\/Bibliographie-filmographie-.pdf\">Bibliographie-filmographie<\/a><\/p>\n\n\n<div class=\"wp-block-image\">\n<figure class=\"aligncenter\"><a href=\"https:\/\/lafilledecorinthe.com\/wordpress\/wp-content\/uploads\/2019\/10\/affiche-le-chant-de-la-mer-1.jpg\"><img loading=\"lazy\" decoding=\"async\" width=\"2838\" height=\"3783\" src=\"https:\/\/lafilledecorinthe.com\/wordpress\/wp-content\/uploads\/2019\/10\/affiche-le-chant-de-la-mer-1.jpg\" alt=\"affiche-le-chant-de-la-mer (1)\" class=\"wp-image-10010\" srcset=\"https:\/\/lafilledecorinthe.com\/wordpress\/wp-content\/uploads\/2019\/10\/affiche-le-chant-de-la-mer-1.jpg 2838w, https:\/\/lafilledecorinthe.com\/wordpress\/wp-content\/uploads\/2019\/10\/affiche-le-chant-de-la-mer-1-510x680.jpg 510w, https:\/\/lafilledecorinthe.com\/wordpress\/wp-content\/uploads\/2019\/10\/affiche-le-chant-de-la-mer-1-960x1280.jpg 960w, https:\/\/lafilledecorinthe.com\/wordpress\/wp-content\/uploads\/2019\/10\/affiche-le-chant-de-la-mer-1-225x300.jpg 225w\" sizes=\"auto, (max-width: 2838px) 100vw, 2838px\" \/><\/a><\/figure>\n<\/div>\n\n\n<p><\/p>\n\n\n\n<p>Documents \u00e0 t\u00e9l\u00e9charger :&nbsp;<a href=\"https:\/\/lafilledecorinthe.com\/wordpress\/wp-content\/uploads\/2019\/10\/Du-re\u0301el-a\u0300-l\u2019imaginaire-1.pdf\">Du re\u0301el a\u0300 l\u2019imaginaire 1<\/a>,&nbsp;<a href=\"https:\/\/lafilledecorinthe.com\/wordpress\/wp-content\/uploads\/2019\/10\/Du-re\u0301el-a\u0300-l\u2019imaginaire-2-.pdf\">Du re\u0301el a\u0300 l\u2019imaginaire 2<\/a>,&nbsp;<a href=\"https:\/\/lafilledecorinthe.com\/wordpress\/wp-content\/uploads\/2019\/10\/Les-personnages-.pdf\">Les personnages<\/a>,&nbsp;<a href=\"https:\/\/lafilledecorinthe.com\/wordpress\/wp-content\/uploads\/2019\/10\/Le-ge\u0301ant-Mac-Lir-et-les-origines-celtes-de-la-fe\u0302te-d\u2019Halloween-.pdf\">Le ge\u0301ant Mac Lir et les origines celtes de la fe\u0302te d\u2019Halloween<\/a>,&nbsp;<a href=\"https:\/\/lafilledecorinthe.com\/wordpress\/wp-content\/uploads\/2019\/10\/Les-e\u0301motions-1-.pdf\">Les e\u0301motions 1<\/a>,&nbsp;<a href=\"https:\/\/lafilledecorinthe.com\/wordpress\/wp-content\/uploads\/2019\/10\/Les-e\u0301motions-2.pdf\">Les e\u0301motions 2<\/a>,&nbsp;<a href=\"https:\/\/lafilledecorinthe.com\/wordpress\/wp-content\/uploads\/2019\/10\/chant1-.pdf\">chant1<\/a>,&nbsp;<a href=\"https:\/\/lafilledecorinthe.com\/wordpress\/wp-content\/uploads\/2019\/10\/Chant2-.pdf\">Chant2<\/a>,&nbsp;<a href=\"https:\/\/lafilledecorinthe.com\/wordpress\/wp-content\/uploads\/2019\/10\/L\u2019e\u0301chelle-des-plans-.pdf\">L\u2019e\u0301chelle des plans<\/a><\/p>\n\n\n\n<p>Le&nbsp;programme <a href=\"https:\/\/www.afca.asso.fr\/ressources\/repertoire-cinema-animation\/2962,Les-Mondes-imaginaires\" target=\"_blank\" rel=\"noopener\"><em>Les mondes imaginaires de Jean-Fran\u00e7ois Laguionie<\/em><\/a>&nbsp;permet de revoir au cin\u00e9ma&nbsp;7 courts m\u00e9trages de ce grand r\u00e9alisateur&nbsp;dont&nbsp;&nbsp;<i><a href=\"https:\/\/festival-larochelle.org\/fr\/festival-2019\/film\/potr-et-la-fille-des-eaux\" target=\"_blank\" rel=\"noopener\">Potr\u2019 et la fille des eaux<\/a>.<\/i><\/p>\n\n\n<div class=\"wp-block-image\">\n<figure class=\"aligncenter\"><a href=\"https:\/\/lafilledecorinthe.com\/wordpress\/wp-content\/uploads\/2019\/10\/Les-mondes-imaginaires.png\"><img loading=\"lazy\" decoding=\"async\" width=\"733\" height=\"732\" src=\"https:\/\/lafilledecorinthe.com\/wordpress\/wp-content\/uploads\/2019\/10\/Les-mondes-imaginaires.png\" alt=\"Les mondes imaginaires\" class=\"wp-image-10023\" srcset=\"https:\/\/lafilledecorinthe.com\/wordpress\/wp-content\/uploads\/2019\/10\/Les-mondes-imaginaires.png 733w, https:\/\/lafilledecorinthe.com\/wordpress\/wp-content\/uploads\/2019\/10\/Les-mondes-imaginaires-200x200.png 200w, https:\/\/lafilledecorinthe.com\/wordpress\/wp-content\/uploads\/2019\/10\/Les-mondes-imaginaires-680x680.png 680w, https:\/\/lafilledecorinthe.com\/wordpress\/wp-content\/uploads\/2019\/10\/Les-mondes-imaginaires-300x300.png 300w\" sizes=\"auto, (max-width: 733px) 100vw, 733px\" \/><\/a><\/figure>\n<\/div>\n\n\n<p><i>&nbsp;<\/i>Quelques images du prochain film de Tomm Moore <em>Wolfwalkers,&nbsp;<\/em>date de sortie inconnue<\/p>\n\n\n\n<figure class=\"wp-block-embed is-type-video is-provider-youtube wp-block-embed-youtube wp-embed-aspect-16-9 wp-has-aspect-ratio\"><div class=\"wp-block-embed__wrapper\">\n<iframe loading=\"lazy\" title=\"Cartoon Saloon&#039;s Wolfwalkers Behind-the-Scenes Trailer - Kilkenny, Ireland\" width=\"720\" height=\"405\" src=\"https:\/\/www.youtube.com\/embed\/_NW2QZJSglQ?feature=oembed\" frameborder=\"0\" allow=\"accelerometer; autoplay; clipboard-write; encrypted-media; gyroscope; picture-in-picture; web-share\" referrerpolicy=\"strict-origin-when-cross-origin\" allowfullscreen><\/iframe>\n<\/div><\/figure>\n\n\n\n<p>Une tr\u00e8s belle adaptation de la l\u00e9gende des selkies, pour les grands !<\/p>\n\n\n\n<figure class=\"wp-block-embed is-type-video is-provider-vimeo wp-block-embed-vimeo wp-embed-aspect-16-9 wp-has-aspect-ratio\"><div class=\"wp-block-embed__wrapper\">\n<iframe loading=\"lazy\" title=\"Among The Black Waves\" src=\"https:\/\/player.vimeo.com\/video\/160769658?dnt=1&amp;app_id=122963\" width=\"720\" height=\"405\" frameborder=\"0\" allow=\"autoplay; fullscreen; picture-in-picture; clipboard-write; encrypted-media; web-share\" referrerpolicy=\"strict-origin-when-cross-origin\"><\/iframe>\n<\/div><\/figure>\n\n\n<div class=\"wp-block-image\">\n<figure class=\"aligncenter\"><a href=\"https:\/\/lafilledecorinthe.com\/wordpress\/wp-content\/uploads\/2019\/10\/affiche.jpg\"><img loading=\"lazy\" decoding=\"async\" width=\"720\" height=\"1015\" src=\"https:\/\/lafilledecorinthe.com\/wordpress\/wp-content\/uploads\/2019\/10\/affiche.jpg\" alt=\"affiche\" class=\"wp-image-10020\" srcset=\"https:\/\/lafilledecorinthe.com\/wordpress\/wp-content\/uploads\/2019\/10\/affiche.jpg 720w, https:\/\/lafilledecorinthe.com\/wordpress\/wp-content\/uploads\/2019\/10\/affiche-482x680.jpg 482w, https:\/\/lafilledecorinthe.com\/wordpress\/wp-content\/uploads\/2019\/10\/affiche-213x300.jpg 213w\" sizes=\"auto, (max-width: 720px) 100vw, 720px\" \/><\/a><\/figure>\n<\/div>\n\n\n<p>Documents \u00e0 t\u00e9l\u00e9charger :&nbsp;<a href=\"https:\/\/lafilledecorinthe.com\/wordpress\/wp-content\/uploads\/2019\/10\/les-personnages.pdf\">les personnages<\/a>,&nbsp;<a href=\"https:\/\/lafilledecorinthe.com\/wordpress\/wp-content\/uploads\/2019\/10\/Me\u0301tamorphose-.pdf\">Me\u0301tamorphose<\/a>,&nbsp;<a href=\"https:\/\/lafilledecorinthe.com\/wordpress\/wp-content\/uploads\/2019\/10\/La-se\u0301quence-aux-chapeaux-.pdf\">La se\u0301quence aux chapeaux<\/a>,&nbsp;<a href=\"https:\/\/lafilledecorinthe.com\/wordpress\/wp-content\/uploads\/2019\/10\/Adresse-et-maladresse-.pdf\">Adresse et maladresse<\/a>,&nbsp;<a href=\"https:\/\/lafilledecorinthe.com\/wordpress\/wp-content\/uploads\/2019\/10\/Un-pe\u0300re-expressif-.pdf\">Un pe\u0300re expressif<\/a>,&nbsp;<a href=\"https:\/\/lafilledecorinthe.com\/wordpress\/wp-content\/uploads\/2019\/10\/Les-e\u0301crits-.pdf\">Les e\u0301crits<\/a><\/p>\n\n\n\n<p>L&rsquo;art de la chute, dessin d&rsquo; Anastassia Elias dans&nbsp;<i>Buster Keaton, le m\u00e9cano du cin\u00e9ma<\/i>,&nbsp; &nbsp; &nbsp; &nbsp; d&rsquo; H\u00e9l\u00e8ne Deschamps, \u00c0 dos d\u2019\u00e2ne, 2016.<\/p>\n\n\n<div class=\"wp-block-image\">\n<figure class=\"aligncenter\"><a href=\"https:\/\/lafilledecorinthe.com\/wordpress\/wp-content\/uploads\/2019\/10\/chute.jpeg\"><img loading=\"lazy\" decoding=\"async\" width=\"547\" height=\"700\" src=\"https:\/\/lafilledecorinthe.com\/wordpress\/wp-content\/uploads\/2019\/10\/chute.jpeg\" alt=\"chute\" class=\"wp-image-10030\" srcset=\"https:\/\/lafilledecorinthe.com\/wordpress\/wp-content\/uploads\/2019\/10\/chute.jpeg 547w, https:\/\/lafilledecorinthe.com\/wordpress\/wp-content\/uploads\/2019\/10\/chute-531x680.jpeg 531w, https:\/\/lafilledecorinthe.com\/wordpress\/wp-content\/uploads\/2019\/10\/chute-234x300.jpeg 234w\" sizes=\"auto, (max-width: 547px) 100vw, 547px\" \/><\/a><\/figure>\n<\/div>\n\n\n<p><\/p>\n\n\n\n<p><a href=\"https:\/\/www.youtube.com\/watch?v=BBgghnQF6E4\">https:\/\/www.youtube.com\/watch?v=BBgghnQF6E4<\/a><\/p>\n","protected":false},"excerpt":{"rendered":"<p>Le chant de la mer de Tomm Moore, 2014Cadet d&rsquo;eau douce de&nbsp;Charles Reisner, 1928Au del\u00e0 des apparences, ces deux films sont reli\u00e9s par de nombreuses r\u00e9sonances. Ces&nbsp;liens, tiss\u00e9s entre une oeuvre du pass\u00e9 et une oeuvre contemporaine, enrichissent le regard port\u00e9 sur chacune d&rsquo;elles. Vive les parcours culturels ! Deux parcours initiatiques en quatre images&#8230;<\/p>\n","protected":false},"author":2,"featured_media":14566,"comment_status":"open","ping_status":"open","sticky":false,"template":"","format":"standard","meta":{"_kad_post_transparent":"","_kad_post_title":"","_kad_post_layout":"","_kad_post_sidebar_id":"","_kad_post_content_style":"","_kad_post_vertical_padding":"","_kad_post_feature":"","_kad_post_feature_position":"","_kad_post_header":false,"_kad_post_footer":false,"_kad_post_classname":"","footnotes":""},"categories":[8],"tags":[1876,1877],"class_list":["post-9912","post","type-post","status-publish","format-standard","has-post-thumbnail","hentry","category-formations-adultes","tag-steamboat-willie","tag-walt-disney"],"_links":{"self":[{"href":"https:\/\/lafilledecorinthe.com\/wordpress\/wp-json\/wp\/v2\/posts\/9912","targetHints":{"allow":["GET"]}}],"collection":[{"href":"https:\/\/lafilledecorinthe.com\/wordpress\/wp-json\/wp\/v2\/posts"}],"about":[{"href":"https:\/\/lafilledecorinthe.com\/wordpress\/wp-json\/wp\/v2\/types\/post"}],"author":[{"embeddable":true,"href":"https:\/\/lafilledecorinthe.com\/wordpress\/wp-json\/wp\/v2\/users\/2"}],"replies":[{"embeddable":true,"href":"https:\/\/lafilledecorinthe.com\/wordpress\/wp-json\/wp\/v2\/comments?post=9912"}],"version-history":[{"count":14,"href":"https:\/\/lafilledecorinthe.com\/wordpress\/wp-json\/wp\/v2\/posts\/9912\/revisions"}],"predecessor-version":[{"id":14565,"href":"https:\/\/lafilledecorinthe.com\/wordpress\/wp-json\/wp\/v2\/posts\/9912\/revisions\/14565"}],"wp:featuredmedia":[{"embeddable":true,"href":"https:\/\/lafilledecorinthe.com\/wordpress\/wp-json\/wp\/v2\/media\/14566"}],"wp:attachment":[{"href":"https:\/\/lafilledecorinthe.com\/wordpress\/wp-json\/wp\/v2\/media?parent=9912"}],"wp:term":[{"taxonomy":"category","embeddable":true,"href":"https:\/\/lafilledecorinthe.com\/wordpress\/wp-json\/wp\/v2\/categories?post=9912"},{"taxonomy":"post_tag","embeddable":true,"href":"https:\/\/lafilledecorinthe.com\/wordpress\/wp-json\/wp\/v2\/tags?post=9912"}],"curies":[{"name":"wp","href":"https:\/\/api.w.org\/{rel}","templated":true}]}}