{"id":9908,"date":"2019-09-25T12:18:27","date_gmt":"2019-09-25T11:18:27","guid":{"rendered":"http:\/\/lafilledecorinthe.com\/wordpress\/?p=9908"},"modified":"2025-12-09T13:13:44","modified_gmt":"2025-12-09T12:13:44","slug":"olesya-shchukina-illustratrice-et-cineaste-danimation","status":"publish","type":"post","link":"https:\/\/lafilledecorinthe.com\/wordpress\/2019\/09\/olesya-shchukina-illustratrice-et-cineaste-danimation\/","title":{"rendered":"Olesya Shchukina, illustratrice et cin\u00e9aste d&rsquo;animation"},"content":{"rendered":"\n<p><em>Il y a des films qui vous font une impression durable. Ce fut le cas du premier court m\u00e9trage professionnel r\u00e9alis\u00e9 par la talentueuse&nbsp;Olesya Shchukina, \u00ab\u00a0Le v\u00e9lo de l&rsquo;\u00e9l\u00e9phant\u00a0\u00bb. Comment ne pas \u00eatre touch\u00e9 par ce personnage&nbsp;\u00e0 l&rsquo;\u00e9nergie incroyable qui s&rsquo;enferme entre ses quatre murs lorsque l&rsquo;objet de tous ses d\u00e9sirs ne lui correspond pas ? Le nouveau programme&nbsp; &nbsp; \u00ab\u00a0Les animaux en folie\u00a0\u00bb pr\u00e9sent\u00e9&nbsp;lors du dernier festival \u00ab\u00a0Image par image\u00a0\u00bb\u00a0\u00bb du Val d&rsquo;Oise&nbsp;me donne l&rsquo;occasion de d\u00e9couvrir&nbsp;un nouveau court m\u00e9trage d&rsquo;Olesya Shchukina, \u00ab\u00a0La Luge\u00a0\u00bb. Minimaliste, il met en sc\u00e8ne un&nbsp;petit \u00e9cureuil&nbsp;qui nous transmet&nbsp;sa curiosit\u00e9 et son \u00e9lan face \u00e0 l&rsquo;inconnu. Il ne m&rsquo;en fallait pas plus pour avoir tr\u00e8s envie de rencontrer celle qui insuffle aussi bien la vie \u00e0 ses personnages de fiction.<\/em><\/p>\n\n\n\n<p><strong>Peux-tu te pr\u00e9senter en quelques mots ?<\/strong><\/p>\n\n\n\n<p>Je suis r\u00e9alisatrice et illustratrice, le plus souvent pour des projets \u00e0 destination des enfants.<\/p>\n\n\n\n<p><strong>&nbsp;Qu\u2019est-ce qui a \u00e9t\u00e9 le plus formateur pour toi dans ton enfance ?<\/strong><\/p>\n\n\n\n<p>J\u2019ai eu la chance que mes parents m\u2019emm\u00e8nent dans des mus\u00e9es tous les week-end.<span class=\"Apple-converted-space\">&nbsp; <\/span>J\u2019habitais \u00e0 Saint-P\u00e9tersbourg, j\u2019allais tr\u00e8s souvent \u00e0 l\u2019Hermitage. Je me sens chez moi dans les mus\u00e9es. Je pense que c\u2019est une des raisons de mon installation \u00e0 Paris, les occasions de voir des expositions ne manquent pas.<\/p>\n\n\n\n<p class=\"p1\"><strong><span class=\"s1\">Une image qui t\u2019accompagne \u2026<\/span><\/strong><\/p>\n\n\n\n<p class=\"p1\"><span class=\"s1\">Un paysage vide avec la mer. C\u2019est l\u00e0 o\u00f9 j\u2019ai grandi. J\u2019aime toujours les mers froides, pas pour me baigner mais pour me promener. C\u2019est ce qui me manque \u00e0 Paris, il n\u2019y a pas de mer. <\/span><\/p>\n\n\n<div class=\"wp-block-image\">\n<figure class=\"aligncenter\"><a href=\"https:\/\/lafilledecorinthe.com\/wordpress\/wp-content\/uploads\/2019\/09\/309.jpeg\"><img loading=\"lazy\" decoding=\"async\" width=\"810\" height=\"300\" src=\"https:\/\/lafilledecorinthe.com\/wordpress\/wp-content\/uploads\/2019\/09\/309.jpeg\" alt=\"309\" class=\"wp-image-9921\" srcset=\"https:\/\/lafilledecorinthe.com\/wordpress\/wp-content\/uploads\/2019\/09\/309.jpeg 810w, https:\/\/lafilledecorinthe.com\/wordpress\/wp-content\/uploads\/2019\/09\/309-680x252.jpeg 680w, https:\/\/lafilledecorinthe.com\/wordpress\/wp-content\/uploads\/2019\/09\/309-500x185.jpeg 500w\" sizes=\"auto, (max-width: 810px) 100vw, 810px\" \/><\/a><figcaption class=\"wp-element-caption\">http:\/\/femmesdanim.fr\/fiche\/54\/Shchukina-Olesya<\/figcaption><\/figure>\n<\/div>\n\n\n<p class=\"p1\"><strong><span class=\"s1\">Comment t\u2019es-tu int\u00e9ress\u00e9e au cin\u00e9ma d\u2019animation ?<\/span><\/strong><\/p>\n\n\n\n<p class=\"p1\"><span class=\"s1\">J\u2019ai toujours regard\u00e9 des courts m\u00e9trages d\u2019animation \u00e0 la t\u00e9l\u00e9vision. C\u2019est par mon petit fr\u00e8re que j\u2019ai eu envie d\u2019en faire. C\u2019est lui le premier qui a achet\u00e9 un logiciel pour faire des films d\u2019animation et moi je l\u2019aidais dans ses projets.<span class=\"Apple-converted-space\">&nbsp; <\/span>A 17 ans, je me suis cass\u00e9e la jambe lors d\u2019une s\u00e9ance de ski avec l\u2019\u00e9cole, j\u2019ai \u00e9t\u00e9 immobilis\u00e9e pendant deux mois \u00e0 la maison. Je m\u2019ennuyais ferme, je me suis mise \u00e0 faire des petites animations personnelles de quelques secondes. Au d\u00e9but je voulais \u00eatre architecte, je ne pensais pas qu\u2019on pouvait faire des \u00e9tudes dans le cin\u00e9ma d\u2019animation. Je me suis pr\u00e9sent\u00e9e \u00e0 l\u2019universit\u00e9 dans ces deux domaines. J\u2019ai \u00e9t\u00e9 prise dans le cin\u00e9ma. J\u2019avais utilis\u00e9 les petits films r\u00e9alis\u00e9s lors de mon immobilisation pour cr\u00e9er mon portfolio.<\/span><\/p>\n\n\n\n<p class=\"p1\"><strong><span class=\"s1\">Avant de parler de ta formation \u00e0 l\u2019universit\u00e9, j\u2019aimerais savoir quels sont les films qui ont marqu\u00e9 ton enfance.<\/span><\/strong><\/p>\n\n\n\n<p class=\"p1\">Les films sovi\u00e9tiques qui passaient \u00e0 la t\u00e9l\u00e9vision ; Les \u00e9pisodes de \u00ab&nbsp;Winnie l\u2019ourson&nbsp;\u00bb de Fiodor Khitruk, les adaptations du \u00ab&nbsp;Livre de la Jungle&nbsp;\u00bb par Roman Davydov. J\u2019aimais aussi les s\u00e9ries am\u00e9ricaines comme \u00ab&nbsp;Les Simpson&nbsp;\u00bb ou la s\u00e9rie japonaise \u00ab&nbsp;Sailor Moon&nbsp;\u00bb.<\/p>\n\n\n<div class=\"wp-block-image\">\n<figure class=\"aligncenter\"><a href=\"https:\/\/lafilledecorinthe.com\/wordpress\/wp-content\/uploads\/2019\/09\/Mowgli.jpg\"><img loading=\"lazy\" decoding=\"async\" width=\"353\" height=\"500\" src=\"https:\/\/lafilledecorinthe.com\/wordpress\/wp-content\/uploads\/2019\/09\/Mowgli.jpg\" alt=\"Mowgli\" class=\"wp-image-9922\" srcset=\"https:\/\/lafilledecorinthe.com\/wordpress\/wp-content\/uploads\/2019\/09\/Mowgli.jpg 353w, https:\/\/lafilledecorinthe.com\/wordpress\/wp-content\/uploads\/2019\/09\/Mowgli-212x300.jpg 212w\" sizes=\"auto, (max-width: 353px) 100vw, 353px\" \/><\/a><figcaption class=\"wp-element-caption\">Mowgli, Roman Davidov, 1973<\/figcaption><\/figure>\n<\/div>\n\n\n<p class=\"p1\"><strong><span class=\"s1\">Tu int\u00e8gres donc l\u2019universit\u00e9 du cin\u00e9ma et de la t\u00e9l\u00e9vision de Saint P\u00e9tersbourg en 2009, qu\u2019est-ce qui a \u00e9t\u00e9 important dans la formation que tu y as re\u00e7u ?<\/span><\/strong><\/p>\n\n\n\n<p class=\"p1\"><span class=\"s1\">J\u2019ai eu la chance d\u2019avoir de tr\u00e8s bons profs. Je pense aux deux r\u00e9alisateurs russes, Konstantin Bronzit et Dmitry Vysotsiy. Ce sont deux r\u00e9alisateurs exp\u00e9riment\u00e9s qui sont dans la pratique, ils ne sont pas seulement th\u00e9oriciens. Ils nous ont accompagn\u00e9s dans nos projets. Ils sont honn\u00eates, ils disent les choses quand \u00e7a ne va pas, ils ont un regard pointu, chaque d\u00e9tail compte.&nbsp;<\/span>J\u2019ai suivi aussi des cours de th\u00e9\u00e2tre avec la m\u00e9thode Stanislavsky. Nous travaillions \u00e0 partir d\u2019extraits de Tchekhov \u00e9tant \u00e0 tour de r\u00f4le metteur en sc\u00e8ne ou com\u00e9dien. J\u2019ai appris que l\u2019acting des personnages vient de l\u2019\u00e9motion. J\u2019ai eu aussi des cours sur l\u2019histoire du cin\u00e9ma. J\u2019ai regard\u00e9 beaucoup de films sur des cassettes VHS. Les conditions de projection n\u2019\u00e9taient pas superbes mais j\u2019ai \u00e9t\u00e9 marqu\u00e9e par des films comme \u00ab&nbsp;Les nuits de Cabiria&nbsp;\u00bb de Fellini,&nbsp;\u00ab&nbsp;Citizen Kane&nbsp;\u00bb d\u2019Orson Welles, \u00ab&nbsp;Le cabinet du docteur Caligari&nbsp;\u00bb de Robert Wiene. Les films muets de Chaplin et de Keaton ont \u00e9t\u00e9 aussi tr\u00e8s importants.<\/p>\n\n\n<div class=\"wp-block-image\">\n<figure class=\"aligncenter\"><a href=\"https:\/\/lafilledecorinthe.com\/wordpress\/wp-content\/uploads\/2019\/09\/nuits-de-cabiria.jpg\"><img loading=\"lazy\" decoding=\"async\" width=\"600\" height=\"445\" src=\"https:\/\/lafilledecorinthe.com\/wordpress\/wp-content\/uploads\/2019\/09\/nuits-de-cabiria.jpg\" alt=\"nuits-de-cabiria\" class=\"wp-image-9923\" srcset=\"https:\/\/lafilledecorinthe.com\/wordpress\/wp-content\/uploads\/2019\/09\/nuits-de-cabiria.jpg 600w, https:\/\/lafilledecorinthe.com\/wordpress\/wp-content\/uploads\/2019\/09\/nuits-de-cabiria-404x300.jpg 404w\" sizes=\"auto, (max-width: 600px) 100vw, 600px\" \/><\/a><figcaption class=\"wp-element-caption\">Giulietta Masina dans Les nuits de Cabiria\u00a0de Fellini, 1957<\/figcaption><\/figure>\n<\/div>\n\n\n<p class=\"p1\"><strong><span class=\"s1\">Sur ta cha\u00eene Vimeo on peut voir un de tes premiers film <i><a href=\"https:\/\/vimeo.com\/1041409\" target=\"_blank\" rel=\"noopener\">Bouillie de semoule<\/a>, tu peux nous en parler ?<\/i><\/span><\/strong><\/p>\n\n\n<div class=\"wp-block-image\">\n<figure class=\"aligncenter\"><a href=\"https:\/\/lafilledecorinthe.com\/wordpress\/wp-content\/uploads\/2019\/09\/Capture-d\u2019e\u0301cran-2019-09-24-a\u0300-13.40.41.png\"><img loading=\"lazy\" decoding=\"async\" width=\"1348\" height=\"950\" src=\"https:\/\/lafilledecorinthe.com\/wordpress\/wp-content\/uploads\/2019\/09\/Capture-d\u2019e\u0301cran-2019-09-24-a\u0300-13.40.41.png\" alt=\"Capture d\u2019e\u0301cran 2019-09-24 a\u0300 13.40.41\" class=\"wp-image-9924\" srcset=\"https:\/\/lafilledecorinthe.com\/wordpress\/wp-content\/uploads\/2019\/09\/Capture-d\u2019e\u0301cran-2019-09-24-a\u0300-13.40.41.png 1348w, https:\/\/lafilledecorinthe.com\/wordpress\/wp-content\/uploads\/2019\/09\/Capture-d\u2019e\u0301cran-2019-09-24-a\u0300-13.40.41-680x479.png 680w, https:\/\/lafilledecorinthe.com\/wordpress\/wp-content\/uploads\/2019\/09\/Capture-d\u2019e\u0301cran-2019-09-24-a\u0300-13.40.41-1280x902.png 1280w, https:\/\/lafilledecorinthe.com\/wordpress\/wp-content\/uploads\/2019\/09\/Capture-d\u2019e\u0301cran-2019-09-24-a\u0300-13.40.41-426x300.png 426w\" sizes=\"auto, (max-width: 1348px) 100vw, 1348px\" \/><\/a><figcaption class=\"wp-element-caption\">Mannaya kasha (bouillie de semoule), 2007<\/figcaption><\/figure>\n<\/div>\n\n\n<p class=\"p1\"><span class=\"s1\"><span class=\"Apple-converted-space\">&nbsp; <\/span>J\u2019ai fait ce film quand j\u2019\u00e9tais \u00e0 l\u2019universit\u00e9 mais sans en parler aux profs. Il faut dire qu\u2019\u00e0 l\u2019universit\u00e9 on n\u2019avait pas de lieu pour travailler nos projets. On faisait tout \u00e0 l\u2019ext\u00e9rieur et on montrait seulement l\u2019avanc\u00e9e de notre travail aux profs. L\u00e0, je n\u2019ai rien dit avant de montrer le film termin\u00e9. Il est plein de d\u00e9fauts mais j\u2019avais envie de suivre mes id\u00e9es sans interf\u00e9rence. Les profs m\u2019ont encourag\u00e9 quand ils l\u2019ont d\u00e9couvert. Il a \u00e9t\u00e9 s\u00e9lectionn\u00e9 au festival <em>Krok<\/em>. Cette participation a \u00e9t\u00e9 tr\u00e8s importante pour moi, j\u2019ai vu plein de courts m\u00e9trages qui m\u2019ont confirm\u00e9 que je voulais travailler dans ce domaine. J\u2019y ai surtout rencontr\u00e9 Benjamin Renner qui venait pr\u00e9senter son film de fin d\u2019\u00e9tude <em>La queue de la souris<\/em>. C\u2019est lui qui m\u2019a parl\u00e9 de l\u2019\u00e9cole de la Poudri\u00e8re.&nbsp;<\/span>Au final c\u2019est gr\u00e2ce \u00e0&nbsp;<em>Bouillie de semoule<\/em> que je suis l\u00e0 !<\/p>\n\n\n\n<p class=\"p1\"><strong><span class=\"s1\">Tu int\u00e8gres l\u2019\u00e9cole de la <a href=\"https:\/\/www.poudriere.eu\/fr\" target=\"_blank\" rel=\"noopener\">Poudri\u00e8re<\/a>&nbsp;<\/span>juste apr\u00e8s l\u2019universit\u00e9 ?<\/strong><\/p>\n\n\n\n<p class=\"p1\"><span class=\"s1\">Non, pendant un an, j\u2019ai travaill\u00e9 en freelance \u00e0 Saint-P\u00e9tersbourg dans le domaine de l\u2019illustration et de l\u2019animation. J\u2019ai d\u00e9pos\u00e9 un dossier \u00e0 la Poudri\u00e8re avec un portfolio et une lettre de motivation. J\u2019ai \u00e9t\u00e9 chanceuse, j\u2019ai \u00e9t\u00e9 prise. Les promos sont compos\u00e9es d\u2019une dizaine d\u2019\u00e9tudiants, deux promos se c\u00f4toient \u00e0 la Poudri\u00e8re. Nous sommes peu nombreux. La particularit\u00e9 de cette \u00e9cole est que la th\u00e9orie est au service de la pratique. Tous les profs sont des professionnels. Le travail en commun est essentiel, les portes ne sont jamais ferm\u00e9es, on regarde comment les copains travaillent, comment ils r\u00e9solvent des probl\u00e8mes que l\u2019on rencontre aussi. <\/span><\/p>\n\n\n\n<p class=\"p1\"><strong><span class=\"s1\">Des profs t\u2019ont marqu\u00e9e ?<\/span><\/strong><\/p>\n\n\n\n<p class=\"p1\"><span class=\"s1\">Oui, j\u2019aime beaucoup l\u2019univers graphique de Carles Porta, c\u2019est un illustrateur et animateur espagnol. Il a une approche douce, non envahissante. Il nous a accompagn\u00e9s pendant une semaine afin de r\u00e9aliser la bande annonce pour l\u2019\u00e9dition 2012 de <a href=\"%20https:\/\/vimeo.com\/43309624\" target=\"_blank\" rel=\"noopener\">Cartoon Movie<\/a>.<\/span><\/p>\n\n\n<div class=\"wp-block-image\">\n<figure class=\"aligncenter\"><a href=\"https:\/\/lafilledecorinthe.com\/wordpress\/wp-content\/uploads\/2019\/09\/se\u0301ance-de-travail-a\u0300-la-Poudrie\u0300reCarles-Porta-2012-.png\"><img loading=\"lazy\" decoding=\"async\" width=\"1012\" height=\"762\" src=\"https:\/\/lafilledecorinthe.com\/wordpress\/wp-content\/uploads\/2019\/09\/se\u0301ance-de-travail-a\u0300-la-Poudrie\u0300reCarles-Porta-2012-.png\" alt=\"se\u0301ance de travail a\u0300 la Poudrie\u0300re,Carles Porta, 2012\" class=\"wp-image-9925\" srcset=\"https:\/\/lafilledecorinthe.com\/wordpress\/wp-content\/uploads\/2019\/09\/se\u0301ance-de-travail-a\u0300-la-Poudrie\u0300reCarles-Porta-2012-.png 1012w, https:\/\/lafilledecorinthe.com\/wordpress\/wp-content\/uploads\/2019\/09\/se\u0301ance-de-travail-a\u0300-la-Poudrie\u0300reCarles-Porta-2012--680x512.png 680w, https:\/\/lafilledecorinthe.com\/wordpress\/wp-content\/uploads\/2019\/09\/se\u0301ance-de-travail-a\u0300-la-Poudrie\u0300reCarles-Porta-2012--398x300.png 398w\" sizes=\"auto, (max-width: 1012px) 100vw, 1012px\" \/><\/a><figcaption class=\"wp-element-caption\">Photo prise lors d\u2019une s\u00e9ance de travail avec Carles Porta, 2012<\/figcaption><\/figure>\n<\/div>\n\n\n<p>Nous avons aussi eu un atelier d\u2019une semaine avec Piotr Dumala, c\u2019est un r\u00e9alisateur et animateur polonais. Tous ces films sont diff\u00e9rents. On a travaill\u00e9 avec lui au banc titre. C\u2019est \u00e0 la Poudri\u00e8re que j\u2019ai commenc\u00e9 \u00e0 faire du papier d\u00e9coup\u00e9.<\/p>\n\n\n\n<p class=\"p1\"><strong><span class=\"s1\">Justement mis \u00e0 part <i>Bouillie de semoule<\/i> r\u00e9alis\u00e9 en pixilation, tes autres films sont r\u00e9alis\u00e9s en animation 2D num\u00e9rique ou avec la technique traditionnelle du papier d\u00e9coup\u00e9. Comment choisis-tu ta technique ?&nbsp;<\/span><\/strong><\/p>\n\n\n\n<p class=\"p1\"><span class=\"s1\">M\u00eame quand je travaille sur ordinateur, je traite mon image comme du papier d\u00e9coup\u00e9. C\u2019est une technique qui correspond au style de mes personnages. J\u2019anime bien les \u00e9l\u00e9ments plats et g\u00e9om\u00e9triques. J\u2019aime affronter les contraintes li\u00e9es \u00e0 cette technique. <\/span><\/p>\n\n\n\n<p class=\"p1\"><strong><span class=\"s1\">Tu peux nous en dire plus ?<\/span><\/strong><\/p>\n\n\n\n<p class=\"p1\"><span class=\"s1\"> Travailler \u00e0 plat ne permet pas de jouer avec la perspective. Par exemple, il est impossible de faire venir les personnages du fond de l\u2019image. On doit sans cesse inventer :<span class=\"Apple-converted-space\">&nbsp;<\/span>comment dire la m\u00eame chose mais diff\u00e9remment.<\/span><\/p>\n\n\n\n<p><strong>&nbsp;Tu as r\u00e9alis\u00e9 ton premier film professionnel, <i>Le v\u00e9lo de l\u2019\u00e9l\u00e9phant <\/i>avec les studios <i>Folimage<\/i>. Comment s\u2019est pass\u00e9 votre collaboration ?<\/strong><\/p>\n\n\n\n<p>Nous \u00e9tions voisins. Je suis all\u00e9e d\u00e9poser un dossier avec le projet du film. Il cherchait \u00e0 ce moment des films pour composer un programme de courts m\u00e9trages \u00e0 destination des enfants,&nbsp;<em>Folim\u00f4mes<\/em>. A partir du synopsis et d\u2019un bout du storyboard, mon projet a \u00e9t\u00e9 accept\u00e9. A l\u2019origine, je n\u2019avais pas pens\u00e9 faire un film pour les enfants. L\u2019id\u00e9e de ce film vient de loin, je l\u2019avais en t\u00eate avant la Poudri\u00e8re. En Russie, je l\u2019aurais r\u00e9alis\u00e9 en animation 2D num\u00e9rique. C\u2019est apr\u00e8s la Poudri\u00e8re que j\u2019ai eu envie de le faire en papiers d\u00e9coup\u00e9s.<\/p>\n\n\n<div class=\"wp-block-image\">\n<figure class=\"aligncenter\"><a href=\"https:\/\/lafilledecorinthe.com\/wordpress\/wp-content\/uploads\/2019\/09\/papier-d\u00e9coup\u00e93.jpg\"><img loading=\"lazy\" decoding=\"async\" width=\"1694\" height=\"1154\" src=\"https:\/\/lafilledecorinthe.com\/wordpress\/wp-content\/uploads\/2019\/09\/papier-d\u00e9coup\u00e93.jpg\" alt=\"papier d\u00e9coup\u00e93\" class=\"wp-image-9929\" srcset=\"https:\/\/lafilledecorinthe.com\/wordpress\/wp-content\/uploads\/2019\/09\/papier-d\u00e9coup\u00e93.jpg 1694w, https:\/\/lafilledecorinthe.com\/wordpress\/wp-content\/uploads\/2019\/09\/papier-d\u00e9coup\u00e93-680x463.jpg 680w, https:\/\/lafilledecorinthe.com\/wordpress\/wp-content\/uploads\/2019\/09\/papier-d\u00e9coup\u00e93-1280x872.jpg 1280w, https:\/\/lafilledecorinthe.com\/wordpress\/wp-content\/uploads\/2019\/09\/papier-d\u00e9coup\u00e93-440x300.jpg 440w\" sizes=\"auto, (max-width: 1694px) 100vw, 1694px\" \/><\/a><figcaption class=\"wp-element-caption\">Photo du making-of du \u00ab\u00a0V\u00e9lo de l&rsquo;\u00e9l\u00e9phant\u00a0\u00bb<\/figcaption><\/figure>\n<\/div>\n\n\n<p class=\"p1\"><span class=\"s1\">C\u2019est tr\u00e8s agr\u00e9able de travailler avec du papier, c\u2019est tr\u00e8s tactile. Le r\u00e9alisateur russe,<span class=\"Apple-converted-space\">&nbsp;<\/span>Yuri Norstein, utilise cette technique mais \u00e7a ne se voit pas, on a l\u2019impression que c\u2019est du dessin anim\u00e9. Ma mani\u00e8re de travailler est plus visible. J\u2019aime quand le spectateur se rend compte que c\u2019est fictif mais qu\u2019il l\u2019oublie peu \u00e0 peu quand il entre dans l\u2019histoire. J\u2019aime aussi que chaque spectateur participe au film avec son imagination. L\u2019artiste lettone Signe Baumane qui a r\u00e9alis\u00e9 le film <em>Rocks in my pockets<\/em> m\u2019a dit apr\u00e8s avoir vu <em>Le v\u00e9lo de l\u2019\u00e9l\u00e9phant<\/em> que j\u2019avais r\u00e9ussi \u00e0 parler aux enfants de cette maladie grave qu\u2019est la d\u00e9pression.<\/span><\/p>\n\n\n<div class=\"wp-block-image\">\n<figure class=\"aligncenter\"><a href=\"https:\/\/lafilledecorinthe.com\/wordpress\/wp-content\/uploads\/2019\/09\/Caillou-dans-ma-poche.jpg\"><img loading=\"lazy\" decoding=\"async\" width=\"1638\" height=\"1000\" src=\"https:\/\/lafilledecorinthe.com\/wordpress\/wp-content\/uploads\/2019\/09\/Caillou-dans-ma-poche.jpg\" alt=\"Caillou dans ma poche\" class=\"wp-image-9930\" srcset=\"https:\/\/lafilledecorinthe.com\/wordpress\/wp-content\/uploads\/2019\/09\/Caillou-dans-ma-poche.jpg 1638w, https:\/\/lafilledecorinthe.com\/wordpress\/wp-content\/uploads\/2019\/09\/Caillou-dans-ma-poche-680x415.jpg 680w, https:\/\/lafilledecorinthe.com\/wordpress\/wp-content\/uploads\/2019\/09\/Caillou-dans-ma-poche-1280x781.jpg 1280w, https:\/\/lafilledecorinthe.com\/wordpress\/wp-content\/uploads\/2019\/09\/Caillou-dans-ma-poche-491x300.jpg 491w\" sizes=\"auto, (max-width: 1638px) 100vw, 1638px\" \/><\/a><figcaption class=\"wp-element-caption\">Rocks in my pockets, Signe Baumane, 2014<\/figcaption><\/figure>\n<\/div>\n\n\n<p class=\"p1\"><strong><span class=\"s1\">Et pour ton court m\u00e9trage<i> La luge <\/i>qui est pr\u00e9sent dans le programme <i>Les animaux en folie<\/i>&nbsp;?<\/span><\/strong><\/p>\n\n\n<div class=\"wp-block-image\">\n<figure class=\"aligncenter\"><a href=\"https:\/\/lafilledecorinthe.com\/wordpress\/wp-content\/uploads\/2019\/09\/SLED_02.jpg\"><img loading=\"lazy\" decoding=\"async\" width=\"3422\" height=\"2516\" src=\"https:\/\/lafilledecorinthe.com\/wordpress\/wp-content\/uploads\/2019\/09\/SLED_02.jpg\" alt=\"SLED_02\" class=\"wp-image-9931\" srcset=\"https:\/\/lafilledecorinthe.com\/wordpress\/wp-content\/uploads\/2019\/09\/SLED_02.jpg 3422w, https:\/\/lafilledecorinthe.com\/wordpress\/wp-content\/uploads\/2019\/09\/SLED_02-680x500.jpg 680w, https:\/\/lafilledecorinthe.com\/wordpress\/wp-content\/uploads\/2019\/09\/SLED_02-1280x941.jpg 1280w, https:\/\/lafilledecorinthe.com\/wordpress\/wp-content\/uploads\/2019\/09\/SLED_02-408x300.jpg 408w\" sizes=\"auto, (max-width: 3422px) 100vw, 3422px\" \/><\/a><\/figure>\n<\/div>\n\n\n<p class=\"p1\"><span class=\"s1\">Pour <em>la luge<\/em> c\u2019est un choix d\u00e9termin\u00e9 d\u2019utiliser l\u2019animation 2D num\u00e9rique. Tout est parti d\u2019une carte postale que j\u2019avais cr\u00e9\u00e9e auparavant. J\u2019aime, entre deux projets d\u2019animation, faire des illustrations. \u00c7a me repose, on a un r\u00e9sultat plus rapide. J\u2019aime aussi m\u2019exprimer avec une seule image.<\/span><\/p>\n\n\n\n<p>J\u2019avais cr\u00e9\u00e9 cette carte pour mes amis \u00e0 l\u2019occasion des f\u00eates de fin d\u2019ann\u00e9e. J\u2019ai utilis\u00e9 le Risographe pour la fabriquer. C\u2019est une machine qui&nbsp;permet une technique de reproduction par pochoir. Beaucoup d\u2019illustrateurs l\u2019utilisent. On imprime les couleurs les unes apr\u00e8s les autres. J\u2019ai travaill\u00e9 uniquement avec du bleu et du rouge. Le blanc est celui du papier, le noir est r\u00e9alis\u00e9 en m\u00e9langeant le bleu et le rouge. Le directeur artistique du studio russe Soyuzmultfilm a vu la carte sur ma page Facebook. Il connaissait<i> Le v\u00e9lo de l\u2019\u00e9l\u00e9phant,<\/i> il m\u2019a contact\u00e9 et m\u2019a demand\u00e9 de faire un film \u00e0 partir de cette image. J\u2019ai aim\u00e9 travailler sur cet univers minimaliste. Les id\u00e9es de mes sc\u00e9narios arrivent souvent comme \u00e7a : j\u2019ai une image en t\u00eate et j\u2019essaie de voir ce qu\u2019il y a avant et apr\u00e8s.<em>&nbsp;<\/em><span class=\"s1\"><i>La luge <\/i>s\u2019inscrit dans une collection qui existe depuis la fin des ann\u00e9es 60, Vesyolaya Karusel qu\u2019on peut traduire par&nbsp;<i>Le carrousel amusant. <\/i>Cette collection a \u00e9t\u00e9 cr\u00e9\u00e9e par Anatoly Petrov et Galina Barinova pour le studio Soyuzmultfilm. Elle met en valeur des courts m\u00e9trages exp\u00e9rimentaux de jeunes r\u00e9alisateurs.&nbsp;<\/span>Le film n\u2019a pas \u00e9t\u00e9 r\u00e9alis\u00e9 dans les murs du studio qui est \u00e0 Moscou, l\u2019essentiel de l\u2019animation a \u00e9t\u00e9 faite \u00e0 Paris par Chenghua Yang qui est une amie.<\/p>\n\n\n\n<p class=\"p1\"><strong><span class=\"s1\">Quelle importance donnes-tu \u00e0 la musique dans tes films ?<\/span><\/strong><\/p>\n\n\n\n<p class=\"p1\"><span class=\"s1\">Le son et en particulier la musique sont tr\u00e8s importants pour moi. C\u2019est ce que j\u2019ai le plus de mal \u00e0 g\u00e9rer dans mes films. C\u2019est un autre artiste qui intervient alors. Je ne peux pas \u00eatre autoritaire \u00e0 100 %, je dois le guider mais aussi lui laisser une marge de libert\u00e9.<span class=\"Apple-converted-space\">&nbsp; &nbsp; &nbsp; &nbsp; &nbsp; &nbsp; &nbsp; &nbsp; &nbsp;&nbsp;<\/span><a title=\"Yan Volsy, musicien, compositeur et concepteur sonore\u2026\" href=\"https:\/\/lafilledecorinthe.com\/wordpress\/2017\/06\/yan-volsy-musicien-compositeur-et-concepteur-sonore\/\">Yan Volsy<\/a>&nbsp;&nbsp;<\/span>intervient \u00e0 la Poudri\u00e8re. Il m\u2019a propos\u00e9 de faire la musique de mon premier court <em>Les talons rouges<\/em>.<\/p>\n\n\n\n<figure class=\"wp-block-embed is-type-video is-provider-vimeo wp-block-embed-vimeo wp-embed-aspect-16-9 wp-has-aspect-ratio\"><div class=\"wp-block-embed__wrapper\">\n<iframe loading=\"lazy\" title=\"Les talons rouges \/ The Red Heels (2011)\" src=\"https:\/\/player.vimeo.com\/video\/68922521?dnt=1&amp;app_id=122963\" width=\"720\" height=\"405\" frameborder=\"0\" allow=\"autoplay; fullscreen; picture-in-picture; clipboard-write; encrypted-media; web-share\" referrerpolicy=\"strict-origin-when-cross-origin\"><\/iframe>\n<\/div><\/figure>\n\n\n\n<p class=\"p1\"><span class=\"s1\">Nous avons aim\u00e9 travailler ensemble, et gr\u00e2ce \u00e0 cette premi\u00e8re collaboration, il m\u2019a accompagn\u00e9 sur <a href=\"https:\/\/vimeo.com\/111401450\" target=\"_blank\" rel=\"noopener\"><em>Mal de terre<\/em><\/a> et <em>Le v\u00e9lo de l\u2019\u00e9l\u00e9phant<\/em>. On a une bonne entente, Yann a une vision globale du film. Il comprend ce que je veux tout en me faisant des propositions. Pour lui comme pour moi, la musique n\u2019est pas une illustration, elle participe pleinement \u00e0 la dramaturgie.<\/span><\/p>\n\n\n\n<p class=\"p1\"><strong>Pour<i> La luge <\/i>tu as collabor\u00e9 avec le musicien Lev Slepner.<\/strong><\/p>\n\n\n\n<p class=\"p1\"><span class=\"s1\">Oui, c\u2019est moi qui l\u2019aie choisi. J\u2019adore les films qu\u2019il a fait avec&nbsp;<\/span><a title=\"Yulia Aronova, artiste et r\u00e9alisatrice\" href=\"https:\/\/lafilledecorinthe.com\/wordpress\/2017\/02\/yulia-aronova-artiste-et-realisatrice\/\" target=\"_blank\" rel=\"noopener\">Yulia<\/a>&nbsp;Aronova.&nbsp;Lorsque j\u2019ai compos\u00e9 l\u2019animatique, j\u2019avais en t\u00eate des r\u00e9f\u00e9rences musicales :<em> Pierre et le loup<\/em> de Prokofiev et une musique de Rachmaninov. Il m\u2019a propos\u00e9 une musique dans cet esprit. Lev ne travaille pas de la m\u00eame mani\u00e8re que Yann. Yann compose et montre une maquette avec la m\u00e9lodie et aussi les instruments en lien avec les images. Lev lui con\u00e7oit les m\u00e9lodies en \u00e9crivant une partition. Je lui ai fait confiance car ses propositions \u00e9taient abstraites pour moi.<span class=\"Apple-converted-space\">&nbsp; <\/span>La musique finale je l\u2019ai d\u00e9couverte quand c\u2019\u00e9tait enregistr\u00e9 et fini.<\/p>\n\n\n\n<p class=\"p1\"><strong><span class=\"s1\">Tu as aussi r\u00e9alis\u00e9 la bande annonce tr\u00e8s dynamique du festival \u00ab&nbsp;image par image&nbsp;\u00bb du Val d\u2019Oise.<\/span><\/strong><\/p>\n\n\n\n<p class=\"p1\">J\u2019aime bien les projets de commande. Tu peux tester des choses dans ce contexte et <a title=\"Yves Bouveret, d\u00e9l\u00e9gu\u00e9 g\u00e9n\u00e9ral d\u2019Ecrans VO\" href=\"https:\/\/lafilledecorinthe.com\/wordpress\/2013\/02\/yves-bouveret-delegue-general-decrans-vo\/\" target=\"_blank\" rel=\"noopener\">Yves Bouveret<\/a> m\u2019a donn\u00e9 carte blanche. Pour le montage dynamique j\u2019avais en t\u00eate des jeux vid\u00e9os comme <em>Mario<\/em> et aussi des s\u00e9ries t\u00e9l\u00e9vis\u00e9es. L\u2019id\u00e9e \u00e9tait de proposer un voyage en quelques secondes. Je suis partie de l\u2019image des trois montagnes qui chantent.<\/p>\n\n\n\n<figure class=\"wp-block-embed is-type-video is-provider-vimeo wp-block-embed-vimeo wp-embed-aspect-16-9 wp-has-aspect-ratio\"><div class=\"wp-block-embed__wrapper\">\n<iframe loading=\"lazy\" title=\"Image Par Image 2019 festival trailer\" src=\"https:\/\/player.vimeo.com\/video\/305799024?dnt=1&amp;app_id=122963\" width=\"720\" height=\"405\" frameborder=\"0\" allow=\"autoplay; fullscreen; picture-in-picture; clipboard-write; encrypted-media; web-share\" referrerpolicy=\"strict-origin-when-cross-origin\"><\/iframe>\n<\/div><\/figure>\n\n\n\n<p class=\"p1\"><span class=\"s1\">Yves m\u2019 a demand\u00e9 d\u2019ajouter un animal pour faire un lien avec le programme des <em>Animaux en folie<\/em>. J\u2019ai choisi le chat. C\u2019est pour moi comme un voyage \u00e0 travers la nuit pour que le matin puisse arriver.<\/span><\/p>\n\n\n\n<p class=\"p1\"><strong><span class=\"s1\">Tu travailles aussi pour des films qui ne sont pas les tiens\u2026Je pense \u00e0 <i>Ma vie de courgette<\/i> de Claude Barras ou la s\u00e9rie <i>Mirou, Mirou<\/i> de Haruna Kishi et Mathilde Maraninchi. Qu\u2019est-ce que ces collaborations t\u2019apportent ?<\/span><\/strong><\/p>\n\n\n\n<p class=\"p1\"><span class=\"s1\">J\u2019ai ador\u00e9 le trailer de <em>Ma vie de courgette<\/em> de Claude Barras. J\u2019avais envie de participer \u00e0 cette aventure. C\u00e9cile Milazzo qui a fait la Poudri\u00e8re un an avant moi a \u00e9t\u00e9 nomm\u00e9e responsable de la peinture et des d\u00e9cors. Elle m\u2019a propos\u00e9 de rentrer dans son \u00e9quipe. J\u2019ai \u00e9t\u00e9 sa petite main. Claude Barras m\u2019a aussi confi\u00e9 la r\u00e9alisation des dessins d\u2019enfants dont ceux de Courgette. J&rsquo;ai travaill\u00e9 alors comme illustrateur, j&rsquo;ai fait tous les posters que l\u2019on voit sur les murs, le tableau de<em> la m\u00e9t\u00e9o des enfants<\/em>, la typographie\u2026<\/span><\/p>\n\n\n<div class=\"wp-block-image\">\n<figure class=\"aligncenter\"><a href=\"https:\/\/lafilledecorinthe.com\/wordpress\/wp-content\/uploads\/2019\/09\/me\u0301te\u0301o.jpg\"><img loading=\"lazy\" decoding=\"async\" width=\"1280\" height=\"720\" src=\"https:\/\/lafilledecorinthe.com\/wordpress\/wp-content\/uploads\/2019\/09\/me\u0301te\u0301o.jpg\" alt=\"me\u0301te\u0301o\" class=\"wp-image-9933\" srcset=\"https:\/\/lafilledecorinthe.com\/wordpress\/wp-content\/uploads\/2019\/09\/me\u0301te\u0301o.jpg 1280w, https:\/\/lafilledecorinthe.com\/wordpress\/wp-content\/uploads\/2019\/09\/me\u0301te\u0301o-680x383.jpg 680w, https:\/\/lafilledecorinthe.com\/wordpress\/wp-content\/uploads\/2019\/09\/me\u0301te\u0301o-500x281.jpg 500w\" sizes=\"auto, (max-width: 1280px) 100vw, 1280px\" \/><\/a><figcaption class=\"wp-element-caption\">\u00ab\u00a0Ma vie de Courgette\u00a0\u00bb , Claude Barras, 2016<\/figcaption><\/figure>\n<\/div>\n\n\n<p class=\"p1\"><span class=\"s1\">Pour <em>Mirou, Mirou<\/em>, j\u2019\u00e9tais aussi dans l\u2019\u00e9quipe d\u00e9cors, nous d\u00e9veloppions l\u2019univers graphique de Haruna Kishi. C\u2019\u00e9tait tr\u00e8s int\u00e9ressant de voir de l\u2019int\u00e9rieur comment fonctionne la production d\u2019une s\u00e9rie.<\/span><\/p>\n\n\n\n<p class=\"p1\"><strong><span class=\"s1\">J\u2019ai vu sur internet que tu avais aussi donn\u00e9 des cours en Arm\u00e9nie avec l\u2019\u00e9cole <a href=\"https:\/\/tumo.org\/project\/stop-motion-animation-olesya-shchukina\/\">Tumo<\/a>.<\/span><\/strong><\/p>\n\n\n\n<p class=\"p1\"><span class=\"s1\">J\u2019aime bien faire des ateliers de temps en temps. \u00c7a me permet de structurer des choses. Les r\u00e9sultats sont souvent surprenants.<span class=\"Apple-converted-space\">&nbsp;<\/span>J\u2019ai travaill\u00e9 cet \u00e9t\u00e9 deux semaines avec des adolescents en Arm\u00e9nie. C\u2019est un centre qui a \u00e9t\u00e9 cr\u00e9\u00e9 pour des jeunes de 12 \u00e0 18 ans. Les activit\u00e9s sont gratuites et les adolescents ont \u00e0 leur disposition du mat\u00e9riel professionnel. Chacun a fait un petit film pour&nbsp;illustrer des expressions de base en arm\u00e9nien comme <em>dire bonjour<\/em> ou <em>demander le prix de quelque chose<\/em>\u2026<\/span><\/p>\n\n\n\n<p class=\"p1\"><strong><span class=\"s1\">Pour finir, une question traditionnelle, sur quoi travailles-tu actuellement ?<\/span><\/strong><\/p>\n\n\n\n<p class=\"p1\">Je travaille beaucoup pour des sites internet en Russie comme <a href=\"https:\/\/chevostik.ru\/\" target=\"_blank\" rel=\"noopener\">Chevostik<\/a>,&nbsp;qui est une encyclop\u00e9die multim\u00e9dia pour les enfants. Je fais des illustrations et des mini animations.&nbsp; &nbsp; &nbsp; &nbsp; Je suis aussi sur un projet&nbsp;de long m\u00e9trage qui s\u2019appelle <em>Le No\u00ebl des animaux<\/em>&nbsp;produit par la soci\u00e9t\u00e9 <i>Les Valseurs.<\/i><span class=\"Apple-converted-space\">&nbsp;<\/span>Le film est organis\u00e9 en 5 chapitres, chaque chapitre est sous la responsabilit\u00e9 d\u2019une r\u00e9alisatrice diff\u00e9rente.<\/p>\n\n\n<div class=\"wp-block-image\">\n<figure class=\"aligncenter\"><a href=\"https:\/\/lafilledecorinthe.com\/wordpress\/wp-content\/uploads\/2019\/09\/ole_noel_pic_05_jpg1.jpg\"><img loading=\"lazy\" decoding=\"async\" width=\"2835\" height=\"1800\" src=\"https:\/\/lafilledecorinthe.com\/wordpress\/wp-content\/uploads\/2019\/09\/ole_noel_pic_05_jpg1.jpg\" alt=\"ole_noel_pic_05_jpg1\" class=\"wp-image-9934\" srcset=\"https:\/\/lafilledecorinthe.com\/wordpress\/wp-content\/uploads\/2019\/09\/ole_noel_pic_05_jpg1.jpg 2835w, https:\/\/lafilledecorinthe.com\/wordpress\/wp-content\/uploads\/2019\/09\/ole_noel_pic_05_jpg1-680x432.jpg 680w, https:\/\/lafilledecorinthe.com\/wordpress\/wp-content\/uploads\/2019\/09\/ole_noel_pic_05_jpg1-1280x813.jpg 1280w, https:\/\/lafilledecorinthe.com\/wordpress\/wp-content\/uploads\/2019\/09\/ole_noel_pic_05_jpg1-473x300.jpg 473w\" sizes=\"auto, (max-width: 2835px) 100vw, 2835px\" \/><\/a><figcaption class=\"wp-element-caption\">Le dernier arbre de No\u00ebl, Olesya Shchukina, en fabrication<\/figcaption><\/figure>\n<\/div>","protected":false},"excerpt":{"rendered":"<p>Il y a des films qui vous font une impression durable. Ce fut le cas du premier court m\u00e9trage professionnel r\u00e9alis\u00e9 par la talentueuse&nbsp;Olesya Shchukina, \u00ab\u00a0Le v\u00e9lo de l&rsquo;\u00e9l\u00e9phant\u00a0\u00bb. Comment ne pas \u00eatre touch\u00e9 par ce personnage&nbsp;\u00e0 l&rsquo;\u00e9nergie incroyable qui s&rsquo;enferme entre ses quatre murs lorsque l&rsquo;objet de tous ses d\u00e9sirs ne lui correspond pas&#8230;<\/p>\n","protected":false},"author":2,"featured_media":9917,"comment_status":"open","ping_status":"open","sticky":false,"template":"","format":"standard","meta":{"_kad_post_transparent":"","_kad_post_title":"","_kad_post_layout":"","_kad_post_sidebar_id":"","_kad_post_content_style":"","_kad_post_vertical_padding":"","_kad_post_feature":"","_kad_post_feature_position":"","_kad_post_header":false,"_kad_post_footer":false,"_kad_post_classname":"","footnotes":""},"categories":[259],"tags":[1260,1859,1860,1861,1872,1869,1858,1855,1447,1856,1454,1862,1579,1854,1863,1874,1503,1870,1442,1502,1871,1504,1728,1866,1857,1865,1867,1873,1868,1493,1434,1864,289],"class_list":["post-9908","post","type-post","status-publish","format-standard","has-post-thumbnail","hentry","category-rencontres","tag-ma-vie-de-courgette","tag-benjamin-renne","tag-bouillie-de-semoule","tag-carles-porta","tag-cecile-milazzo","tag-chenghua-yang","tag-dmitry-vysotsiy","tag-estival-image-par-image","tag-festival-krok","tag-fiodor-khitruk","tag-folimage","tag-folimomes","tag-konstantin-bronzit","tag-la-luge","tag-la-poudriere","tag-le-noel-des-animaux","tag-le-velo-de-lelephant","tag-les-animaux-en-folie","tag-lev-slepner","tag-mal-de-terre","tag-mirou","tag-olesya-shchukina","tag-piotr-dumala","tag-risographe","tag-roman-davydov","tag-signe-baumane","tag-studio-russe-soyuzmultfilm","tag-tumo","tag-vesyolaya-karusel","tag-yan-volsy","tag-yulia-aronova","tag-yuri-norstein","tag-yves-bouveret"],"_links":{"self":[{"href":"https:\/\/lafilledecorinthe.com\/wordpress\/wp-json\/wp\/v2\/posts\/9908","targetHints":{"allow":["GET"]}}],"collection":[{"href":"https:\/\/lafilledecorinthe.com\/wordpress\/wp-json\/wp\/v2\/posts"}],"about":[{"href":"https:\/\/lafilledecorinthe.com\/wordpress\/wp-json\/wp\/v2\/types\/post"}],"author":[{"embeddable":true,"href":"https:\/\/lafilledecorinthe.com\/wordpress\/wp-json\/wp\/v2\/users\/2"}],"replies":[{"embeddable":true,"href":"https:\/\/lafilledecorinthe.com\/wordpress\/wp-json\/wp\/v2\/comments?post=9908"}],"version-history":[{"count":28,"href":"https:\/\/lafilledecorinthe.com\/wordpress\/wp-json\/wp\/v2\/posts\/9908\/revisions"}],"predecessor-version":[{"id":15254,"href":"https:\/\/lafilledecorinthe.com\/wordpress\/wp-json\/wp\/v2\/posts\/9908\/revisions\/15254"}],"wp:featuredmedia":[{"embeddable":true,"href":"https:\/\/lafilledecorinthe.com\/wordpress\/wp-json\/wp\/v2\/media\/9917"}],"wp:attachment":[{"href":"https:\/\/lafilledecorinthe.com\/wordpress\/wp-json\/wp\/v2\/media?parent=9908"}],"wp:term":[{"taxonomy":"category","embeddable":true,"href":"https:\/\/lafilledecorinthe.com\/wordpress\/wp-json\/wp\/v2\/categories?post=9908"},{"taxonomy":"post_tag","embeddable":true,"href":"https:\/\/lafilledecorinthe.com\/wordpress\/wp-json\/wp\/v2\/tags?post=9908"}],"curies":[{"name":"wp","href":"https:\/\/api.w.org\/{rel}","templated":true}]}}