{"id":9887,"date":"2019-09-08T18:35:16","date_gmt":"2019-09-08T17:35:16","guid":{"rendered":"http:\/\/lafilledecorinthe.com\/wordpress\/?p=9887"},"modified":"2025-12-04T22:07:23","modified_gmt":"2025-12-04T21:07:23","slug":"ecole-et-cinema-maternelle-hauts-de-seine-92","status":"publish","type":"post","link":"https:\/\/lafilledecorinthe.com\/wordpress\/2019\/09\/ecole-et-cinema-maternelle-hauts-de-seine-92\/","title":{"rendered":"Ecole et Cin\u00e9ma Maternelle, Hauts de Seine (92)"},"content":{"rendered":"\n<p>Le cin\u00e9ma <em>Le Rex<\/em> et la circonscription de Ch\u00e2tenay-Malabry accueillent, lundi 9 et mardi 10 septembre, des enseignants volontaires pour exp\u00e9rimenter avec leur classe le dispositif <a href=\"http:\/\/enfants-de-cinema.com\/cycle-1\/\" target=\"_blank\" rel=\"noopener\">\u00ab\u00a0Maternelle et Cin\u00e9ma\u00a0\u00bb<\/a>.&nbsp;R\u00e9flexions sur le dispositif, lien avec les autres arts (litt\u00e9rature jeunesse, musique), pr\u00e9sentation de jouets optiques, projection et analyse du tr\u00e8s beau programme <em>La Pie Voleuse <\/em>sont au programme.<\/p>\n\n\n\n<p>Documents \u00e0 t\u00e9l\u00e9charger :&nbsp;<a href=\"https:\/\/lafilledecorinthe.com\/wordpress\/wp-content\/uploads\/2019\/09\/ressources-.pdf\">ressources<\/a>,&nbsp;<a href=\"https:\/\/lafilledecorinthe.com\/wordpress\/wp-content\/uploads\/2019\/09\/pour-aller-plus-loin-.pdf\">pour aller plus loin<\/a>,&nbsp;<a href=\"https:\/\/lafilledecorinthe.com\/wordpress\/wp-content\/uploads\/2019\/09\/lintroduction-litalienne-a\u0300-Alger-.pdf\">l&rsquo;introduction &#8211; l&rsquo;italienne a\u0300 Alger<\/a>,&nbsp;<a href=\"https:\/\/lafilledecorinthe.com\/wordpress\/wp-content\/uploads\/2019\/09\/Pulcinella-Polichinelle-.pdf\">Pulcinella &#8211; Polichinelle<\/a>,&nbsp;<a href=\"https:\/\/lafilledecorinthe.com\/wordpress\/wp-content\/uploads\/2019\/09\/Le-duo-\u00ab-Papageno-Papagena-\u00bb-.pdf\">Le duo \u00ab&nbsp;Papageno &#8211; Papagena&nbsp;\u00bb<\/a><a href=\"https:\/\/lafilledecorinthe.com\/wordpress\/wp-content\/uploads\/2019\/09\/Pulcinella-me\u0301tamorphose-.pdf\">Pulcinella &#8211; me\u0301tamorphose<\/a>,&nbsp;<a href=\"https:\/\/lafilledecorinthe.com\/wordpress\/wp-content\/uploads\/2019\/09\/introduction-La-pie-voleuse-.pdf\">introduction-La pie voleuse<\/a>,&nbsp;<a href=\"https:\/\/lafilledecorinthe.com\/wordpress\/wp-content\/uploads\/2019\/09\/images-se\u0301quentielles-.pdf\">images se\u0301quentielles<\/a><\/p>\n\n\n\n<p>Le premier film connu et achev\u00e9 de Giulio Gianini et d&rsquo;Emanuele Luzzati est une publicit\u00e9 pour les p\u00e2tes Barilla diffus\u00e9e \u00e0 la t\u00e9l\u00e9vision italienne dans le cadre de l&rsquo;\u00e9mission populaire, Carosello.<\/p>\n\n\n\n<figure class=\"wp-block-embed is-type-video is-provider-youtube wp-block-embed-youtube wp-embed-aspect-4-3 wp-has-aspect-ratio\"><div class=\"wp-block-embed__wrapper\">\n<iframe loading=\"lazy\" title=\"Carosello Barilla - La tarantella di Pulcinella\" width=\"720\" height=\"540\" src=\"https:\/\/www.youtube.com\/embed\/yPCSz5Z-bBU?feature=oembed\" frameborder=\"0\" allow=\"accelerometer; autoplay; clipboard-write; encrypted-media; gyroscope; picture-in-picture; web-share\" referrerpolicy=\"strict-origin-when-cross-origin\" allowfullscreen><\/iframe>\n<\/div><\/figure>\n\n\n\n<p>Le personnage de <em>Pulcinella<\/em> &#8211; <em>Polichinelle<\/em> est le h\u00e9ros de deux courts m\u00e9trages<em>&nbsp;<\/em>r\u00e9alis\u00e9s en 1973 (<em>La Pie voleuse<\/em>)&nbsp;et en 1981(<em>Polichinelle et les contes merveilleux<\/em>) par le duo italien.<\/p>\n\n\n<div class=\"wp-block-image\">\n<figure class=\"aligncenter\"><a href=\"https:\/\/lafilledecorinthe.com\/wordpress\/wp-content\/uploads\/2019\/09\/Capture-d\u2019\u00e9cran-2019-09-08-\u00e0-19.09.27_27.jpg\"><img loading=\"lazy\" decoding=\"async\" width=\"1466\" height=\"1110\" src=\"https:\/\/lafilledecorinthe.com\/wordpress\/wp-content\/uploads\/2019\/09\/Capture-d\u2019\u00e9cran-2019-09-08-\u00e0-19.09.27_27.jpg\" alt=\"Capture d\u2019\u00e9cran 2019-09-08 \u00e0 19.09.27_27\" class=\"wp-image-9903\" srcset=\"https:\/\/lafilledecorinthe.com\/wordpress\/wp-content\/uploads\/2019\/09\/Capture-d\u2019\u00e9cran-2019-09-08-\u00e0-19.09.27_27.jpg 1466w, https:\/\/lafilledecorinthe.com\/wordpress\/wp-content\/uploads\/2019\/09\/Capture-d\u2019\u00e9cran-2019-09-08-\u00e0-19.09.27_27-680x515.jpg 680w, https:\/\/lafilledecorinthe.com\/wordpress\/wp-content\/uploads\/2019\/09\/Capture-d\u2019\u00e9cran-2019-09-08-\u00e0-19.09.27_27-1280x969.jpg 1280w, https:\/\/lafilledecorinthe.com\/wordpress\/wp-content\/uploads\/2019\/09\/Capture-d\u2019\u00e9cran-2019-09-08-\u00e0-19.09.27_27-396x300.jpg 396w\" sizes=\"auto, (max-width: 1466px) 100vw, 1466px\" \/><\/a><\/figure>\n<\/div>\n\n\n<p>La musique de <em>La Pie voleuse<\/em>&nbsp;dans un tout autre contexte&#8230; Jonathan Glazer, publicit\u00e9 pour les t\u00e9l\u00e9viseurs Sony, 2006<\/p>\n\n\n\n<figure class=\"wp-block-embed is-type-video is-provider-youtube wp-block-embed-youtube wp-embed-aspect-16-9 wp-has-aspect-ratio\"><div class=\"wp-block-embed__wrapper\">\n<iframe loading=\"lazy\" title=\"Sony BRAVIA - Paint (Hi-Res)\" width=\"720\" height=\"405\" src=\"https:\/\/www.youtube.com\/embed\/wwO-wo892pI?feature=oembed\" frameborder=\"0\" allow=\"accelerometer; autoplay; clipboard-write; encrypted-media; gyroscope; picture-in-picture; web-share\" referrerpolicy=\"strict-origin-when-cross-origin\" allowfullscreen><\/iframe>\n<\/div><\/figure>\n\n\n\n<p>Voir aussi : <a href=\"https:\/\/www.reseau-canope.fr\/atelier-val-d-oise\/cinema\/La-Pie-voleuse-1091\" target=\"_blank\" rel=\"noopener\">conf\u00e9rence <\/a>&nbsp;\u00ab\u00a0le cin\u00e9ma \u00e0 l&rsquo;\u00e9cole, Canop\u00e9 95\u00a0\u00bb<\/p>\n","protected":false},"excerpt":{"rendered":"<p>Le cin\u00e9ma Le Rex et la circonscription de Ch\u00e2tenay-Malabry accueillent, lundi 9 et mardi 10 septembre, des enseignants volontaires pour exp\u00e9rimenter avec leur classe le dispositif \u00ab\u00a0Maternelle et Cin\u00e9ma\u00a0\u00bb.&nbsp;R\u00e9flexions sur le dispositif, lien avec les autres arts (litt\u00e9rature jeunesse, musique), pr\u00e9sentation de jouets optiques, projection et analyse du tr\u00e8s beau programme La Pie Voleuse sont&#8230;<\/p>\n","protected":false},"author":2,"featured_media":9891,"comment_status":"open","ping_status":"open","sticky":false,"template":"","format":"standard","meta":{"_kad_post_transparent":"","_kad_post_title":"","_kad_post_layout":"","_kad_post_sidebar_id":"","_kad_post_content_style":"","_kad_post_vertical_padding":"","_kad_post_feature":"","_kad_post_feature_position":"","_kad_post_header":false,"_kad_post_footer":false,"_kad_post_classname":"","footnotes":""},"categories":[8],"tags":[1847,1844,1850,1849,1845,1852,1848,1846,1851,1853],"class_list":["post-9887","post","type-post","status-publish","format-standard","has-post-thumbnail","hentry","category-formations-adultes","tag-chatenay-malabry","tag-ecole-et-cinema-maternelle","tag-emanuele-luzzati","tag-giulio-gianini","tag-hauts-de-seine","tag-jonathan-glazer","tag-la-pie-voleuse","tag-le-rex","tag-pulcinella-polichinelle","tag-rossini"],"_links":{"self":[{"href":"https:\/\/lafilledecorinthe.com\/wordpress\/wp-json\/wp\/v2\/posts\/9887","targetHints":{"allow":["GET"]}}],"collection":[{"href":"https:\/\/lafilledecorinthe.com\/wordpress\/wp-json\/wp\/v2\/posts"}],"about":[{"href":"https:\/\/lafilledecorinthe.com\/wordpress\/wp-json\/wp\/v2\/types\/post"}],"author":[{"embeddable":true,"href":"https:\/\/lafilledecorinthe.com\/wordpress\/wp-json\/wp\/v2\/users\/2"}],"replies":[{"embeddable":true,"href":"https:\/\/lafilledecorinthe.com\/wordpress\/wp-json\/wp\/v2\/comments?post=9887"}],"version-history":[{"count":10,"href":"https:\/\/lafilledecorinthe.com\/wordpress\/wp-json\/wp\/v2\/posts\/9887\/revisions"}],"predecessor-version":[{"id":14431,"href":"https:\/\/lafilledecorinthe.com\/wordpress\/wp-json\/wp\/v2\/posts\/9887\/revisions\/14431"}],"wp:featuredmedia":[{"embeddable":true,"href":"https:\/\/lafilledecorinthe.com\/wordpress\/wp-json\/wp\/v2\/media\/9891"}],"wp:attachment":[{"href":"https:\/\/lafilledecorinthe.com\/wordpress\/wp-json\/wp\/v2\/media?parent=9887"}],"wp:term":[{"taxonomy":"category","embeddable":true,"href":"https:\/\/lafilledecorinthe.com\/wordpress\/wp-json\/wp\/v2\/categories?post=9887"},{"taxonomy":"post_tag","embeddable":true,"href":"https:\/\/lafilledecorinthe.com\/wordpress\/wp-json\/wp\/v2\/tags?post=9887"}],"curies":[{"name":"wp","href":"https:\/\/api.w.org\/{rel}","templated":true}]}}