{"id":9849,"date":"2019-10-10T17:05:42","date_gmt":"2019-10-10T16:05:42","guid":{"rendered":"http:\/\/lafilledecorinthe.com\/wordpress\/?p=9849"},"modified":"2025-12-04T21:05:29","modified_gmt":"2025-12-04T20:05:29","slug":"ecole-et-cinema-93-shaun-le-mouton-le-film","status":"publish","type":"post","link":"https:\/\/lafilledecorinthe.com\/wordpress\/2019\/10\/ecole-et-cinema-93-shaun-le-mouton-le-film\/","title":{"rendered":"\u00ab\u00a0Ecole et Cin\u00e9ma 93\u00a0\u00bb, Shaun le mouton, le film"},"content":{"rendered":"\n<p><strong>Projection-conf\u00e9rence :<\/strong><br><em>Shaun le mouton, le film <\/em>de Richard Starzak et Mark Burton, 2015<br>Espace Georges<em>\u00a0Simenon<\/em>, Rosny-sous-Bois<br>Le<strong>\u00a0<\/strong>14 octobre 2019<br>Cin\u00e9ma <em>Le Bijou, <\/em>Noisy-le-Grand<br>Le 16 octobre 2019<\/p>\n\n\n\n<p>Documents \u00e0 t\u00e9l\u00e9charger :&nbsp;<a href=\"https:\/\/lafilledecorinthe.com\/wordpress\/wp-content\/uploads\/2019\/10\/Bibliographiefilmographie.pdf\">Bibliographie:filmographie<\/a>,&nbsp;<a href=\"https:\/\/lafilledecorinthe.com\/wordpress\/wp-content\/uploads\/2019\/10\/La-pose-.pdf\">La pose<\/a>,&nbsp;<a href=\"https:\/\/lafilledecorinthe.com\/wordpress\/wp-content\/uploads\/2019\/10\/Les-ombres-chinoises-.pdf\">Les ombres chinoises<\/a>,&nbsp;<a href=\"https:\/\/lafilledecorinthe.com\/wordpress\/wp-content\/uploads\/2019\/10\/\u00ab-Feels-Like-Summer-\u00bb-.pdf\">\u00ab&nbsp;Feels Like Summer&nbsp;\u00bb<\/a>,&nbsp;<a href=\"https:\/\/lafilledecorinthe.com\/wordpress\/wp-content\/uploads\/2019\/10\/Le-burlesque-.pdf\">Le burlesque<\/a>,&nbsp;<a href=\"https:\/\/lafilledecorinthe.com\/wordpress\/wp-content\/uploads\/2019\/10\/Les-personnages-1.pdf\">Les personnages<\/a>,&nbsp;<a href=\"https:\/\/lafilledecorinthe.com\/wordpress\/wp-content\/uploads\/2019\/10\/making-of-.pdf\">making of<\/a><\/p>\n\n\n\n<p>Les artistes au travail : making of<\/p>\n\n\n\n<figure class=\"wp-block-embed is-type-video is-provider-youtube wp-block-embed-youtube wp-embed-aspect-16-9 wp-has-aspect-ratio\"><div class=\"wp-block-embed__wrapper\">\n<iframe loading=\"lazy\" title=\"Shaun the Sheep Movie B-ROLL (2015) - Stop Motion Animated Movie HD\" width=\"720\" height=\"405\" src=\"https:\/\/www.youtube.com\/embed\/PWUTm9AONCs?start=27&#038;feature=oembed\" frameborder=\"0\" allow=\"accelerometer; autoplay; clipboard-write; encrypted-media; gyroscope; picture-in-picture; web-share\" referrerpolicy=\"strict-origin-when-cross-origin\" allowfullscreen><\/iframe>\n<\/div><\/figure>\n\n\n\n<p>La chanson&nbsp;<i>Feels like Summer <\/i>a \u00e9t\u00e9 \u00e9crite par Ilan Eshkeri, Nick Hodgson &amp; Tim Wheeler. Elle est interpr\u00e9t\u00e9e par Tim Wheeler.<\/p>\n\n\n\n<figure class=\"wp-block-embed is-type-video is-provider-youtube wp-block-embed-youtube wp-embed-aspect-16-9 wp-has-aspect-ratio\"><div class=\"wp-block-embed__wrapper\">\n<iframe loading=\"lazy\" title=\"Tim Wheeler - Feels Like Summer (LYRIC VIDEO) (From &quot;Shaun the Sheep Movie&quot;)\" width=\"720\" height=\"405\" src=\"https:\/\/www.youtube.com\/embed\/9wJ3T69EXxg?feature=oembed\" frameborder=\"0\" allow=\"accelerometer; autoplay; clipboard-write; encrypted-media; gyroscope; picture-in-picture; web-share\" referrerpolicy=\"strict-origin-when-cross-origin\" allowfullscreen><\/iframe>\n<\/div><\/figure>\n","protected":false},"excerpt":{"rendered":"<p>Projection-conf\u00e9rence :Shaun le mouton, le film de Richard Starzak et Mark Burton, 2015Espace Georges\u00a0Simenon, Rosny-sous-BoisLe\u00a014 octobre 2019Cin\u00e9ma Le Bijou, Noisy-le-GrandLe 16 octobre 2019 Documents \u00e0 t\u00e9l\u00e9charger :&nbsp;Bibliographie:filmographie,&nbsp;La pose,&nbsp;Les ombres chinoises,&nbsp;\u00ab&nbsp;Feels Like Summer&nbsp;\u00bb,&nbsp;Le burlesque,&nbsp;Les personnages,&nbsp;making of Les artistes au travail : making of La chanson&nbsp;Feels like Summer a \u00e9t\u00e9 \u00e9crite par Ilan Eshkeri, Nick Hodgson &amp;&#8230;<\/p>\n","protected":false},"author":2,"featured_media":9850,"comment_status":"open","ping_status":"open","sticky":false,"template":"","format":"standard","meta":{"_kad_post_transparent":"","_kad_post_title":"","_kad_post_layout":"","_kad_post_sidebar_id":"","_kad_post_content_style":"","_kad_post_vertical_padding":"","_kad_post_feature":"","_kad_post_feature_position":"","_kad_post_header":false,"_kad_post_footer":false,"_kad_post_classname":"","footnotes":""},"categories":[8],"tags":[1884,1883,1885,1218,1882,1886,1887,1879,1881,1880,1878,1888],"class_list":["post-9849","post","type-post","status-publish","format-standard","has-post-thumbnail","hentry","category-formations-adultes","tag-summer-holiday","tag-cinema-le-bijou","tag-cliff-richard","tag-ecole-et-cinema-93","tag-espace-georges-simenon","tag-feels-like-summer","tag-ilan-eshkeri","tag-le-film","tag-mark-burton","tag-richard-starzak","tag-shaun-le-mouton","tag-tim-wheeler"],"_links":{"self":[{"href":"https:\/\/lafilledecorinthe.com\/wordpress\/wp-json\/wp\/v2\/posts\/9849","targetHints":{"allow":["GET"]}}],"collection":[{"href":"https:\/\/lafilledecorinthe.com\/wordpress\/wp-json\/wp\/v2\/posts"}],"about":[{"href":"https:\/\/lafilledecorinthe.com\/wordpress\/wp-json\/wp\/v2\/types\/post"}],"author":[{"embeddable":true,"href":"https:\/\/lafilledecorinthe.com\/wordpress\/wp-json\/wp\/v2\/users\/2"}],"replies":[{"embeddable":true,"href":"https:\/\/lafilledecorinthe.com\/wordpress\/wp-json\/wp\/v2\/comments?post=9849"}],"version-history":[{"count":11,"href":"https:\/\/lafilledecorinthe.com\/wordpress\/wp-json\/wp\/v2\/posts\/9849\/revisions"}],"predecessor-version":[{"id":14649,"href":"https:\/\/lafilledecorinthe.com\/wordpress\/wp-json\/wp\/v2\/posts\/9849\/revisions\/14649"}],"wp:featuredmedia":[{"embeddable":true,"href":"https:\/\/lafilledecorinthe.com\/wordpress\/wp-json\/wp\/v2\/media\/9850"}],"wp:attachment":[{"href":"https:\/\/lafilledecorinthe.com\/wordpress\/wp-json\/wp\/v2\/media?parent=9849"}],"wp:term":[{"taxonomy":"category","embeddable":true,"href":"https:\/\/lafilledecorinthe.com\/wordpress\/wp-json\/wp\/v2\/categories?post=9849"},{"taxonomy":"post_tag","embeddable":true,"href":"https:\/\/lafilledecorinthe.com\/wordpress\/wp-json\/wp\/v2\/tags?post=9849"}],"curies":[{"name":"wp","href":"https:\/\/api.w.org\/{rel}","templated":true}]}}