{"id":9829,"date":"2019-07-26T21:21:35","date_gmt":"2019-07-26T20:21:35","guid":{"rendered":"http:\/\/lafilledecorinthe.com\/wordpress\/?p=9829"},"modified":"2025-12-07T07:36:18","modified_gmt":"2025-12-07T06:36:18","slug":"le-festival-ideklic-fete-ses-30-ans","status":"publish","type":"post","link":"https:\/\/lafilledecorinthe.com\/wordpress\/2019\/07\/le-festival-ideklic-fete-ses-30-ans\/","title":{"rendered":"Le festival Id\u00e9klic f\u00eate ses 30 ans !"},"content":{"rendered":"\n<p>Quatri\u00e8me participation au festival <a href=\"https:\/\/ideklic.fr\/\" target=\"_blank\" rel=\"noopener\">Id\u00e9klic<\/a> qui f\u00eate cette ann\u00e9e sa trenti\u00e8me \u00e9dition. Pens\u00e9e \u00e9mue et chaleureuse pour les&nbsp;pionniers qui ont fait vivre cette merveilleuse id\u00e9e&nbsp;; un festival d\u00e9di\u00e9 aux enfants qui leur permet d&rsquo;exp\u00e9rimenter dans les domaines artistiques, scientifiques et sportifs&nbsp;tout en leur offrant des spectacles o\u00f9 la chanson, la musique, le th\u00e9\u00e2tre, les arts du cirque et des marionnettes se rencontrent.&nbsp;&nbsp;&nbsp; &nbsp; &nbsp; &nbsp; &nbsp; &nbsp; &nbsp; &nbsp; &nbsp; &nbsp; &nbsp; &nbsp; &nbsp; &nbsp; &nbsp; &nbsp; &nbsp; &nbsp; &nbsp; &nbsp; &nbsp; &nbsp; &nbsp; &nbsp; &nbsp; &nbsp; &nbsp; &nbsp; &nbsp; &nbsp; &nbsp; &nbsp; &nbsp; &nbsp; &nbsp; &nbsp; &nbsp; &nbsp;Accueillie au <a href=\"https:\/\/www.musee-du-jouet.com\/\" target=\"_blank\" rel=\"noopener\">mus\u00e9e du jouet<\/a> de Moirans-en-montagne,&nbsp;j&rsquo;ai eu le plaisir de partager ma passion&nbsp;des lanternes magiques. D\u00e9couvrir les vieilles plaques du pass\u00e9 et en cr\u00e9er de nouvelles, tel \u00e9tait le projet propos\u00e9 aux enfants. Voici quelques moments d&rsquo;un plaisir partag\u00e9.<\/p>\n\n\n<div class=\"wp-block-image\">\n<figure class=\"aligncenter\"><a href=\"https:\/\/lafilledecorinthe.com\/wordpress\/wp-content\/uploads\/2019\/07\/1.jpeg\"><img loading=\"lazy\" decoding=\"async\" width=\"4032\" height=\"3024\" src=\"https:\/\/lafilledecorinthe.com\/wordpress\/wp-content\/uploads\/2019\/07\/1.jpeg\" alt=\"1\" class=\"wp-image-9834\" srcset=\"https:\/\/lafilledecorinthe.com\/wordpress\/wp-content\/uploads\/2019\/07\/1.jpeg 4032w, https:\/\/lafilledecorinthe.com\/wordpress\/wp-content\/uploads\/2019\/07\/1-680x510.jpeg 680w, https:\/\/lafilledecorinthe.com\/wordpress\/wp-content\/uploads\/2019\/07\/1-1280x960.jpeg 1280w, https:\/\/lafilledecorinthe.com\/wordpress\/wp-content\/uploads\/2019\/07\/1-400x300.jpeg 400w\" sizes=\"auto, (max-width: 4032px) 100vw, 4032px\" \/><\/a><figcaption class=\"wp-element-caption\">Pourquoi la plaque est-elle\u00a0ins\u00e9r\u00e9e \u00e0 l&rsquo;envers ?<\/figcaption><\/figure>\n<\/div>\n\n<div class=\"wp-block-image\">\n<figure class=\"aligncenter\"><a href=\"https:\/\/lafilledecorinthe.com\/wordpress\/wp-content\/uploads\/2019\/07\/2.jpeg\"><img loading=\"lazy\" decoding=\"async\" width=\"4032\" height=\"3024\" src=\"https:\/\/lafilledecorinthe.com\/wordpress\/wp-content\/uploads\/2019\/07\/2.jpeg\" alt=\"2\" class=\"wp-image-9835\" srcset=\"https:\/\/lafilledecorinthe.com\/wordpress\/wp-content\/uploads\/2019\/07\/2.jpeg 4032w, https:\/\/lafilledecorinthe.com\/wordpress\/wp-content\/uploads\/2019\/07\/2-680x510.jpeg 680w, https:\/\/lafilledecorinthe.com\/wordpress\/wp-content\/uploads\/2019\/07\/2-1280x960.jpeg 1280w, https:\/\/lafilledecorinthe.com\/wordpress\/wp-content\/uploads\/2019\/07\/2-400x300.jpeg 400w\" sizes=\"auto, (max-width: 4032px) 100vw, 4032px\" \/><\/a><figcaption class=\"wp-element-caption\">Lise, jeune b\u00e9n\u00e9vole, donne quelques \u00e9l\u00e9ments d&rsquo;optique !<\/figcaption><\/figure>\n<\/div>\n\n<div class=\"wp-block-image\">\n<figure class=\"aligncenter\"><a href=\"https:\/\/lafilledecorinthe.com\/wordpress\/wp-content\/uploads\/2019\/07\/3.jpeg\"><img loading=\"lazy\" decoding=\"async\" width=\"4032\" height=\"3024\" src=\"https:\/\/lafilledecorinthe.com\/wordpress\/wp-content\/uploads\/2019\/07\/3.jpeg\" alt=\"3\" class=\"wp-image-9836\" srcset=\"https:\/\/lafilledecorinthe.com\/wordpress\/wp-content\/uploads\/2019\/07\/3.jpeg 4032w, https:\/\/lafilledecorinthe.com\/wordpress\/wp-content\/uploads\/2019\/07\/3-680x510.jpeg 680w, https:\/\/lafilledecorinthe.com\/wordpress\/wp-content\/uploads\/2019\/07\/3-1280x960.jpeg 1280w, https:\/\/lafilledecorinthe.com\/wordpress\/wp-content\/uploads\/2019\/07\/3-400x300.jpeg 400w\" sizes=\"auto, (max-width: 4032px) 100vw, 4032px\" \/><\/a><figcaption class=\"wp-element-caption\">Chaque enfant dessine sa plaque &#8230;<\/figcaption><\/figure>\n<\/div>\n\n<div class=\"wp-block-image\">\n<figure class=\"aligncenter\"><a href=\"https:\/\/lafilledecorinthe.com\/wordpress\/wp-content\/uploads\/2019\/07\/4.jpeg\"><img loading=\"lazy\" decoding=\"async\" width=\"4032\" height=\"3024\" src=\"https:\/\/lafilledecorinthe.com\/wordpress\/wp-content\/uploads\/2019\/07\/4.jpeg\" alt=\"4\" class=\"wp-image-9837\" srcset=\"https:\/\/lafilledecorinthe.com\/wordpress\/wp-content\/uploads\/2019\/07\/4.jpeg 4032w, https:\/\/lafilledecorinthe.com\/wordpress\/wp-content\/uploads\/2019\/07\/4-680x510.jpeg 680w, https:\/\/lafilledecorinthe.com\/wordpress\/wp-content\/uploads\/2019\/07\/4-1280x960.jpeg 1280w, https:\/\/lafilledecorinthe.com\/wordpress\/wp-content\/uploads\/2019\/07\/4-400x300.jpeg 400w\" sizes=\"auto, (max-width: 4032px) 100vw, 4032px\" \/><\/a><figcaption class=\"wp-element-caption\">Toutes les id\u00e9es sont bonnes.<\/figcaption><\/figure>\n<\/div>\n\n<div class=\"wp-block-image wp-image-9838\">\n<figure class=\"aligncenter\"><img loading=\"lazy\" decoding=\"async\" width=\"4032\" height=\"3024\" src=\"https:\/\/lafilledecorinthe.com\/wordpress\/wp-content\/uploads\/2019\/07\/5.jpeg\" alt=\"5\" class=\"wp-image-9838\" srcset=\"https:\/\/lafilledecorinthe.com\/wordpress\/wp-content\/uploads\/2019\/07\/5.jpeg 4032w, https:\/\/lafilledecorinthe.com\/wordpress\/wp-content\/uploads\/2019\/07\/5-680x510.jpeg 680w, https:\/\/lafilledecorinthe.com\/wordpress\/wp-content\/uploads\/2019\/07\/5-1280x960.jpeg 1280w, https:\/\/lafilledecorinthe.com\/wordpress\/wp-content\/uploads\/2019\/07\/5-400x300.jpeg 400w\" sizes=\"auto, (max-width: 4032px) 100vw, 4032px\" \/><figcaption class=\"wp-element-caption\">Une projection inattendue !<\/figcaption><\/figure>\n<\/div>\n\n<div class=\"wp-block-image\">\n<figure class=\"aligncenter\"><a href=\"https:\/\/lafilledecorinthe.com\/wordpress\/wp-content\/uploads\/2019\/07\/6.jpeg\"><img loading=\"lazy\" decoding=\"async\" width=\"4032\" height=\"3024\" src=\"https:\/\/lafilledecorinthe.com\/wordpress\/wp-content\/uploads\/2019\/07\/6.jpeg\" alt=\"6\" class=\"wp-image-9839\" srcset=\"https:\/\/lafilledecorinthe.com\/wordpress\/wp-content\/uploads\/2019\/07\/6.jpeg 4032w, https:\/\/lafilledecorinthe.com\/wordpress\/wp-content\/uploads\/2019\/07\/6-680x510.jpeg 680w, https:\/\/lafilledecorinthe.com\/wordpress\/wp-content\/uploads\/2019\/07\/6-1280x960.jpeg 1280w, https:\/\/lafilledecorinthe.com\/wordpress\/wp-content\/uploads\/2019\/07\/6-400x300.jpeg 400w\" sizes=\"auto, (max-width: 4032px) 100vw, 4032px\" \/><\/a><\/figure>\n<\/div>\n\n<div class=\"wp-block-image\">\n<figure class=\"aligncenter\"><a href=\"https:\/\/lafilledecorinthe.com\/wordpress\/wp-content\/uploads\/2019\/07\/7.jpeg\"><img loading=\"lazy\" decoding=\"async\" width=\"4032\" height=\"3024\" src=\"https:\/\/lafilledecorinthe.com\/wordpress\/wp-content\/uploads\/2019\/07\/7.jpeg\" alt=\"7\" class=\"wp-image-9840\" srcset=\"https:\/\/lafilledecorinthe.com\/wordpress\/wp-content\/uploads\/2019\/07\/7.jpeg 4032w, https:\/\/lafilledecorinthe.com\/wordpress\/wp-content\/uploads\/2019\/07\/7-680x510.jpeg 680w, https:\/\/lafilledecorinthe.com\/wordpress\/wp-content\/uploads\/2019\/07\/7-1280x960.jpeg 1280w, https:\/\/lafilledecorinthe.com\/wordpress\/wp-content\/uploads\/2019\/07\/7-400x300.jpeg 400w\" sizes=\"auto, (max-width: 4032px) 100vw, 4032px\" \/><\/a><\/figure>\n<\/div>\n\n<div class=\"wp-block-image\">\n<figure class=\"aligncenter\"><a href=\"https:\/\/lafilledecorinthe.com\/wordpress\/wp-content\/uploads\/2019\/07\/8.jpeg\"><img loading=\"lazy\" decoding=\"async\" width=\"4032\" height=\"3024\" src=\"https:\/\/lafilledecorinthe.com\/wordpress\/wp-content\/uploads\/2019\/07\/8.jpeg\" alt=\"8\" class=\"wp-image-9841\" srcset=\"https:\/\/lafilledecorinthe.com\/wordpress\/wp-content\/uploads\/2019\/07\/8.jpeg 4032w, https:\/\/lafilledecorinthe.com\/wordpress\/wp-content\/uploads\/2019\/07\/8-680x510.jpeg 680w, https:\/\/lafilledecorinthe.com\/wordpress\/wp-content\/uploads\/2019\/07\/8-1280x960.jpeg 1280w, https:\/\/lafilledecorinthe.com\/wordpress\/wp-content\/uploads\/2019\/07\/8-400x300.jpeg 400w\" sizes=\"auto, (max-width: 4032px) 100vw, 4032px\" \/><\/a><\/figure>\n<\/div>\n\n\n<p>Un petit moment bruitage improvis\u00e9 !<\/p>\n\n\n\n<figure class=\"wp-block-embed is-type-video is-provider-youtube wp-block-embed-youtube wp-embed-aspect-16-9 wp-has-aspect-ratio\"><div class=\"wp-block-embed__wrapper\">\n<iframe loading=\"lazy\" title=\"s\u00e9ance bruitage\" width=\"720\" height=\"405\" src=\"https:\/\/www.youtube.com\/embed\/oOHls_-SI3U?feature=oembed\" frameborder=\"0\" allow=\"accelerometer; autoplay; clipboard-write; encrypted-media; gyroscope; picture-in-picture; web-share\" referrerpolicy=\"strict-origin-when-cross-origin\" allowfullscreen><\/iframe>\n<\/div><\/figure>\n","protected":false},"excerpt":{"rendered":"<p>Quatri\u00e8me participation au festival Id\u00e9klic qui f\u00eate cette ann\u00e9e sa trenti\u00e8me \u00e9dition. Pens\u00e9e \u00e9mue et chaleureuse pour les&nbsp;pionniers qui ont fait vivre cette merveilleuse id\u00e9e&nbsp;; un festival d\u00e9di\u00e9 aux enfants qui leur permet d&rsquo;exp\u00e9rimenter dans les domaines artistiques, scientifiques et sportifs&nbsp;tout en leur offrant des spectacles o\u00f9 la chanson, la musique, le th\u00e9\u00e2tre, les arts&#8230;<\/p>\n","protected":false},"author":2,"featured_media":14829,"comment_status":"open","ping_status":"open","sticky":false,"template":"","format":"standard","meta":{"_kad_post_transparent":"","_kad_post_title":"","_kad_post_layout":"","_kad_post_sidebar_id":"","_kad_post_content_style":"","_kad_post_vertical_padding":"","_kad_post_feature":"","_kad_post_feature_position":"","_kad_post_header":false,"_kad_post_footer":false,"_kad_post_classname":"","footnotes":""},"categories":[7],"tags":[1836,865,587,867,866],"class_list":["post-9829","post","type-post","status-publish","format-standard","has-post-thumbnail","hentry","category-ateliers-enfants","tag-30-ans","tag-festival-ideklic","tag-lanterne-magique","tag-moirans-en-montagne","tag-musee-du-jouet"],"_links":{"self":[{"href":"https:\/\/lafilledecorinthe.com\/wordpress\/wp-json\/wp\/v2\/posts\/9829","targetHints":{"allow":["GET"]}}],"collection":[{"href":"https:\/\/lafilledecorinthe.com\/wordpress\/wp-json\/wp\/v2\/posts"}],"about":[{"href":"https:\/\/lafilledecorinthe.com\/wordpress\/wp-json\/wp\/v2\/types\/post"}],"author":[{"embeddable":true,"href":"https:\/\/lafilledecorinthe.com\/wordpress\/wp-json\/wp\/v2\/users\/2"}],"replies":[{"embeddable":true,"href":"https:\/\/lafilledecorinthe.com\/wordpress\/wp-json\/wp\/v2\/comments?post=9829"}],"version-history":[{"count":13,"href":"https:\/\/lafilledecorinthe.com\/wordpress\/wp-json\/wp\/v2\/posts\/9829\/revisions"}],"predecessor-version":[{"id":14828,"href":"https:\/\/lafilledecorinthe.com\/wordpress\/wp-json\/wp\/v2\/posts\/9829\/revisions\/14828"}],"wp:featuredmedia":[{"embeddable":true,"href":"https:\/\/lafilledecorinthe.com\/wordpress\/wp-json\/wp\/v2\/media\/14829"}],"wp:attachment":[{"href":"https:\/\/lafilledecorinthe.com\/wordpress\/wp-json\/wp\/v2\/media?parent=9829"}],"wp:term":[{"taxonomy":"category","embeddable":true,"href":"https:\/\/lafilledecorinthe.com\/wordpress\/wp-json\/wp\/v2\/categories?post=9829"},{"taxonomy":"post_tag","embeddable":true,"href":"https:\/\/lafilledecorinthe.com\/wordpress\/wp-json\/wp\/v2\/tags?post=9829"}],"curies":[{"name":"wp","href":"https:\/\/api.w.org\/{rel}","templated":true}]}}