{"id":9814,"date":"2019-06-19T20:01:21","date_gmt":"2019-06-19T19:01:21","guid":{"rendered":"http:\/\/lafilledecorinthe.com\/wordpress\/?p=9814"},"modified":"2025-12-07T07:37:24","modified_gmt":"2025-12-07T06:37:24","slug":"atelier-flipbook-enfances-au-cinema","status":"publish","type":"post","link":"https:\/\/lafilledecorinthe.com\/wordpress\/2019\/06\/atelier-flipbook-enfances-au-cinema\/","title":{"rendered":"Atelier Flipbook, \u00ab\u00a0Enfances au Cin\u00e9ma\u00a0\u00bb"},"content":{"rendered":"\n<p>Les classes de cycle 2 et de cycle 3 inscrites au dispositif <em>Ecole et cin\u00e9ma<\/em> ont d\u00e9couvert dans leurs salles de quartier les deux courts m\u00e9trages oscaris\u00e9s de <a href=\"http:\/\/www.fredericback.com\/index.fr.shtml\" target=\"_blank\" rel=\"noopener\">Fr\u00e9d\u00e9ric Back<\/a> : <em>Crac<\/em> et <em>L&rsquo;homme qui plantait des arbres<\/em>. Une occasion pr\u00e9cieuse de d\u00e9couvrir l&rsquo;oeuvre de cet artiste passionn\u00e9 par la nature et le dessin.<\/p>\n\n\n\n<p class=\"p1\"><span class=\"s1\"><i>Pour moi, ce qui importe, c&rsquo;est que les dessins bougent au maximum. Tant pis si les dessins sont un peu moins beaux, mais ce qui compte, c&rsquo;est qu&rsquo;ils donnent l&rsquo;impression d&rsquo;un ruisseau qui ne s&rsquo;arr\u00eate jamais. J&rsquo;essaie donc de garder ce caract\u00e8re de spontan\u00e9it\u00e9, ce moment d&rsquo;impulsion comme pour des croquis pris sur le vif&#8230;\u00a0On a l&rsquo;impression que les dessins naissent sous nos yeux.<\/i><\/span><br><span class=\"s1\">Entretien avec\u00a0Fr\u00e9d\u00e9ric Back, L\u00e9o Bonneville,\u00a0<a href=\"https:\/\/www.erudit.org\/fr\/revues\/sequences\/1987-n130-sequences1139401\/50700ac.pdf\"><span class=\"s3\">S\u00e9quences<\/span><\/a>, n\u00b0130, ao\u00fbt 1987<\/span><\/p>\n\n\n\n<p class=\"p1\">Les enfants ont&nbsp;donn\u00e9 une deuxi\u00e8me vie \u00e0 des livres mis au rebut en&nbsp;les transformant en flipbook.&nbsp;Ils se sont aussi amus\u00e9s \u00e0 cr\u00e9er des feuilletoscopes. Vive les dessins qui bougent !<\/p>\n\n\n<div class=\"wp-block-image\">\n<figure class=\"aligncenter\"><a href=\"https:\/\/lafilledecorinthe.com\/wordpress\/wp-content\/uploads\/2019\/06\/Capture-d\u2019e\u0301cran-2019-06-19-a\u0300-14.48.52.png\"><img loading=\"lazy\" decoding=\"async\" width=\"1304\" height=\"918\" src=\"https:\/\/lafilledecorinthe.com\/wordpress\/wp-content\/uploads\/2019\/06\/Capture-d\u2019e\u0301cran-2019-06-19-a\u0300-14.48.52.png\" alt=\"Capture d\u2019e\u0301cran 2019-06-19 a\u0300 14.48.52\" class=\"wp-image-9818\" srcset=\"https:\/\/lafilledecorinthe.com\/wordpress\/wp-content\/uploads\/2019\/06\/Capture-d\u2019e\u0301cran-2019-06-19-a\u0300-14.48.52.png 1304w, https:\/\/lafilledecorinthe.com\/wordpress\/wp-content\/uploads\/2019\/06\/Capture-d\u2019e\u0301cran-2019-06-19-a\u0300-14.48.52-680x479.png 680w, https:\/\/lafilledecorinthe.com\/wordpress\/wp-content\/uploads\/2019\/06\/Capture-d\u2019e\u0301cran-2019-06-19-a\u0300-14.48.52-1280x901.png 1280w, https:\/\/lafilledecorinthe.com\/wordpress\/wp-content\/uploads\/2019\/06\/Capture-d\u2019e\u0301cran-2019-06-19-a\u0300-14.48.52-426x300.png 426w\" sizes=\"auto, (max-width: 1304px) 100vw, 1304px\" \/><\/a><figcaption class=\"wp-element-caption\">Deux techniques\u00a0modestes ouvrant\u00a0une multitude de r\u00e9alisations &#8230;<\/figcaption><\/figure>\n<\/div>\n\n\n<p>Quelques propositions &#8230;<\/p>\n\n\n\n<figure class=\"wp-block-embed is-type-video is-provider-youtube wp-block-embed-youtube wp-embed-aspect-16-9 wp-has-aspect-ratio\"><div class=\"wp-block-embed__wrapper\">\n<iframe loading=\"lazy\" title=\"Atelier Flipbook\" width=\"720\" height=\"405\" src=\"https:\/\/www.youtube.com\/embed\/unLCpeB1-7k?feature=oembed\" frameborder=\"0\" allow=\"accelerometer; autoplay; clipboard-write; encrypted-media; gyroscope; picture-in-picture; web-share\" referrerpolicy=\"strict-origin-when-cross-origin\" allowfullscreen><\/iframe>\n<\/div><\/figure>\n","protected":false},"excerpt":{"rendered":"<p>Les classes de cycle 2 et de cycle 3 inscrites au dispositif Ecole et cin\u00e9ma ont d\u00e9couvert dans leurs salles de quartier les deux courts m\u00e9trages oscaris\u00e9s de Fr\u00e9d\u00e9ric Back : Crac et L&rsquo;homme qui plantait des arbres. Une occasion pr\u00e9cieuse de d\u00e9couvrir l&rsquo;oeuvre de cet artiste passionn\u00e9 par la nature et le dessin. Pour&#8230;<\/p>\n","protected":false},"author":2,"featured_media":9815,"comment_status":"open","ping_status":"open","sticky":false,"template":"","format":"standard","meta":{"_kad_post_transparent":"","_kad_post_title":"","_kad_post_layout":"","_kad_post_sidebar_id":"","_kad_post_content_style":"","_kad_post_vertical_padding":"","_kad_post_feature":"","_kad_post_feature_position":"","_kad_post_header":false,"_kad_post_footer":false,"_kad_post_classname":"","footnotes":""},"categories":[7],"tags":[9,353,197,341,1758],"class_list":["post-9814","post","type-post","status-publish","format-standard","has-post-thumbnail","hentry","category-ateliers-enfants","tag-atelier","tag-enfances-au-cinema","tag-feuilletoscope","tag-flipbook","tag-frederic-back"],"_links":{"self":[{"href":"https:\/\/lafilledecorinthe.com\/wordpress\/wp-json\/wp\/v2\/posts\/9814","targetHints":{"allow":["GET"]}}],"collection":[{"href":"https:\/\/lafilledecorinthe.com\/wordpress\/wp-json\/wp\/v2\/posts"}],"about":[{"href":"https:\/\/lafilledecorinthe.com\/wordpress\/wp-json\/wp\/v2\/types\/post"}],"author":[{"embeddable":true,"href":"https:\/\/lafilledecorinthe.com\/wordpress\/wp-json\/wp\/v2\/users\/2"}],"replies":[{"embeddable":true,"href":"https:\/\/lafilledecorinthe.com\/wordpress\/wp-json\/wp\/v2\/comments?post=9814"}],"version-history":[{"count":11,"href":"https:\/\/lafilledecorinthe.com\/wordpress\/wp-json\/wp\/v2\/posts\/9814\/revisions"}],"predecessor-version":[{"id":14832,"href":"https:\/\/lafilledecorinthe.com\/wordpress\/wp-json\/wp\/v2\/posts\/9814\/revisions\/14832"}],"wp:featuredmedia":[{"embeddable":true,"href":"https:\/\/lafilledecorinthe.com\/wordpress\/wp-json\/wp\/v2\/media\/9815"}],"wp:attachment":[{"href":"https:\/\/lafilledecorinthe.com\/wordpress\/wp-json\/wp\/v2\/media?parent=9814"}],"wp:term":[{"taxonomy":"category","embeddable":true,"href":"https:\/\/lafilledecorinthe.com\/wordpress\/wp-json\/wp\/v2\/categories?post=9814"},{"taxonomy":"post_tag","embeddable":true,"href":"https:\/\/lafilledecorinthe.com\/wordpress\/wp-json\/wp\/v2\/tags?post=9814"}],"curies":[{"name":"wp","href":"https:\/\/api.w.org\/{rel}","templated":true}]}}