{"id":9797,"date":"2019-05-17T18:32:15","date_gmt":"2019-05-17T17:32:15","guid":{"rendered":"http:\/\/lafilledecorinthe.com\/wordpress\/?p=9797"},"modified":"2025-12-07T07:38:33","modified_gmt":"2025-12-07T06:38:33","slug":"atelier-une-petite-histoire-de-cinema-75","status":"publish","type":"post","link":"https:\/\/lafilledecorinthe.com\/wordpress\/2019\/05\/atelier-une-petite-histoire-de-cinema-75\/","title":{"rendered":"Atelier \u00ab\u00a0Une petite histoire de cin\u00e9ma\u00a0\u00bb, 75"},"content":{"rendered":"\n<p>En lien avec le dispositif <a href=\"http:\/\/www.enfancesaucinema.net\/mon-1er-cinema\/la-programmation-2018-2019\/58.html\">\u00ab\u00a0Mon Premier Cin\u00e9ma\u00a0\u00bb<\/a>, les \u00e9l\u00e8ves de petite section et moyenne section des \u00e9coles maternelles parisiennes ont d\u00e9couvert l&rsquo;histoire des images qui bougent.<\/p>\n\n\n<div class=\"wp-block-image\">\n<figure class=\"aligncenter\"><a href=\"https:\/\/lafilledecorinthe.com\/wordpress\/wp-content\/uploads\/2019\/05\/Morgane.jpg\"><img loading=\"lazy\" decoding=\"async\" width=\"3315\" height=\"2114\" src=\"https:\/\/lafilledecorinthe.com\/wordpress\/wp-content\/uploads\/2019\/05\/Morgane.jpg\" alt=\"Morgane\" class=\"wp-image-9799\" srcset=\"https:\/\/lafilledecorinthe.com\/wordpress\/wp-content\/uploads\/2019\/05\/Morgane.jpg 3315w, https:\/\/lafilledecorinthe.com\/wordpress\/wp-content\/uploads\/2019\/05\/Morgane-680x434.jpg 680w, https:\/\/lafilledecorinthe.com\/wordpress\/wp-content\/uploads\/2019\/05\/Morgane-1280x816.jpg 1280w, https:\/\/lafilledecorinthe.com\/wordpress\/wp-content\/uploads\/2019\/05\/Morgane-470x300.jpg 470w\" sizes=\"auto, (max-width: 3315px) 100vw, 3315px\" \/><\/a><\/figure>\n<\/div>\n\n<div class=\"wp-block-image\">\n<figure class=\"aligncenter\"><a href=\"https:\/\/lafilledecorinthe.com\/wordpress\/wp-content\/uploads\/2019\/05\/Elodie.png\"><img loading=\"lazy\" decoding=\"async\" width=\"670\" height=\"614\" src=\"https:\/\/lafilledecorinthe.com\/wordpress\/wp-content\/uploads\/2019\/05\/Elodie.png\" alt=\"Elodie\" class=\"wp-image-9800\" srcset=\"https:\/\/lafilledecorinthe.com\/wordpress\/wp-content\/uploads\/2019\/05\/Elodie.png 670w, https:\/\/lafilledecorinthe.com\/wordpress\/wp-content\/uploads\/2019\/05\/Elodie-327x300.png 327w\" sizes=\"auto, (max-width: 670px) 100vw, 670px\" \/><\/a><\/figure>\n<\/div>\n\n\n<p><\/p>\n\n\n\n<p class=\"p1\"><span class=\"s1\">A l\u2019aube de l\u2019humanit\u00e9,&nbsp;les hommes ont cr\u00e9\u00e9 les premi\u00e8res images anim\u00e9es en jouant avec les ombres de leur corps ou celles de marionnettes.<br><\/span><\/p>\n\n\n<div class=\"wp-block-image\">\n<figure class=\"aligncenter\"><a href=\"https:\/\/lafilledecorinthe.com\/wordpress\/wp-content\/uploads\/2019\/05\/Aude.jpg\"><img loading=\"lazy\" decoding=\"async\" width=\"738\" height=\"588\" src=\"https:\/\/lafilledecorinthe.com\/wordpress\/wp-content\/uploads\/2019\/05\/Aude.jpg\" alt=\"Aude\" class=\"wp-image-9801\" srcset=\"https:\/\/lafilledecorinthe.com\/wordpress\/wp-content\/uploads\/2019\/05\/Aude.jpg 738w, https:\/\/lafilledecorinthe.com\/wordpress\/wp-content\/uploads\/2019\/05\/Aude-680x542.jpg 680w, https:\/\/lafilledecorinthe.com\/wordpress\/wp-content\/uploads\/2019\/05\/Aude-377x300.jpg 377w\" sizes=\"auto, (max-width: 738px) 100vw, 738px\" \/><\/a><\/figure>\n<\/div>\n\n\n<p class=\"p1\">L&rsquo;invention des lanternes magiques a permis de projeter des images en couleurs et de r\u00e9aliser les premiers travelling !<\/p>\n\n\n<div class=\"wp-block-image\">\n<figure class=\"aligncenter\"><img loading=\"lazy\" decoding=\"async\" width=\"2479\" height=\"1713\" src=\"https:\/\/lafilledecorinthe.com\/wordpress\/wp-content\/uploads\/2019\/05\/Anne.jpg\" alt=\"Anne\" class=\"wp-image-9802\" srcset=\"https:\/\/lafilledecorinthe.com\/wordpress\/wp-content\/uploads\/2019\/05\/Anne.jpg 2479w, https:\/\/lafilledecorinthe.com\/wordpress\/wp-content\/uploads\/2019\/05\/Anne-680x470.jpg 680w, https:\/\/lafilledecorinthe.com\/wordpress\/wp-content\/uploads\/2019\/05\/Anne-1280x884.jpg 1280w, https:\/\/lafilledecorinthe.com\/wordpress\/wp-content\/uploads\/2019\/05\/Anne-434x300.jpg 434w\" sizes=\"auto, (max-width: 2479px) 100vw, 2479px\" \/><\/figure>\n<\/div>\n\n\n<p class=\"p1\"><\/p>\n\n\n<div class=\"wp-block-image\">\n<figure class=\"aligncenter\"><a href=\"https:\/\/lafilledecorinthe.com\/wordpress\/wp-content\/uploads\/2019\/05\/IMG_8381.jpg\"><img loading=\"lazy\" decoding=\"async\" width=\"3264\" height=\"2448\" src=\"https:\/\/lafilledecorinthe.com\/wordpress\/wp-content\/uploads\/2019\/05\/IMG_8381.jpg\" alt=\"IMG_8381\" class=\"wp-image-9804\" srcset=\"https:\/\/lafilledecorinthe.com\/wordpress\/wp-content\/uploads\/2019\/05\/IMG_8381.jpg 3264w, https:\/\/lafilledecorinthe.com\/wordpress\/wp-content\/uploads\/2019\/05\/IMG_8381-680x510.jpg 680w, https:\/\/lafilledecorinthe.com\/wordpress\/wp-content\/uploads\/2019\/05\/IMG_8381-1280x960.jpg 1280w, https:\/\/lafilledecorinthe.com\/wordpress\/wp-content\/uploads\/2019\/05\/IMG_8381-400x300.jpg 400w\" sizes=\"auto, (max-width: 3264px) 100vw, 3264px\" \/><\/a><\/figure>\n<\/div>\n\n\n<p class=\"p1\"><\/p>\n\n\n\n<p class=\"p1\">Le XIX \u00e8me si\u00e8cle est riche de nombreux jouets optiques qui annoncent le cin\u00e9ma : thaumatrope, praxinoscope et flipbook &#8230;<\/p>\n","protected":false},"excerpt":{"rendered":"<p>En lien avec le dispositif \u00ab\u00a0Mon Premier Cin\u00e9ma\u00a0\u00bb, les \u00e9l\u00e8ves de petite section et moyenne section des \u00e9coles maternelles parisiennes ont d\u00e9couvert l&rsquo;histoire des images qui bougent. A l\u2019aube de l\u2019humanit\u00e9,&nbsp;les hommes ont cr\u00e9\u00e9 les premi\u00e8res images anim\u00e9es en jouant avec les ombres de leur corps ou celles de marionnettes. L&rsquo;invention des lanternes magiques a&#8230;<\/p>\n","protected":false},"author":2,"featured_media":9798,"comment_status":"open","ping_status":"open","sticky":false,"template":"","format":"standard","meta":{"_kad_post_transparent":"","_kad_post_title":"","_kad_post_layout":"","_kad_post_sidebar_id":"","_kad_post_content_style":"","_kad_post_vertical_padding":"","_kad_post_feature":"","_kad_post_feature_position":"","_kad_post_header":false,"_kad_post_footer":false,"_kad_post_classname":"","footnotes":""},"categories":[7],"tags":[354,1835],"class_list":["post-9797","post","type-post","status-publish","format-standard","has-post-thumbnail","hentry","category-ateliers-enfants","tag-mon-premier-cinema","tag-une-petite-histoire-de-cinema"],"_links":{"self":[{"href":"https:\/\/lafilledecorinthe.com\/wordpress\/wp-json\/wp\/v2\/posts\/9797","targetHints":{"allow":["GET"]}}],"collection":[{"href":"https:\/\/lafilledecorinthe.com\/wordpress\/wp-json\/wp\/v2\/posts"}],"about":[{"href":"https:\/\/lafilledecorinthe.com\/wordpress\/wp-json\/wp\/v2\/types\/post"}],"author":[{"embeddable":true,"href":"https:\/\/lafilledecorinthe.com\/wordpress\/wp-json\/wp\/v2\/users\/2"}],"replies":[{"embeddable":true,"href":"https:\/\/lafilledecorinthe.com\/wordpress\/wp-json\/wp\/v2\/comments?post=9797"}],"version-history":[{"count":4,"href":"https:\/\/lafilledecorinthe.com\/wordpress\/wp-json\/wp\/v2\/posts\/9797\/revisions"}],"predecessor-version":[{"id":9807,"href":"https:\/\/lafilledecorinthe.com\/wordpress\/wp-json\/wp\/v2\/posts\/9797\/revisions\/9807"}],"wp:featuredmedia":[{"embeddable":true,"href":"https:\/\/lafilledecorinthe.com\/wordpress\/wp-json\/wp\/v2\/media\/9798"}],"wp:attachment":[{"href":"https:\/\/lafilledecorinthe.com\/wordpress\/wp-json\/wp\/v2\/media?parent=9797"}],"wp:term":[{"taxonomy":"category","embeddable":true,"href":"https:\/\/lafilledecorinthe.com\/wordpress\/wp-json\/wp\/v2\/categories?post=9797"},{"taxonomy":"post_tag","embeddable":true,"href":"https:\/\/lafilledecorinthe.com\/wordpress\/wp-json\/wp\/v2\/tags?post=9797"}],"curies":[{"name":"wp","href":"https:\/\/api.w.org\/{rel}","templated":true}]}}