{"id":9780,"date":"2019-05-17T14:30:03","date_gmt":"2019-05-17T13:30:03","guid":{"rendered":"http:\/\/lafilledecorinthe.com\/wordpress\/?p=9780"},"modified":"2025-12-07T07:41:05","modified_gmt":"2025-12-07T06:41:05","slug":"droles-de-cigognes-au-select-dantony","status":"publish","type":"post","link":"https:\/\/lafilledecorinthe.com\/wordpress\/2019\/05\/droles-de-cigognes-au-select-dantony\/","title":{"rendered":"\u00ab\u00a0Dr\u00f4les de cigognes !\u00a0\u00bb au S\u00e9lect d&rsquo;Antony"},"content":{"rendered":"\n<p>&nbsp;Le distributeur <em><a href=\"http:\/\/www.malavidafilms.com\/cinema\/drolesdecigognes!\" target=\"_blank\" rel=\"noopener\">Malavida Films<\/a>&nbsp;<\/em>aime les courts m\u00e9trages<em>&nbsp;<\/em>de la r\u00e9alisatrice tch\u00e8que,&nbsp;Hermina Tyrlova,&nbsp;pionni\u00e8re du cin\u00e9ma \u00ab\u00a0image par image\u00a0\u00bb.&nbsp;Apr\u00e8s les premi\u00e8res aventures de <em>Ferda la Fourmi <\/em>sorties en 2016<em>, <\/em>deux autres programmes<em>&nbsp;<\/em>ont permis<em>&nbsp;<\/em>au public fran\u00e7ais de d\u00e9couvrir l&rsquo;ampleur de son oeuvre.<br><em>Dr\u00f4les de Cigognes ! <\/em>qui&nbsp;regroupe cinq courts m\u00e9trages r\u00e9alis\u00e9s entre 1966 et 1982&nbsp;nous montre une nouvelle fois la dext\u00e9rit\u00e9 de la cin\u00e9aste&nbsp;\u00e0&nbsp;cr\u00e9er des univers enchanteurs&nbsp;avec&nbsp;des brins de laines, des pantins traditionnels ou de la p\u00e2te \u00e0 pain !<\/p>\n\n\n<div class=\"wp-block-image\">\n<figure class=\"aligncenter\"><a href=\"https:\/\/lafilledecorinthe.com\/wordpress\/wp-content\/uploads\/2019\/05\/programmes2.jpg\"><img loading=\"lazy\" decoding=\"async\" width=\"5152\" height=\"3864\" src=\"https:\/\/lafilledecorinthe.com\/wordpress\/wp-content\/uploads\/2019\/05\/programmes2.jpg\" alt=\"programmes2\" class=\"wp-image-9784\" srcset=\"https:\/\/lafilledecorinthe.com\/wordpress\/wp-content\/uploads\/2019\/05\/programmes2.jpg 5152w, https:\/\/lafilledecorinthe.com\/wordpress\/wp-content\/uploads\/2019\/05\/programmes2-680x510.jpg 680w, https:\/\/lafilledecorinthe.com\/wordpress\/wp-content\/uploads\/2019\/05\/programmes2-1280x960.jpg 1280w, https:\/\/lafilledecorinthe.com\/wordpress\/wp-content\/uploads\/2019\/05\/programmes2-400x300.jpg 400w\" sizes=\"auto, (max-width: 5152px) 100vw, 5152px\" \/><\/a><\/figure>\n<\/div>\n\n\n<p>\u00a0Apr\u00e8s la projection,\u00a0un atelier en famille a r\u00e9unit enfants et adultes\u00a0autour de la cr\u00e9ation de poup\u00e9es de laine&#8230;<\/p>\n\n\n<div class=\"wp-block-image\">\n<figure class=\"aligncenter\"><a href=\"https:\/\/lafilledecorinthe.com\/wordpress\/wp-content\/uploads\/2019\/05\/IMG_9204.jpg\"><img loading=\"lazy\" decoding=\"async\" width=\"4032\" height=\"3024\" src=\"https:\/\/lafilledecorinthe.com\/wordpress\/wp-content\/uploads\/2019\/05\/IMG_9204.jpg\" alt=\"IMG_9204\" class=\"wp-image-9785\" srcset=\"https:\/\/lafilledecorinthe.com\/wordpress\/wp-content\/uploads\/2019\/05\/IMG_9204.jpg 4032w, https:\/\/lafilledecorinthe.com\/wordpress\/wp-content\/uploads\/2019\/05\/IMG_9204-680x510.jpg 680w, https:\/\/lafilledecorinthe.com\/wordpress\/wp-content\/uploads\/2019\/05\/IMG_9204-1280x960.jpg 1280w, https:\/\/lafilledecorinthe.com\/wordpress\/wp-content\/uploads\/2019\/05\/IMG_9204-400x300.jpg 400w\" sizes=\"auto, (max-width: 4032px) 100vw, 4032px\" \/><\/a><\/figure>\n<\/div>\n\n<div class=\"wp-block-image\">\n<figure class=\"aligncenter\"><a href=\"https:\/\/lafilledecorinthe.com\/wordpress\/wp-content\/uploads\/2019\/05\/IMG_9193.jpg\"><img loading=\"lazy\" decoding=\"async\" width=\"4032\" height=\"3024\" src=\"https:\/\/lafilledecorinthe.com\/wordpress\/wp-content\/uploads\/2019\/05\/IMG_9193.jpg\" alt=\"IMG_9193\" class=\"wp-image-9787\" srcset=\"https:\/\/lafilledecorinthe.com\/wordpress\/wp-content\/uploads\/2019\/05\/IMG_9193.jpg 4032w, https:\/\/lafilledecorinthe.com\/wordpress\/wp-content\/uploads\/2019\/05\/IMG_9193-680x510.jpg 680w, https:\/\/lafilledecorinthe.com\/wordpress\/wp-content\/uploads\/2019\/05\/IMG_9193-1280x960.jpg 1280w, https:\/\/lafilledecorinthe.com\/wordpress\/wp-content\/uploads\/2019\/05\/IMG_9193-400x300.jpg 400w\" sizes=\"auto, (max-width: 4032px) 100vw, 4032px\" \/><\/a><\/figure>\n<\/div>\n\n<div class=\"wp-block-image\">\n<figure class=\"aligncenter\"><a href=\"https:\/\/lafilledecorinthe.com\/wordpress\/wp-content\/uploads\/2019\/05\/IMG_9207.jpg\"><img loading=\"lazy\" decoding=\"async\" width=\"4032\" height=\"3024\" src=\"https:\/\/lafilledecorinthe.com\/wordpress\/wp-content\/uploads\/2019\/05\/IMG_9207.jpg\" alt=\"IMG_9207\" class=\"wp-image-9788\" srcset=\"https:\/\/lafilledecorinthe.com\/wordpress\/wp-content\/uploads\/2019\/05\/IMG_9207.jpg 4032w, https:\/\/lafilledecorinthe.com\/wordpress\/wp-content\/uploads\/2019\/05\/IMG_9207-680x510.jpg 680w, https:\/\/lafilledecorinthe.com\/wordpress\/wp-content\/uploads\/2019\/05\/IMG_9207-1280x960.jpg 1280w, https:\/\/lafilledecorinthe.com\/wordpress\/wp-content\/uploads\/2019\/05\/IMG_9207-400x300.jpg 400w\" sizes=\"auto, (max-width: 4032px) 100vw, 4032px\" \/><\/a><\/figure>\n<\/div>\n\n<div class=\"wp-block-image\">\n<figure class=\"aligncenter\"><a href=\"https:\/\/lafilledecorinthe.com\/wordpress\/wp-content\/uploads\/2019\/05\/Atelier-poupe\u0301es-de-laine-038.jpg\"><img loading=\"lazy\" decoding=\"async\" width=\"5152\" height=\"3864\" src=\"https:\/\/lafilledecorinthe.com\/wordpress\/wp-content\/uploads\/2019\/05\/Atelier-poupe\u0301es-de-laine-038.jpg\" alt=\"Atelier poupe\u0301es de laine 038\" class=\"wp-image-9789\" srcset=\"https:\/\/lafilledecorinthe.com\/wordpress\/wp-content\/uploads\/2019\/05\/Atelier-poupe\u0301es-de-laine-038.jpg 5152w, https:\/\/lafilledecorinthe.com\/wordpress\/wp-content\/uploads\/2019\/05\/Atelier-poupe\u0301es-de-laine-038-680x510.jpg 680w, https:\/\/lafilledecorinthe.com\/wordpress\/wp-content\/uploads\/2019\/05\/Atelier-poupe\u0301es-de-laine-038-1280x960.jpg 1280w, https:\/\/lafilledecorinthe.com\/wordpress\/wp-content\/uploads\/2019\/05\/Atelier-poupe\u0301es-de-laine-038-400x300.jpg 400w\" sizes=\"auto, (max-width: 5152px) 100vw, 5152px\" \/><\/a><\/figure>\n<\/div>\n\n<div class=\"wp-block-image\">\n<figure class=\"aligncenter\"><a href=\"https:\/\/lafilledecorinthe.com\/wordpress\/wp-content\/uploads\/2019\/05\/Atelier-poupe\u0301es-de-laine-024.jpg\"><img loading=\"lazy\" decoding=\"async\" width=\"5152\" height=\"3864\" src=\"https:\/\/lafilledecorinthe.com\/wordpress\/wp-content\/uploads\/2019\/05\/Atelier-poupe\u0301es-de-laine-024.jpg\" alt=\"Atelier poupe\u0301es de laine 024\" class=\"wp-image-9790\" srcset=\"https:\/\/lafilledecorinthe.com\/wordpress\/wp-content\/uploads\/2019\/05\/Atelier-poupe\u0301es-de-laine-024.jpg 5152w, https:\/\/lafilledecorinthe.com\/wordpress\/wp-content\/uploads\/2019\/05\/Atelier-poupe\u0301es-de-laine-024-680x510.jpg 680w, https:\/\/lafilledecorinthe.com\/wordpress\/wp-content\/uploads\/2019\/05\/Atelier-poupe\u0301es-de-laine-024-1280x960.jpg 1280w, https:\/\/lafilledecorinthe.com\/wordpress\/wp-content\/uploads\/2019\/05\/Atelier-poupe\u0301es-de-laine-024-400x300.jpg 400w\" sizes=\"auto, (max-width: 5152px) 100vw, 5152px\" \/><\/a><\/figure>\n<\/div>\n\n\n<p><\/p>\n\n\n\n<figure class=\"wp-block-embed is-type-video is-provider-youtube wp-block-embed-youtube wp-embed-aspect-16-9 wp-has-aspect-ratio\"><div class=\"wp-block-embed__wrapper\">\n<iframe loading=\"lazy\" title=\"Dro\u0302les de cigognes !\" width=\"720\" height=\"405\" src=\"https:\/\/www.youtube.com\/embed\/Xb6dCPBOkeY?feature=oembed\" frameborder=\"0\" allow=\"accelerometer; autoplay; clipboard-write; encrypted-media; gyroscope; picture-in-picture; web-share\" referrerpolicy=\"strict-origin-when-cross-origin\" allowfullscreen><\/iframe>\n<\/div><\/figure>\n","protected":false},"excerpt":{"rendered":"<p>&nbsp;Le distributeur Malavida Films&nbsp;aime les courts m\u00e9trages&nbsp;de la r\u00e9alisatrice tch\u00e8que,&nbsp;Hermina Tyrlova,&nbsp;pionni\u00e8re du cin\u00e9ma \u00ab\u00a0image par image\u00a0\u00bb.&nbsp;Apr\u00e8s les premi\u00e8res aventures de Ferda la Fourmi sorties en 2016, deux autres programmes&nbsp;ont permis&nbsp;au public fran\u00e7ais de d\u00e9couvrir l&rsquo;ampleur de son oeuvre.Dr\u00f4les de Cigognes ! qui&nbsp;regroupe cinq courts m\u00e9trages r\u00e9alis\u00e9s entre 1966 et 1982&nbsp;nous montre une nouvelle fois la&#8230;<\/p>\n","protected":false},"author":2,"featured_media":9781,"comment_status":"open","ping_status":"open","sticky":false,"template":"","format":"standard","meta":{"_kad_post_transparent":"","_kad_post_title":"","_kad_post_layout":"","_kad_post_sidebar_id":"","_kad_post_content_style":"","_kad_post_vertical_padding":"","_kad_post_feature":"","_kad_post_feature_position":"","_kad_post_header":false,"_kad_post_footer":false,"_kad_post_classname":"","footnotes":""},"categories":[7],"tags":[1833,1237,1834,1235],"class_list":["post-9780","post","type-post","status-publish","format-standard","has-post-thumbnail","hentry","category-ateliers-enfants","tag-droles-de-cigognes","tag-hermina-tyrlova","tag-malavida-films","tag-select-dantony"],"_links":{"self":[{"href":"https:\/\/lafilledecorinthe.com\/wordpress\/wp-json\/wp\/v2\/posts\/9780","targetHints":{"allow":["GET"]}}],"collection":[{"href":"https:\/\/lafilledecorinthe.com\/wordpress\/wp-json\/wp\/v2\/posts"}],"about":[{"href":"https:\/\/lafilledecorinthe.com\/wordpress\/wp-json\/wp\/v2\/types\/post"}],"author":[{"embeddable":true,"href":"https:\/\/lafilledecorinthe.com\/wordpress\/wp-json\/wp\/v2\/users\/2"}],"replies":[{"embeddable":true,"href":"https:\/\/lafilledecorinthe.com\/wordpress\/wp-json\/wp\/v2\/comments?post=9780"}],"version-history":[{"count":11,"href":"https:\/\/lafilledecorinthe.com\/wordpress\/wp-json\/wp\/v2\/posts\/9780\/revisions"}],"predecessor-version":[{"id":14834,"href":"https:\/\/lafilledecorinthe.com\/wordpress\/wp-json\/wp\/v2\/posts\/9780\/revisions\/14834"}],"wp:featuredmedia":[{"embeddable":true,"href":"https:\/\/lafilledecorinthe.com\/wordpress\/wp-json\/wp\/v2\/media\/9781"}],"wp:attachment":[{"href":"https:\/\/lafilledecorinthe.com\/wordpress\/wp-json\/wp\/v2\/media?parent=9780"}],"wp:term":[{"taxonomy":"category","embeddable":true,"href":"https:\/\/lafilledecorinthe.com\/wordpress\/wp-json\/wp\/v2\/categories?post=9780"},{"taxonomy":"post_tag","embeddable":true,"href":"https:\/\/lafilledecorinthe.com\/wordpress\/wp-json\/wp\/v2\/tags?post=9780"}],"curies":[{"name":"wp","href":"https:\/\/api.w.org\/{rel}","templated":true}]}}