{"id":9744,"date":"2019-04-15T16:34:31","date_gmt":"2019-04-15T15:34:31","guid":{"rendered":"http:\/\/lafilledecorinthe.com\/wordpress\/?p=9744"},"modified":"2025-12-07T07:42:26","modified_gmt":"2025-12-07T06:42:26","slug":"atelier-jumpologie-au-chateau-du-val-fleury","status":"publish","type":"post","link":"https:\/\/lafilledecorinthe.com\/wordpress\/2019\/04\/atelier-jumpologie-au-chateau-du-val-fleury\/","title":{"rendered":"Atelier \u00ab\u00a0Jumpologie\u00a0\u00bb au ch\u00e2teau du Val Fleury&#8230;"},"content":{"rendered":"\n<p><em>\u00ab\u00a0Si j&rsquo;aime la photographie, ce doit \u00eatre, outre le plaisir et l&rsquo;\u00e9motion de la forme, pour le plaisir de prolonger l&rsquo;\u00e9ph\u00e9m\u00e8re, de sauver l&rsquo;instant.\u00a0\u00bb<\/em><br>Pierre Jamet cit\u00e9 dans le livre \u00ab\u00a0Belle-\u00cele en mer, 1930-1960\u00a0\u00bb, Hengoun \u00c9ditions, 2009<\/p>\n\n\n\n<p>Le ch\u00e2teau du Val Fleury de Gif-sur-Yvette propose jusqu&rsquo;au\u00a030 avril une tr\u00e8s belle exposition consacr\u00e9e \u00e0 l&rsquo;oeuvre photographique de Pierre Jamet. Sous le titre <em>Eclatante Jeunesse<\/em>, c&rsquo;est la p\u00e9riode des ann\u00e9es 30 avec notamment le d\u00e9veloppement des voyages et des vacances pour tous qui est particuli\u00e8rement mise en valeur.<br>Dans ce cadre idyllique, j&rsquo;ai eu le plaisir d&rsquo;animer deux visites-ateliers en famille&#8230;<\/p>\n\n\n<div class=\"wp-block-image\">\n<figure class=\"aligncenter\"><a href=\"https:\/\/lafilledecorinthe.com\/wordpress\/wp-content\/uploads\/2019\/04\/2.jpeg\"><img loading=\"lazy\" decoding=\"async\" width=\"2304\" height=\"2879\" src=\"https:\/\/lafilledecorinthe.com\/wordpress\/wp-content\/uploads\/2019\/04\/2.jpeg\" alt=\"2\" class=\"wp-image-9746\" srcset=\"https:\/\/lafilledecorinthe.com\/wordpress\/wp-content\/uploads\/2019\/04\/2.jpeg 2304w, https:\/\/lafilledecorinthe.com\/wordpress\/wp-content\/uploads\/2019\/04\/2-544x680.jpeg 544w, https:\/\/lafilledecorinthe.com\/wordpress\/wp-content\/uploads\/2019\/04\/2-1024x1280.jpeg 1024w, https:\/\/lafilledecorinthe.com\/wordpress\/wp-content\/uploads\/2019\/04\/2-240x300.jpeg 240w\" sizes=\"auto, (max-width: 2304px) 100vw, 2304px\" \/><\/a><figcaption class=\"wp-element-caption\">D\u00e9couvrir une s\u00e9lection d&rsquo;oeuvres dans l&rsquo;exposition&#8230;<\/figcaption><\/figure>\n<\/div>\n\n\n<p>Apr\u00e8s la visite de l&rsquo;exposition, nous nous sommes int\u00e9ress\u00e9s \u00e0 une question essentielle dans l&rsquo;histoire de la photographie et dans la pratique de Pierre Jamet : comment capturer&nbsp;un sujet en mouvement&#8230;<\/p>\n\n\n<div class=\"wp-block-image\">\n<figure class=\"aligncenter\"><a href=\"https:\/\/lafilledecorinthe.com\/wordpress\/wp-content\/uploads\/2019\/04\/3.jpeg\"><img loading=\"lazy\" decoding=\"async\" width=\"2304\" height=\"1978\" src=\"https:\/\/lafilledecorinthe.com\/wordpress\/wp-content\/uploads\/2019\/04\/3.jpeg\" alt=\"3\" class=\"wp-image-9747\" srcset=\"https:\/\/lafilledecorinthe.com\/wordpress\/wp-content\/uploads\/2019\/04\/3.jpeg 2304w, https:\/\/lafilledecorinthe.com\/wordpress\/wp-content\/uploads\/2019\/04\/3-680x584.jpeg 680w, https:\/\/lafilledecorinthe.com\/wordpress\/wp-content\/uploads\/2019\/04\/3-1280x1099.jpeg 1280w, https:\/\/lafilledecorinthe.com\/wordpress\/wp-content\/uploads\/2019\/04\/3-349x300.jpeg 349w\" sizes=\"auto, (max-width: 2304px) 100vw, 2304px\" \/><\/a><figcaption class=\"wp-element-caption\">Manipuler\u00a0une \u00ab\u00a0camera obscura\u00a0\u00bb &#8230;<\/figcaption><\/figure>\n<\/div>\n\n<div class=\"wp-block-image\">\n<figure class=\"aligncenter\"><a href=\"https:\/\/lafilledecorinthe.com\/wordpress\/wp-content\/uploads\/2019\/04\/4.jpeg\"><img loading=\"lazy\" decoding=\"async\" width=\"2304\" height=\"2926\" src=\"https:\/\/lafilledecorinthe.com\/wordpress\/wp-content\/uploads\/2019\/04\/4.jpeg\" alt=\"4\" class=\"wp-image-9751\" srcset=\"https:\/\/lafilledecorinthe.com\/wordpress\/wp-content\/uploads\/2019\/04\/4.jpeg 2304w, https:\/\/lafilledecorinthe.com\/wordpress\/wp-content\/uploads\/2019\/04\/4-535x680.jpeg 535w, https:\/\/lafilledecorinthe.com\/wordpress\/wp-content\/uploads\/2019\/04\/4-1008x1280.jpeg 1008w, https:\/\/lafilledecorinthe.com\/wordpress\/wp-content\/uploads\/2019\/04\/4-236x300.jpeg 236w\" sizes=\"auto, (max-width: 2304px) 100vw, 2304px\" \/><\/a><figcaption class=\"wp-element-caption\">&#8230;et des flip books r\u00e9alis\u00e9s \u00e0 partir de photographies d&rsquo;Etienne-Jules Marey et d&rsquo;Eadweard Muybridge.<\/figcaption><\/figure>\n<\/div>\n\n\n<p>L&rsquo;atelier s&rsquo;est termin\u00e9 par un moment sportif, une autre activit\u00e9&nbsp;pris\u00e9e par&nbsp;Pierre Jamet !&nbsp; &nbsp;Nous nous sommes inspir\u00e9s <a href=\"http:\/\/philippehalsman.com\/?image=jumps\" target=\"_blank\" rel=\"noopener\">des sauts<\/a> du photographe am\u00e9ricain&nbsp;Philippe Halsman pour une s\u00e9ance de <em>Jumpologie<\/em>. <em>Y&rsquo;a d&rsquo;la joie<\/em> !<\/p>\n\n\n<div class=\"wp-block-image\">\n<figure class=\"aligncenter\"><a href=\"https:\/\/lafilledecorinthe.com\/wordpress\/wp-content\/uploads\/2019\/04\/Saut-1.png\"><img loading=\"lazy\" decoding=\"async\" width=\"1240\" height=\"646\" src=\"https:\/\/lafilledecorinthe.com\/wordpress\/wp-content\/uploads\/2019\/04\/Saut-1.png\" alt=\"Saut 1\" class=\"wp-image-9766\" srcset=\"https:\/\/lafilledecorinthe.com\/wordpress\/wp-content\/uploads\/2019\/04\/Saut-1.png 1240w, https:\/\/lafilledecorinthe.com\/wordpress\/wp-content\/uploads\/2019\/04\/Saut-1-680x354.png 680w, https:\/\/lafilledecorinthe.com\/wordpress\/wp-content\/uploads\/2019\/04\/Saut-1-500x260.png 500w\" sizes=\"auto, (max-width: 1240px) 100vw, 1240px\" \/><\/a><\/figure>\n<\/div>\n\n\n<p><\/p>\n\n\n<div class=\"wp-block-image\">\n<figure class=\"aligncenter\"><a href=\"https:\/\/lafilledecorinthe.com\/wordpress\/wp-content\/uploads\/2019\/04\/Saut-2.png\"><img loading=\"lazy\" decoding=\"async\" width=\"1460\" height=\"646\" src=\"https:\/\/lafilledecorinthe.com\/wordpress\/wp-content\/uploads\/2019\/04\/Saut-2.png\" alt=\"Saut 2\" class=\"wp-image-9765\" srcset=\"https:\/\/lafilledecorinthe.com\/wordpress\/wp-content\/uploads\/2019\/04\/Saut-2.png 1460w, https:\/\/lafilledecorinthe.com\/wordpress\/wp-content\/uploads\/2019\/04\/Saut-2-680x301.png 680w, https:\/\/lafilledecorinthe.com\/wordpress\/wp-content\/uploads\/2019\/04\/Saut-2-1280x566.png 1280w, https:\/\/lafilledecorinthe.com\/wordpress\/wp-content\/uploads\/2019\/04\/Saut-2-500x221.png 500w\" sizes=\"auto, (max-width: 1460px) 100vw, 1460px\" \/><\/a><\/figure>\n<\/div>\n\n\n<p><\/p>\n\n\n<div class=\"wp-block-image\">\n<figure class=\"aligncenter\"><a href=\"https:\/\/lafilledecorinthe.com\/wordpress\/wp-content\/uploads\/2019\/04\/Saut-3.png\"><img loading=\"lazy\" decoding=\"async\" width=\"1454\" height=\"646\" src=\"https:\/\/lafilledecorinthe.com\/wordpress\/wp-content\/uploads\/2019\/04\/Saut-3.png\" alt=\"Saut 3\" class=\"wp-image-9764\" srcset=\"https:\/\/lafilledecorinthe.com\/wordpress\/wp-content\/uploads\/2019\/04\/Saut-3.png 1454w, https:\/\/lafilledecorinthe.com\/wordpress\/wp-content\/uploads\/2019\/04\/Saut-3-680x302.png 680w, https:\/\/lafilledecorinthe.com\/wordpress\/wp-content\/uploads\/2019\/04\/Saut-3-1280x569.png 1280w, https:\/\/lafilledecorinthe.com\/wordpress\/wp-content\/uploads\/2019\/04\/Saut-3-500x222.png 500w\" sizes=\"auto, (max-width: 1454px) 100vw, 1454px\" \/><\/a><\/figure>\n<\/div>\n\n\n<p><\/p>\n\n\n\n<p>Pour en savoir plus sur l&rsquo;exposition : un article de Corinne Bacharach, <em><a href=\"http:\/\/corinneb.net\/pierre-jamet-photographe-humaniste\">Pierre Jamet, photographe humaniste<\/a>, <\/em>un interview de <a title=\"Corinne Jamet Vierny, responsable du fonds photographique de Pierre Jamet\" href=\"https:\/\/lafilledecorinthe.com\/wordpress\/2019\/01\/corinne-jamet-vierny-responsable-du-fonds-photographique-de-pierre-jamet\/\">Corinne Jamet<\/a> et le lien de la page <a href=\"https:\/\/www.instagram.com\/expovalfleury\/\">Instagram<\/a> du Val Fleury&#8230;<\/p>\n","protected":false},"excerpt":{"rendered":"<p>\u00ab\u00a0Si j&rsquo;aime la photographie, ce doit \u00eatre, outre le plaisir et l&rsquo;\u00e9motion de la forme, pour le plaisir de prolonger l&rsquo;\u00e9ph\u00e9m\u00e8re, de sauver l&rsquo;instant.\u00a0\u00bbPierre Jamet cit\u00e9 dans le livre \u00ab\u00a0Belle-\u00cele en mer, 1930-1960\u00a0\u00bb, Hengoun \u00c9ditions, 2009 Le ch\u00e2teau du Val Fleury de Gif-sur-Yvette propose jusqu&rsquo;au\u00a030 avril une tr\u00e8s belle exposition consacr\u00e9e \u00e0 l&rsquo;oeuvre photographique de&#8230;<\/p>\n","protected":false},"author":2,"featured_media":9745,"comment_status":"open","ping_status":"open","sticky":false,"template":"","format":"standard","meta":{"_kad_post_transparent":"","_kad_post_title":"","_kad_post_layout":"","_kad_post_sidebar_id":"","_kad_post_content_style":"","_kad_post_vertical_padding":"","_kad_post_feature":"","_kad_post_feature_position":"","_kad_post_header":false,"_kad_post_footer":false,"_kad_post_classname":"","footnotes":""},"categories":[7],"tags":[1831,1786,1832,1787,1785],"class_list":["post-9744","post","type-post","status-publish","format-standard","has-post-thumbnail","hentry","category-ateliers-enfants","tag-atelier-jumpologie","tag-chateau-du-val-fleury","tag-eclatante-jeunesse","tag-gif-sur-yvette","tag-pierre-jamet"],"_links":{"self":[{"href":"https:\/\/lafilledecorinthe.com\/wordpress\/wp-json\/wp\/v2\/posts\/9744","targetHints":{"allow":["GET"]}}],"collection":[{"href":"https:\/\/lafilledecorinthe.com\/wordpress\/wp-json\/wp\/v2\/posts"}],"about":[{"href":"https:\/\/lafilledecorinthe.com\/wordpress\/wp-json\/wp\/v2\/types\/post"}],"author":[{"embeddable":true,"href":"https:\/\/lafilledecorinthe.com\/wordpress\/wp-json\/wp\/v2\/users\/2"}],"replies":[{"embeddable":true,"href":"https:\/\/lafilledecorinthe.com\/wordpress\/wp-json\/wp\/v2\/comments?post=9744"}],"version-history":[{"count":16,"href":"https:\/\/lafilledecorinthe.com\/wordpress\/wp-json\/wp\/v2\/posts\/9744\/revisions"}],"predecessor-version":[{"id":14837,"href":"https:\/\/lafilledecorinthe.com\/wordpress\/wp-json\/wp\/v2\/posts\/9744\/revisions\/14837"}],"wp:featuredmedia":[{"embeddable":true,"href":"https:\/\/lafilledecorinthe.com\/wordpress\/wp-json\/wp\/v2\/media\/9745"}],"wp:attachment":[{"href":"https:\/\/lafilledecorinthe.com\/wordpress\/wp-json\/wp\/v2\/media?parent=9744"}],"wp:term":[{"taxonomy":"category","embeddable":true,"href":"https:\/\/lafilledecorinthe.com\/wordpress\/wp-json\/wp\/v2\/categories?post=9744"},{"taxonomy":"post_tag","embeddable":true,"href":"https:\/\/lafilledecorinthe.com\/wordpress\/wp-json\/wp\/v2\/tags?post=9744"}],"curies":[{"name":"wp","href":"https:\/\/api.w.org\/{rel}","templated":true}]}}