{"id":9710,"date":"2019-03-29T17:39:06","date_gmt":"2019-03-29T16:39:06","guid":{"rendered":"http:\/\/lafilledecorinthe.com\/wordpress\/?p=9710"},"modified":"2025-12-07T07:43:25","modified_gmt":"2025-12-07T06:43:25","slug":"mon-papi-sest-cache-anne-huynh","status":"publish","type":"post","link":"https:\/\/lafilledecorinthe.com\/wordpress\/2019\/03\/mon-papi-sest-cache-anne-huynh\/","title":{"rendered":"\u00ab\u00a0Mon Papi s&rsquo;est cach\u00e9\u00a0\u00bb, Anne Huynh"},"content":{"rendered":"\n<p>Dans le cadre du Festival Cin\u00e9 Junior, le service culturel de la ville de Gentilly m&rsquo;a invit\u00e9 \u00e0 accompagner la projection des courts m\u00e9trages de la comp\u00e9tition&nbsp; \u00ab\u00a07-10 ans\u00a0\u00bb.&nbsp;Une belle occasion de d\u00e9couvrir en salle des films inattendus.<\/p>\n\n\n<div class=\"wp-block-image\">\n<figure class=\"aligncenter\"><a href=\"https:\/\/lafilledecorinthe.com\/wordpress\/wp-content\/uploads\/2019\/03\/compet.jpeg\"><img loading=\"lazy\" decoding=\"async\" width=\"1390\" height=\"938\" src=\"https:\/\/lafilledecorinthe.com\/wordpress\/wp-content\/uploads\/2019\/03\/compet.jpeg\" alt=\"compet\" class=\"wp-image-9712\" srcset=\"https:\/\/lafilledecorinthe.com\/wordpress\/wp-content\/uploads\/2019\/03\/compet.jpeg 1390w, https:\/\/lafilledecorinthe.com\/wordpress\/wp-content\/uploads\/2019\/03\/compet-680x459.jpeg 680w, https:\/\/lafilledecorinthe.com\/wordpress\/wp-content\/uploads\/2019\/03\/compet-1280x864.jpeg 1280w, https:\/\/lafilledecorinthe.com\/wordpress\/wp-content\/uploads\/2019\/03\/compet-445x300.jpeg 445w\" sizes=\"auto, (max-width: 1390px) 100vw, 1390px\" \/><\/a><figcaption class=\"wp-element-caption\">S\u00e9ance du 22 f\u00e9vrier 2019<\/figcaption><\/figure>\n<\/div>\n\n\n<p>Cette premi\u00e8re rencontre s&rsquo;est poursuivie pour deux classes par un atelier d&rsquo;analyse d&rsquo;image.&nbsp; J&rsquo;ai choisi de mettre en valeur le travail de la jeune r\u00e9alisatrice Anne Huynh en proposant notamment aux \u00e9l\u00e8ves de retrouver des \u00e9l\u00e9ments communs entre son premier court m\u00e9trage \u00ab\u00a0<em> L&rsquo;\u00e9cole des Beaux-Arts<\/em>\u00a0\u00bb et \u00ab\u00a0<em>Mon Papi s&rsquo;est cach\u00e9\u00a0\u00bb<\/em>. L&rsquo;importance de la transmission, la pr\u00e9sence de la nature \u00e0 travers un jardin ou une fleur de papier et la repr\u00e9sentation d&rsquo;un personnage \u00e0 deux \u00e2ges diff\u00e9rents ont \u00e9t\u00e9 soulign\u00e9es par les \u00e9l\u00e8ves.&nbsp; &nbsp; &nbsp; &nbsp; &nbsp; &nbsp; &nbsp; &nbsp; &nbsp; &nbsp; &nbsp; &nbsp; &nbsp; &nbsp; &nbsp; Nous nous sommes int\u00e9ress\u00e9s aussi \u00e0 sa technique que les enfants ont pu associer \u00e0 celle de&nbsp;la r\u00e9alisatrice Florence Miailhe, d\u00e9couverte lors de l&rsquo;exposition <a href=\"https:\/\/www.miyu.fr\/galerie\/expositions\/nature-surnaturelle\/\" target=\"_blank\" rel=\"noopener\">\u00ab\u00a0Nature Surnaturelle\u00a0\u00bb<\/a>.<\/p>\n\n\n<div class=\"wp-block-image\">\n<figure class=\"aligncenter\"><a href=\"https:\/\/lafilledecorinthe.com\/wordpress\/wp-content\/uploads\/2019\/03\/IMG_7893.jpeg\"><img loading=\"lazy\" decoding=\"async\" width=\"2448\" height=\"3264\" src=\"https:\/\/lafilledecorinthe.com\/wordpress\/wp-content\/uploads\/2019\/03\/IMG_7893.jpeg\" alt=\"IMG_7893\" class=\"wp-image-9721\" srcset=\"https:\/\/lafilledecorinthe.com\/wordpress\/wp-content\/uploads\/2019\/03\/IMG_7893.jpeg 2448w, https:\/\/lafilledecorinthe.com\/wordpress\/wp-content\/uploads\/2019\/03\/IMG_7893-510x680.jpeg 510w, https:\/\/lafilledecorinthe.com\/wordpress\/wp-content\/uploads\/2019\/03\/IMG_7893-960x1280.jpeg 960w, https:\/\/lafilledecorinthe.com\/wordpress\/wp-content\/uploads\/2019\/03\/IMG_7893-225x300.jpeg 225w\" sizes=\"auto, (max-width: 2448px) 100vw, 2448px\" \/><\/a><figcaption class=\"wp-element-caption\">Dessins originaux de Florence Miailhe, exposition \u00ab\u00a0Nature Surnaturelle\u00a0\u00bb<\/figcaption><\/figure>\n<\/div>\n\n<div class=\"wp-block-image wp-image-9715\">\n<figure class=\"aligncenter\"><img loading=\"lazy\" decoding=\"async\" width=\"3264\" height=\"2448\" src=\"https:\/\/lafilledecorinthe.com\/wordpress\/wp-content\/uploads\/2019\/03\/mon-papi4.jpg\" alt=\"mon papi4\" class=\"wp-image-9715\" srcset=\"https:\/\/lafilledecorinthe.com\/wordpress\/wp-content\/uploads\/2019\/03\/mon-papi4.jpg 3264w, https:\/\/lafilledecorinthe.com\/wordpress\/wp-content\/uploads\/2019\/03\/mon-papi4-680x510.jpg 680w, https:\/\/lafilledecorinthe.com\/wordpress\/wp-content\/uploads\/2019\/03\/mon-papi4-1280x960.jpg 1280w, https:\/\/lafilledecorinthe.com\/wordpress\/wp-content\/uploads\/2019\/03\/mon-papi4-400x300.jpg 400w\" sizes=\"auto, (max-width: 3264px) 100vw, 3264px\" \/><figcaption class=\"wp-element-caption\"><br>Anne Huynh travaille sur son film.<\/figcaption><\/figure>\n<\/div>\n\n\n<p>Les enfants ont ensuite jou\u00e9 \u00e0 animer des formes&#8230;<\/p>\n\n\n<div class=\"wp-block-image wp-image-9716\">\n<figure class=\"aligncenter\"><img loading=\"lazy\" decoding=\"async\" width=\"4032\" height=\"3024\" src=\"https:\/\/lafilledecorinthe.com\/wordpress\/wp-content\/uploads\/2019\/03\/les-deux.jpeg\" alt=\"les deux\" class=\"wp-image-9716\" srcset=\"https:\/\/lafilledecorinthe.com\/wordpress\/wp-content\/uploads\/2019\/03\/les-deux.jpeg 4032w, https:\/\/lafilledecorinthe.com\/wordpress\/wp-content\/uploads\/2019\/03\/les-deux-680x510.jpeg 680w, https:\/\/lafilledecorinthe.com\/wordpress\/wp-content\/uploads\/2019\/03\/les-deux-1280x960.jpeg 1280w, https:\/\/lafilledecorinthe.com\/wordpress\/wp-content\/uploads\/2019\/03\/les-deux-400x300.jpeg 400w\" sizes=\"auto, (max-width: 4032px) 100vw, 4032px\" \/><figcaption class=\"wp-element-caption\"><br>Ce jeu se joue \u00e0 deux. Chacun dessine une forme abstraite qu&rsquo;il passe \u00e0 son camarade. Charge \u00e0 lui de la compl\u00e9ter en r\u00e9alisant un dessin figuratif.<\/figcaption><\/figure>\n<\/div>\n\n<div class=\"wp-block-image\">\n<figure class=\"aligncenter\"><a href=\"https:\/\/lafilledecorinthe.com\/wordpress\/wp-content\/uploads\/2019\/03\/IMG_8523.jpeg\"><img loading=\"lazy\" decoding=\"async\" width=\"4032\" height=\"3024\" src=\"https:\/\/lafilledecorinthe.com\/wordpress\/wp-content\/uploads\/2019\/03\/IMG_8523.jpeg\" alt=\"IMG_8523\" class=\"wp-image-9717\" srcset=\"https:\/\/lafilledecorinthe.com\/wordpress\/wp-content\/uploads\/2019\/03\/IMG_8523.jpeg 4032w, https:\/\/lafilledecorinthe.com\/wordpress\/wp-content\/uploads\/2019\/03\/IMG_8523-680x510.jpeg 680w, https:\/\/lafilledecorinthe.com\/wordpress\/wp-content\/uploads\/2019\/03\/IMG_8523-1280x960.jpeg 1280w, https:\/\/lafilledecorinthe.com\/wordpress\/wp-content\/uploads\/2019\/03\/IMG_8523-400x300.jpeg 400w\" sizes=\"auto, (max-width: 4032px) 100vw, 4032px\" \/><\/a><figcaption class=\"wp-element-caption\">Ce dessin figuratif sera ensuite anim\u00e9 dans un feuilletoscope.<\/figcaption><\/figure>\n<\/div>\n\n\n<p>Merci \u00e0 Anne Huynh et \u00e0 Anthony Browne pour cette id\u00e9e d&rsquo;atelier !<\/p>\n\n\n\n<figure class=\"wp-block-embed is-type-video is-provider-youtube wp-block-embed-youtube wp-embed-aspect-16-9 wp-has-aspect-ratio\"><div class=\"wp-block-embed__wrapper\">\n<iframe loading=\"lazy\" title=\"Le Jeu des formes\" width=\"720\" height=\"405\" src=\"https:\/\/www.youtube.com\/embed\/RGBBX_qjN3g?feature=oembed\" frameborder=\"0\" allow=\"accelerometer; autoplay; clipboard-write; encrypted-media; gyroscope; picture-in-picture; web-share\" referrerpolicy=\"strict-origin-when-cross-origin\" allowfullscreen><\/iframe>\n<\/div><\/figure>\n","protected":false},"excerpt":{"rendered":"<p>Dans le cadre du Festival Cin\u00e9 Junior, le service culturel de la ville de Gentilly m&rsquo;a invit\u00e9 \u00e0 accompagner la projection des courts m\u00e9trages de la comp\u00e9tition&nbsp; \u00ab\u00a07-10 ans\u00a0\u00bb.&nbsp;Une belle occasion de d\u00e9couvrir en salle des films inattendus. Cette premi\u00e8re rencontre s&rsquo;est poursuivie pour deux classes par un atelier d&rsquo;analyse d&rsquo;image.&nbsp; J&rsquo;ai choisi de mettre&#8230;<\/p>\n","protected":false},"author":2,"featured_media":9711,"comment_status":"open","ping_status":"open","sticky":false,"template":"","format":"standard","meta":{"_kad_post_transparent":"","_kad_post_title":"","_kad_post_layout":"","_kad_post_sidebar_id":"","_kad_post_content_style":"","_kad_post_vertical_padding":"","_kad_post_feature":"","_kad_post_feature_position":"","_kad_post_header":false,"_kad_post_footer":false,"_kad_post_classname":"","footnotes":""},"categories":[7],"tags":[1830,1825,1803,1829,1827,1828,1824,1826],"class_list":["post-9710","post","type-post","status-publish","format-standard","has-post-thumbnail","hentry","category-ateliers-enfants","tag-nature-surnaturelle","tag-anne-huynnh","tag-festival-cine-junior","tag-florence-miailhe","tag-gentilly","tag-lecole-des-beaux-arts","tag-mon-papi-sest-cache","tag-service-culturel"],"_links":{"self":[{"href":"https:\/\/lafilledecorinthe.com\/wordpress\/wp-json\/wp\/v2\/posts\/9710","targetHints":{"allow":["GET"]}}],"collection":[{"href":"https:\/\/lafilledecorinthe.com\/wordpress\/wp-json\/wp\/v2\/posts"}],"about":[{"href":"https:\/\/lafilledecorinthe.com\/wordpress\/wp-json\/wp\/v2\/types\/post"}],"author":[{"embeddable":true,"href":"https:\/\/lafilledecorinthe.com\/wordpress\/wp-json\/wp\/v2\/users\/2"}],"replies":[{"embeddable":true,"href":"https:\/\/lafilledecorinthe.com\/wordpress\/wp-json\/wp\/v2\/comments?post=9710"}],"version-history":[{"count":11,"href":"https:\/\/lafilledecorinthe.com\/wordpress\/wp-json\/wp\/v2\/posts\/9710\/revisions"}],"predecessor-version":[{"id":14840,"href":"https:\/\/lafilledecorinthe.com\/wordpress\/wp-json\/wp\/v2\/posts\/9710\/revisions\/14840"}],"wp:featuredmedia":[{"embeddable":true,"href":"https:\/\/lafilledecorinthe.com\/wordpress\/wp-json\/wp\/v2\/media\/9711"}],"wp:attachment":[{"href":"https:\/\/lafilledecorinthe.com\/wordpress\/wp-json\/wp\/v2\/media?parent=9710"}],"wp:term":[{"taxonomy":"category","embeddable":true,"href":"https:\/\/lafilledecorinthe.com\/wordpress\/wp-json\/wp\/v2\/categories?post=9710"},{"taxonomy":"post_tag","embeddable":true,"href":"https:\/\/lafilledecorinthe.com\/wordpress\/wp-json\/wp\/v2\/tags?post=9710"}],"curies":[{"name":"wp","href":"https:\/\/api.w.org\/{rel}","templated":true}]}}