{"id":9660,"date":"2019-03-15T18:40:25","date_gmt":"2019-03-15T17:40:25","guid":{"rendered":"http:\/\/lafilledecorinthe.com\/wordpress\/?p=9660"},"modified":"2025-12-03T17:11:07","modified_gmt":"2025-12-03T16:11:07","slug":"ecole-et-cinema-92-le-chant-de-la-mer","status":"publish","type":"post","link":"https:\/\/lafilledecorinthe.com\/wordpress\/2019\/03\/ecole-et-cinema-92-le-chant-de-la-mer\/","title":{"rendered":"\u00ab\u00a0Ecole et cin\u00e9ma 92\u00a0\u00bb, Le Chant de la Mer"},"content":{"rendered":"\n<p><\/p>\n\n\n\n<p><em>\u00ab\u00a0Viens, enfant des hommes, viens vers le lac et vers la lande en tenant la main d&rsquo;une f\u00e9e.&nbsp; &nbsp;Car il y a plus de larmes au monde que tu ne peux comprendre.\u00a0\u00bb&nbsp;<\/em>&nbsp; &nbsp; &nbsp; &nbsp; &nbsp; &nbsp; &nbsp; &nbsp; &nbsp; &nbsp; &nbsp; &nbsp; &nbsp; &nbsp; &nbsp; &nbsp; &nbsp; &nbsp; &nbsp; &nbsp; &nbsp; &nbsp; &nbsp; &nbsp; &nbsp; &nbsp; &nbsp; &nbsp; &nbsp; &nbsp; &nbsp; &nbsp; &nbsp; &nbsp; &nbsp; &nbsp; &nbsp; &nbsp; &nbsp; &nbsp; William Butler Yeats, <em>The Stolen Child (L&rsquo;enfant vol\u00e9)<\/em>, 1886<\/p>\n\n\n\n<p><strong>Projection-conf\u00e9rence :<\/strong><br><em>Le\u00a0chant de la Mer<\/em>\u00a0de Tomm Moore,\u00a02014<br>Co-anim\u00e9e avec Claire Frayssignes<br>Cin\u00e9ma\u00a0<em>Jean Vigo<\/em>\u00a0de Gennevilliers<br>Samedi\u00a016 mars 2019<br>Cin\u00e9ma\u00a0<em>Le Rex<\/em>\u00a0de Ch\u00e2tenay-Malabry<br>Samedi 23 mars 2019<\/p>\n\n\n\n<p><strong>Documents \u00e0 t\u00e9l\u00e9charger :<\/strong>&nbsp;<a href=\"https:\/\/lafilledecorinthe.com\/wordpress\/wp-content\/uploads\/2019\/03\/Pour-aller-plus-loin1.pdf\">Pour aller plus loin1<\/a>,&nbsp;<a href=\"https:\/\/lafilledecorinthe.com\/wordpress\/wp-content\/uploads\/2019\/03\/Pour-aller-plus-loin2-.pdf\">Pour aller plus loin2<\/a>,&nbsp;<a href=\"https:\/\/lafilledecorinthe.com\/wordpress\/wp-content\/uploads\/2019\/03\/Du-re\u0301el-a\u0300-l\u2019imaginaire-1.pdf\">Du re\u0301el a\u0300 l\u2019imaginaire 1<\/a>,&nbsp;<a href=\"https:\/\/lafilledecorinthe.com\/wordpress\/wp-content\/uploads\/2019\/03\/Du-re\u0301el-a\u0300-l\u2019imaginaire-2-.pdf\">Du re\u0301el a\u0300 l\u2019imaginaire 2<\/a>,&nbsp;<a href=\"https:\/\/lafilledecorinthe.com\/wordpress\/wp-content\/uploads\/2019\/03\/Connor.pdf\">Connor<\/a>,&nbsp;<a href=\"https:\/\/lafilledecorinthe.com\/wordpress\/wp-content\/uploads\/2019\/03\/Les-anniversaires.pdf\">Les anniversaires<\/a>,&nbsp;<a href=\"https:\/\/lafilledecorinthe.com\/wordpress\/wp-content\/uploads\/2019\/03\/Le-ge\u0301ant-Mac-Lir-et-les-origines-celtes-de-la-fe\u0302te-d\u2019Halloween-.pdf\">Le ge\u0301ant Mac Lir et les origines celtes de la fe\u0302te d\u2019Halloween<\/a>,&nbsp;<a href=\"https:\/\/lafilledecorinthe.com\/wordpress\/wp-content\/uploads\/2019\/03\/poe\u0300me-et-chant-de-la-mer-.pdf\">poe\u0300me et chant de la mer<\/a>,&nbsp;<a href=\"https:\/\/lafilledecorinthe.com\/wordpress\/wp-content\/uploads\/2019\/03\/Synopsis.pdf\">Synopsis<\/a>,&nbsp;<a href=\"https:\/\/lafilledecorinthe.com\/wordpress\/wp-content\/uploads\/2019\/03\/Des-avis-sur-le-film.pdf\">Des avis sur le film<\/a>,&nbsp;<a href=\"https:\/\/lafilledecorinthe.com\/wordpress\/wp-content\/uploads\/2019\/03\/Cercles-et-spirales.pdf\">Cercles et spirales<\/a><\/p>\n\n\n\n<p>Le premier trailer du <em>Chant de la Mer&#8230;<\/em><\/p>\n\n\n\n<figure class=\"wp-block-embed is-type-video is-provider-youtube wp-block-embed-youtube wp-embed-aspect-16-9 wp-has-aspect-ratio\"><div class=\"wp-block-embed__wrapper\">\n<iframe loading=\"lazy\" title=\"Le Chant de la mer\" width=\"720\" height=\"405\" src=\"https:\/\/www.youtube.com\/embed\/CPvdQu9ON-M?start=54&#038;feature=oembed\" frameborder=\"0\" allow=\"accelerometer; autoplay; clipboard-write; encrypted-media; gyroscope; picture-in-picture; web-share\" referrerpolicy=\"strict-origin-when-cross-origin\" allowfullscreen><\/iframe>\n<\/div><\/figure>\n\n\n\n<p><em>La chanson de la mer, <\/em>de Birdpaula et&nbsp;Nolwenn Leroy, 2014<\/p>\n\n\n\n<figure class=\"wp-block-embed is-type-video is-provider-youtube wp-block-embed-youtube wp-embed-aspect-16-9 wp-has-aspect-ratio\"><div class=\"wp-block-embed__wrapper\">\n<iframe loading=\"lazy\" title=\"La Chanson de la Mer - PAROLES\/LYRICS - Nolwenn Leroy\" width=\"720\" height=\"405\" src=\"https:\/\/www.youtube.com\/embed\/Y73Gu7IlTz4?feature=oembed\" frameborder=\"0\" allow=\"accelerometer; autoplay; clipboard-write; encrypted-media; gyroscope; picture-in-picture; web-share\" referrerpolicy=\"strict-origin-when-cross-origin\" allowfullscreen><\/iframe>\n<\/div><\/figure>\n","protected":false},"excerpt":{"rendered":"<p>\u00ab\u00a0Viens, enfant des hommes, viens vers le lac et vers la lande en tenant la main d&rsquo;une f\u00e9e.&nbsp; &nbsp;Car il y a plus de larmes au monde que tu ne peux comprendre.\u00a0\u00bb&nbsp;&nbsp; &nbsp; &nbsp; &nbsp; &nbsp; &nbsp; &nbsp; &nbsp; &nbsp; &nbsp; &nbsp; &nbsp; &nbsp; &nbsp; &nbsp; &nbsp; &nbsp; &nbsp; &nbsp; &nbsp; &nbsp; &nbsp; &nbsp; &nbsp;&#8230;<\/p>\n","protected":false},"author":2,"featured_media":9679,"comment_status":"open","ping_status":"open","sticky":false,"template":"","format":"standard","meta":{"_kad_post_transparent":"","_kad_post_title":"","_kad_post_layout":"","_kad_post_sidebar_id":"","_kad_post_content_style":"","_kad_post_vertical_padding":"","_kad_post_feature":"","_kad_post_feature_position":"","_kad_post_header":false,"_kad_post_footer":false,"_kad_post_classname":"","footnotes":""},"categories":[8],"tags":[1823,1246,373,1820,1822,1821],"class_list":["post-9660","post","type-post","status-publish","format-standard","has-post-thumbnail","hentry","category-formations-adultes","tag-birdpaula","tag-claire-frayssignes","tag-ecole-et-cinema-92","tag-le-chant-de-la-mer","tag-nolwenn-leroy","tag-tomm-moore"],"_links":{"self":[{"href":"https:\/\/lafilledecorinthe.com\/wordpress\/wp-json\/wp\/v2\/posts\/9660","targetHints":{"allow":["GET"]}}],"collection":[{"href":"https:\/\/lafilledecorinthe.com\/wordpress\/wp-json\/wp\/v2\/posts"}],"about":[{"href":"https:\/\/lafilledecorinthe.com\/wordpress\/wp-json\/wp\/v2\/types\/post"}],"author":[{"embeddable":true,"href":"https:\/\/lafilledecorinthe.com\/wordpress\/wp-json\/wp\/v2\/users\/2"}],"replies":[{"embeddable":true,"href":"https:\/\/lafilledecorinthe.com\/wordpress\/wp-json\/wp\/v2\/comments?post=9660"}],"version-history":[{"count":23,"href":"https:\/\/lafilledecorinthe.com\/wordpress\/wp-json\/wp\/v2\/posts\/9660\/revisions"}],"predecessor-version":[{"id":9708,"href":"https:\/\/lafilledecorinthe.com\/wordpress\/wp-json\/wp\/v2\/posts\/9660\/revisions\/9708"}],"wp:featuredmedia":[{"embeddable":true,"href":"https:\/\/lafilledecorinthe.com\/wordpress\/wp-json\/wp\/v2\/media\/9679"}],"wp:attachment":[{"href":"https:\/\/lafilledecorinthe.com\/wordpress\/wp-json\/wp\/v2\/media?parent=9660"}],"wp:term":[{"taxonomy":"category","embeddable":true,"href":"https:\/\/lafilledecorinthe.com\/wordpress\/wp-json\/wp\/v2\/categories?post=9660"},{"taxonomy":"post_tag","embeddable":true,"href":"https:\/\/lafilledecorinthe.com\/wordpress\/wp-json\/wp\/v2\/tags?post=9660"}],"curies":[{"name":"wp","href":"https:\/\/api.w.org\/{rel}","templated":true}]}}