{"id":9616,"date":"2019-02-25T11:38:00","date_gmt":"2019-02-25T10:38:00","guid":{"rendered":"http:\/\/lafilledecorinthe.com\/wordpress\/?p=9616"},"modified":"2025-12-03T17:14:16","modified_gmt":"2025-12-03T16:14:16","slug":"les-enfants-dabord-au-jeu-de-paume-17","status":"publish","type":"post","link":"https:\/\/lafilledecorinthe.com\/wordpress\/2019\/02\/les-enfants-dabord-au-jeu-de-paume-17\/","title":{"rendered":"\u00ab\u00a0Les enfants d&rsquo;abord !\u00a0\u00bb au Jeu de Paume 17"},"content":{"rendered":"\n<p><\/p>\n\n\n\n<p class=\"p1\"><span class=\"s1\"><em>\u00ab&nbsp;Mes photographies sont en couleur parce que le monde r\u00e9el n\u2019est pas en noir et blanc et parce que les pellicules et les papiers pour la photographie en couleur ont \u00e9t\u00e9 invent\u00e9s.&nbsp;\u00bb&nbsp;<\/em> &nbsp; &nbsp; &nbsp; &nbsp; &nbsp; &nbsp; &nbsp; &nbsp; &nbsp; &nbsp; &nbsp; &nbsp; &nbsp; &nbsp; &nbsp; &nbsp; &nbsp; &nbsp; &nbsp; &nbsp; &nbsp; &nbsp; &nbsp; &nbsp; &nbsp; &nbsp; &nbsp; &nbsp;&nbsp;<\/span>Luigi Ghirri, \u00ab&nbsp;Fotografie del periodo iniziale -1970-1973&nbsp;\u00bb<\/p>\n\n\n<div class=\"wp-block-image\">\n<figure class=\"aligncenter\"><a href=\"https:\/\/lafilledecorinthe.com\/wordpress\/wp-content\/uploads\/2019\/02\/Modena-1972-page-30.jpeg\"><img loading=\"lazy\" decoding=\"async\" width=\"1896\" height=\"1162\" src=\"https:\/\/lafilledecorinthe.com\/wordpress\/wp-content\/uploads\/2019\/02\/Modena-1972-page-30.jpeg\" alt=\"Modena, 1972 page 30\" class=\"wp-image-9622\" srcset=\"https:\/\/lafilledecorinthe.com\/wordpress\/wp-content\/uploads\/2019\/02\/Modena-1972-page-30.jpeg 1896w, https:\/\/lafilledecorinthe.com\/wordpress\/wp-content\/uploads\/2019\/02\/Modena-1972-page-30-680x417.jpeg 680w, https:\/\/lafilledecorinthe.com\/wordpress\/wp-content\/uploads\/2019\/02\/Modena-1972-page-30-1280x784.jpeg 1280w, https:\/\/lafilledecorinthe.com\/wordpress\/wp-content\/uploads\/2019\/02\/Modena-1972-page-30-490x300.jpeg 490w\" sizes=\"auto, (max-width: 1896px) 100vw, 1896px\" \/><\/a><figcaption class=\"wp-element-caption\">Modena, 1972, Luigi Ghirri<\/figcaption><\/figure>\n<\/div>\n\n\n<p>Un nouvel atelier des <em>Enfants d&rsquo;abord !<\/em>,&nbsp;<em><a href=\"http:\/\/www.jeudepaume.org\/index.php?page=article&amp;idArt=1644\" target=\"_blank\" rel=\"noopener\">Colorama<\/a>,<\/em> accompagne l&rsquo;exposition du photographe italien. Les enfants r\u00e9alisent la palette chromatique d&rsquo;une s\u00e9lection de&nbsp;photos de Luigi Ghirri.<em>&nbsp; &nbsp; &nbsp;<\/em><\/p>\n\n\n<div class=\"wp-block-image\">\n<figure class=\"aligncenter\"><a href=\"https:\/\/lafilledecorinthe.com\/wordpress\/wp-content\/uploads\/2019\/02\/ciel.jpeg\"><img loading=\"lazy\" decoding=\"async\" width=\"4307\" height=\"2966\" src=\"https:\/\/lafilledecorinthe.com\/wordpress\/wp-content\/uploads\/2019\/02\/ciel.jpeg\" alt=\"ciel\" class=\"wp-image-9628\" srcset=\"https:\/\/lafilledecorinthe.com\/wordpress\/wp-content\/uploads\/2019\/02\/ciel.jpeg 4307w, https:\/\/lafilledecorinthe.com\/wordpress\/wp-content\/uploads\/2019\/02\/ciel-680x468.jpeg 680w, https:\/\/lafilledecorinthe.com\/wordpress\/wp-content\/uploads\/2019\/02\/ciel-1280x881.jpeg 1280w, https:\/\/lafilledecorinthe.com\/wordpress\/wp-content\/uploads\/2019\/02\/ciel-436x300.jpeg 436w\" sizes=\"auto, (max-width: 4307px) 100vw, 4307px\" \/><\/a><figcaption class=\"wp-element-caption\">Le ciel est-il toujours bleu ?<\/figcaption><\/figure>\n<\/div>\n\n<div class=\"wp-block-image\">\n<figure class=\"aligncenter\"><a href=\"https:\/\/lafilledecorinthe.com\/wordpress\/wp-content\/uploads\/2019\/02\/IMG_0743.jpeg\"><img loading=\"lazy\" decoding=\"async\" width=\"2871\" height=\"3352\" src=\"https:\/\/lafilledecorinthe.com\/wordpress\/wp-content\/uploads\/2019\/02\/IMG_0743.jpeg\" alt=\"IMG_0743\" class=\"wp-image-9629\" srcset=\"https:\/\/lafilledecorinthe.com\/wordpress\/wp-content\/uploads\/2019\/02\/IMG_0743.jpeg 2871w, https:\/\/lafilledecorinthe.com\/wordpress\/wp-content\/uploads\/2019\/02\/IMG_0743-582x680.jpeg 582w, https:\/\/lafilledecorinthe.com\/wordpress\/wp-content\/uploads\/2019\/02\/IMG_0743-1096x1280.jpeg 1096w, https:\/\/lafilledecorinthe.com\/wordpress\/wp-content\/uploads\/2019\/02\/IMG_0743-257x300.jpeg 257w\" sizes=\"auto, (max-width: 2871px) 100vw, 2871px\" \/><\/a><figcaption class=\"wp-element-caption\">Un face-\u00e0-face myst\u00e9rieux<\/figcaption><\/figure>\n<\/div>\n\n<div class=\"wp-block-image\">\n<figure class=\"aligncenter\"><a href=\"https:\/\/lafilledecorinthe.com\/wordpress\/wp-content\/uploads\/2019\/02\/IMG_0751.jpeg\"><img loading=\"lazy\" decoding=\"async\" width=\"4107\" height=\"2893\" src=\"https:\/\/lafilledecorinthe.com\/wordpress\/wp-content\/uploads\/2019\/02\/IMG_0751.jpeg\" alt=\"IMG_0751\" class=\"wp-image-9630\" srcset=\"https:\/\/lafilledecorinthe.com\/wordpress\/wp-content\/uploads\/2019\/02\/IMG_0751.jpeg 4107w, https:\/\/lafilledecorinthe.com\/wordpress\/wp-content\/uploads\/2019\/02\/IMG_0751-680x479.jpeg 680w, https:\/\/lafilledecorinthe.com\/wordpress\/wp-content\/uploads\/2019\/02\/IMG_0751-1280x902.jpeg 1280w, https:\/\/lafilledecorinthe.com\/wordpress\/wp-content\/uploads\/2019\/02\/IMG_0751-426x300.jpeg 426w\" sizes=\"auto, (max-width: 4107px) 100vw, 4107px\" \/><\/a><figcaption class=\"wp-element-caption\">R\u00e9alisation de la palette chromatique d&rsquo;une photo gr\u00e2ce au logiciel <a href=\"https:\/\/pixlr.com\/editor\/\" target=\"_blank\" rel=\"noopener\">Pixlr Editor<\/a><\/figcaption><\/figure>\n<\/div>\n\n<div class=\"wp-block-image wp-image-9774\">\n<figure class=\"aligncenter\"><img loading=\"lazy\" decoding=\"async\" width=\"6000\" height=\"4000\" src=\"https:\/\/lafilledecorinthe.com\/wordpress\/wp-content\/uploads\/2019\/02\/IMG_1525.jpg\" alt=\"IMG_1525\" class=\"wp-image-9774\" srcset=\"https:\/\/lafilledecorinthe.com\/wordpress\/wp-content\/uploads\/2019\/02\/IMG_1525.jpg 6000w, https:\/\/lafilledecorinthe.com\/wordpress\/wp-content\/uploads\/2019\/02\/IMG_1525-680x453.jpg 680w, https:\/\/lafilledecorinthe.com\/wordpress\/wp-content\/uploads\/2019\/02\/IMG_1525-1280x853.jpg 1280w, https:\/\/lafilledecorinthe.com\/wordpress\/wp-content\/uploads\/2019\/02\/IMG_1525-450x300.jpg 450w\" sizes=\"auto, (max-width: 6000px) 100vw, 6000px\" \/><figcaption class=\"wp-element-caption\">Agrandir l&rsquo;image pour pr\u00e9lever les pixels color\u00e9s&#8230;<\/figcaption><\/figure>\n<\/div>\n\n<div class=\"wp-block-image wp-image-9775\">\n<figure class=\"aligncenter\"><img loading=\"lazy\" decoding=\"async\" width=\"5407\" height=\"3869\" src=\"https:\/\/lafilledecorinthe.com\/wordpress\/wp-content\/uploads\/2019\/02\/IMG_1531.jpeg\" alt=\"IMG_1531\" class=\"wp-image-9775\" srcset=\"https:\/\/lafilledecorinthe.com\/wordpress\/wp-content\/uploads\/2019\/02\/IMG_1531.jpeg 5407w, https:\/\/lafilledecorinthe.com\/wordpress\/wp-content\/uploads\/2019\/02\/IMG_1531-680x487.jpeg 680w, https:\/\/lafilledecorinthe.com\/wordpress\/wp-content\/uploads\/2019\/02\/IMG_1531-1280x916.jpeg 1280w, https:\/\/lafilledecorinthe.com\/wordpress\/wp-content\/uploads\/2019\/02\/IMG_1531-419x300.jpeg 419w\" sizes=\"auto, (max-width: 5407px) 100vw, 5407px\" \/><figcaption class=\"wp-element-caption\">Composer son porte-folio num\u00e9rique<\/figcaption><\/figure>\n<\/div>\n\n\n<p class=\"has-text-align-left\">Vous pouvez consulter l&rsquo;album&nbsp;<a href=\"http:\/\/digilib.netribe.it\/bdr01\/visore2\/index.php?pidCollection=Ghirri-07-Kodachrome-1978:108&amp;v=-1&amp;pidObject=Ghirri-07-Kodachrome-1978:108&amp;page=001_Copertina\" target=\"_blank\" rel=\"noopener\"><em>Kodakrome<\/em><\/a>&nbsp;en ligne&#8230;<\/p>\n","protected":false},"excerpt":{"rendered":"<p>\u00ab&nbsp;Mes photographies sont en couleur parce que le monde r\u00e9el n\u2019est pas en noir et blanc et parce que les pellicules et les papiers pour la photographie en couleur ont \u00e9t\u00e9 invent\u00e9s.&nbsp;\u00bb&nbsp; &nbsp; &nbsp; &nbsp; &nbsp; &nbsp; &nbsp; &nbsp; &nbsp; &nbsp; &nbsp; &nbsp; &nbsp; &nbsp; &nbsp; &nbsp; &nbsp; &nbsp; &nbsp; &nbsp; &nbsp; &nbsp; &nbsp; &nbsp;&#8230;<\/p>\n","protected":false},"author":2,"featured_media":9621,"comment_status":"open","ping_status":"open","sticky":false,"template":"","format":"standard","meta":{"_kad_post_transparent":"","_kad_post_title":"","_kad_post_layout":"","_kad_post_sidebar_id":"","_kad_post_content_style":"","_kad_post_vertical_padding":"","_kad_post_feature":"","_kad_post_feature_position":"","_kad_post_header":false,"_kad_post_footer":false,"_kad_post_classname":"","footnotes":""},"categories":[7],"tags":[9,1807,48,1809,190,1806,1808],"class_list":["post-9616","post","type-post","status-publish","format-standard","has-post-thumbnail","hentry","category-ateliers-enfants","tag-atelier","tag-colorama","tag-jeu-de-paume","tag-kodakrome","tag-les-enfants-dabord","tag-luigi-ghirri","tag-palette"],"_links":{"self":[{"href":"https:\/\/lafilledecorinthe.com\/wordpress\/wp-json\/wp\/v2\/posts\/9616","targetHints":{"allow":["GET"]}}],"collection":[{"href":"https:\/\/lafilledecorinthe.com\/wordpress\/wp-json\/wp\/v2\/posts"}],"about":[{"href":"https:\/\/lafilledecorinthe.com\/wordpress\/wp-json\/wp\/v2\/types\/post"}],"author":[{"embeddable":true,"href":"https:\/\/lafilledecorinthe.com\/wordpress\/wp-json\/wp\/v2\/users\/2"}],"replies":[{"embeddable":true,"href":"https:\/\/lafilledecorinthe.com\/wordpress\/wp-json\/wp\/v2\/comments?post=9616"}],"version-history":[{"count":24,"href":"https:\/\/lafilledecorinthe.com\/wordpress\/wp-json\/wp\/v2\/posts\/9616\/revisions"}],"predecessor-version":[{"id":9639,"href":"https:\/\/lafilledecorinthe.com\/wordpress\/wp-json\/wp\/v2\/posts\/9616\/revisions\/9639"}],"wp:featuredmedia":[{"embeddable":true,"href":"https:\/\/lafilledecorinthe.com\/wordpress\/wp-json\/wp\/v2\/media\/9621"}],"wp:attachment":[{"href":"https:\/\/lafilledecorinthe.com\/wordpress\/wp-json\/wp\/v2\/media?parent=9616"}],"wp:term":[{"taxonomy":"category","embeddable":true,"href":"https:\/\/lafilledecorinthe.com\/wordpress\/wp-json\/wp\/v2\/categories?post=9616"},{"taxonomy":"post_tag","embeddable":true,"href":"https:\/\/lafilledecorinthe.com\/wordpress\/wp-json\/wp\/v2\/tags?post=9616"}],"curies":[{"name":"wp","href":"https:\/\/api.w.org\/{rel}","templated":true}]}}