{"id":9601,"date":"2019-02-26T16:14:45","date_gmt":"2019-02-26T15:14:45","guid":{"rendered":"http:\/\/lafilledecorinthe.com\/wordpress\/?p=9601"},"modified":"2025-12-03T17:13:01","modified_gmt":"2025-12-03T16:13:01","slug":"festival-teleramaenfants-au-garde-chasse-des-lilas","status":"publish","type":"post","link":"https:\/\/lafilledecorinthe.com\/wordpress\/2019\/02\/festival-teleramaenfants-au-garde-chasse-des-lilas\/","title":{"rendered":"\u00ab\u00a0Festival T\u00e9l\u00e9rama&rsquo;enfants\u00a0\u00bb au Garde-Chasse des Lilas"},"content":{"rendered":"\n<p><\/p>\n\n\n\n<figure class=\"wp-block-embed is-type-video is-provider-youtube wp-block-embed-youtube wp-embed-aspect-16-9 wp-has-aspect-ratio\"><div class=\"wp-block-embed__wrapper\">\n<iframe loading=\"lazy\" title=\"Festival Cin\u00e9ma T\u00e9l\u00e9rama Enfants 2019 : bande annonce\" width=\"720\" height=\"405\" src=\"https:\/\/www.youtube.com\/embed\/iwZE2G50kcw?feature=oembed\" frameborder=\"0\" allow=\"accelerometer; autoplay; clipboard-write; encrypted-media; gyroscope; picture-in-picture; web-share\" referrerpolicy=\"strict-origin-when-cross-origin\" allowfullscreen><\/iframe>\n<\/div><\/figure>\n\n\n\n<p>Le programme <a href=\"https:\/\/www.folimage.fr\/fr\/distribution\/programmes\/petits-contes-sous-la-neige_27.htm\" target=\"_blank\" rel=\"noopener\">\u00ab\u00a0Petits contes sous la neige\u00a0\u00bb<\/a>, mardi 26 f\u00e9vrier 2019 \u00e0 11h00 accompagn\u00e9 de l&rsquo;atelier \u00ab\u00a0Dr\u00f4le de son \u00ab\u00a0<\/p>\n\n\n<div class=\"wp-block-image\">\n<figure class=\"aligncenter\"><a href=\"https:\/\/lafilledecorinthe.com\/wordpress\/wp-content\/uploads\/2019\/02\/IMG_8119.jpeg\"><img loading=\"lazy\" decoding=\"async\" width=\"3264\" height=\"2448\" src=\"https:\/\/lafilledecorinthe.com\/wordpress\/wp-content\/uploads\/2019\/02\/IMG_8119.jpeg\" alt=\"IMG_8119\" class=\"wp-image-9647\" srcset=\"https:\/\/lafilledecorinthe.com\/wordpress\/wp-content\/uploads\/2019\/02\/IMG_8119.jpeg 3264w, https:\/\/lafilledecorinthe.com\/wordpress\/wp-content\/uploads\/2019\/02\/IMG_8119-680x510.jpeg 680w, https:\/\/lafilledecorinthe.com\/wordpress\/wp-content\/uploads\/2019\/02\/IMG_8119-1280x960.jpeg 1280w, https:\/\/lafilledecorinthe.com\/wordpress\/wp-content\/uploads\/2019\/02\/IMG_8119-400x300.jpeg 400w\" sizes=\"auto, (max-width: 3264px) 100vw, 3264px\" \/><\/a><figcaption class=\"wp-element-caption\">Le mat\u00e9riel est pr\u00eat !<\/figcaption><\/figure>\n<\/div>\n\n<div class=\"wp-block-image\">\n<figure class=\"aligncenter\"><a href=\"https:\/\/lafilledecorinthe.com\/wordpress\/wp-content\/uploads\/2019\/02\/20190226_120227.jpeg\"><img loading=\"lazy\" decoding=\"async\" width=\"960\" height=\"540\" src=\"https:\/\/lafilledecorinthe.com\/wordpress\/wp-content\/uploads\/2019\/02\/20190226_120227.jpeg\" alt=\"20190226_120227\" class=\"wp-image-9655\" srcset=\"https:\/\/lafilledecorinthe.com\/wordpress\/wp-content\/uploads\/2019\/02\/20190226_120227.jpeg 960w, https:\/\/lafilledecorinthe.com\/wordpress\/wp-content\/uploads\/2019\/02\/20190226_120227-680x383.jpeg 680w, https:\/\/lafilledecorinthe.com\/wordpress\/wp-content\/uploads\/2019\/02\/20190226_120227-500x281.jpeg 500w\" sizes=\"auto, (max-width: 960px) 100vw, 960px\" \/><\/a><figcaption class=\"wp-element-caption\">La bande-son myst\u00e9rieuse&#8230;<\/figcaption><\/figure>\n<\/div>\n\n<div class=\"wp-block-image\">\n<figure class=\"aligncenter\"><a href=\"https:\/\/lafilledecorinthe.com\/wordpress\/wp-content\/uploads\/2019\/02\/IMG_8134.jpeg\"><img loading=\"lazy\" decoding=\"async\" width=\"3264\" height=\"2448\" src=\"https:\/\/lafilledecorinthe.com\/wordpress\/wp-content\/uploads\/2019\/02\/IMG_8134.jpeg\" alt=\"IMG_8134\" class=\"wp-image-9650\" srcset=\"https:\/\/lafilledecorinthe.com\/wordpress\/wp-content\/uploads\/2019\/02\/IMG_8134.jpeg 3264w, https:\/\/lafilledecorinthe.com\/wordpress\/wp-content\/uploads\/2019\/02\/IMG_8134-680x510.jpeg 680w, https:\/\/lafilledecorinthe.com\/wordpress\/wp-content\/uploads\/2019\/02\/IMG_8134-1280x960.jpeg 1280w, https:\/\/lafilledecorinthe.com\/wordpress\/wp-content\/uploads\/2019\/02\/IMG_8134-400x300.jpeg 400w\" sizes=\"auto, (max-width: 3264px) 100vw, 3264px\" \/><\/a><figcaption class=\"wp-element-caption\">Les parents aident pour faire chanter les ballons<\/figcaption><\/figure>\n<\/div>\n\n\n<p>Une chanson du groupe folk-m\u00e9tal, Pilgrim qui a compos\u00e9 la musique du tr\u00e8s beau \u00ab\u00a0Le&nbsp;r\u00e9veilleur\u00a0\u00bb de Filip Diviak.<\/p>\n\n\n\n<figure class=\"wp-block-embed is-type-video is-provider-youtube wp-block-embed-youtube wp-embed-aspect-16-9 wp-has-aspect-ratio\"><div class=\"wp-block-embed__wrapper\">\n<iframe loading=\"lazy\" title=\"Pilgrim - For Winter (Official Music Video)\" width=\"720\" height=\"405\" src=\"https:\/\/www.youtube.com\/embed\/pvBmPZVIBjI?feature=oembed\" frameborder=\"0\" allow=\"accelerometer; autoplay; clipboard-write; encrypted-media; gyroscope; picture-in-picture; web-share\" referrerpolicy=\"strict-origin-when-cross-origin\" allowfullscreen><\/iframe>\n<\/div><\/figure>\n\n\n\n<p>Le programme <a href=\"https:\/\/www.littlekmbo.com\/la-chasse-a-lours\" target=\"_blank\" rel=\"noopener\">\u00ab\u00a0La Chasse \u00e0 l&rsquo;Ours\u00a0\u00bb<\/a>, mardi 5 mars 2019 d\u00e8s 15H30 accompagn\u00e9 de l&rsquo;atelier \u00ab\u00a0De l&rsquo;album au film\u00a0\u00bb.<\/p>\n\n\n<div class=\"wp-block-image wp-image-9665\">\n<figure class=\"aligncenter\"><img loading=\"lazy\" decoding=\"async\" width=\"3264\" height=\"2448\" src=\"https:\/\/lafilledecorinthe.com\/wordpress\/wp-content\/uploads\/2019\/02\/IMG_8242.jpeg\" alt=\"IMG_8242\" class=\"wp-image-9665\" srcset=\"https:\/\/lafilledecorinthe.com\/wordpress\/wp-content\/uploads\/2019\/02\/IMG_8242.jpeg 3264w, https:\/\/lafilledecorinthe.com\/wordpress\/wp-content\/uploads\/2019\/02\/IMG_8242-680x510.jpeg 680w, https:\/\/lafilledecorinthe.com\/wordpress\/wp-content\/uploads\/2019\/02\/IMG_8242-1280x960.jpeg 1280w, https:\/\/lafilledecorinthe.com\/wordpress\/wp-content\/uploads\/2019\/02\/IMG_8242-400x300.jpeg 400w\" sizes=\"auto, (max-width: 3264px) 100vw, 3264px\" \/><figcaption class=\"wp-element-caption\">De l&rsquo;image fixe \u00e0 l&rsquo;image\u00a0en mouvement&#8230;<\/figcaption><\/figure>\n<\/div>\n\n<div class=\"wp-block-image\">\n<figure class=\"aligncenter\"><a href=\"https:\/\/lafilledecorinthe.com\/wordpress\/wp-content\/uploads\/2019\/02\/Atelier-05-03-19-10.jpeg\"><img loading=\"lazy\" decoding=\"async\" width=\"960\" height=\"540\" src=\"https:\/\/lafilledecorinthe.com\/wordpress\/wp-content\/uploads\/2019\/02\/Atelier-05-03-19-10.jpeg\" alt=\"Atelier 05-03-19 10\" class=\"wp-image-9682\" srcset=\"https:\/\/lafilledecorinthe.com\/wordpress\/wp-content\/uploads\/2019\/02\/Atelier-05-03-19-10.jpeg 960w, https:\/\/lafilledecorinthe.com\/wordpress\/wp-content\/uploads\/2019\/02\/Atelier-05-03-19-10-680x383.jpeg 680w, https:\/\/lafilledecorinthe.com\/wordpress\/wp-content\/uploads\/2019\/02\/Atelier-05-03-19-10-500x281.jpeg 500w\" sizes=\"auto, (max-width: 960px) 100vw, 960px\" \/><\/a><figcaption class=\"wp-element-caption\">Un \u00e9change anim\u00e9 apr\u00e8s la projection<\/figcaption><\/figure>\n<\/div>\n\n<div class=\"wp-block-image\">\n<figure class=\"aligncenter\"><a href=\"https:\/\/lafilledecorinthe.com\/wordpress\/wp-content\/uploads\/2019\/02\/IMG_8247.jpeg\"><img loading=\"lazy\" decoding=\"async\" width=\"3264\" height=\"2448\" src=\"https:\/\/lafilledecorinthe.com\/wordpress\/wp-content\/uploads\/2019\/02\/IMG_8247.jpeg\" alt=\"IMG_8247\" class=\"wp-image-9666\" srcset=\"https:\/\/lafilledecorinthe.com\/wordpress\/wp-content\/uploads\/2019\/02\/IMG_8247.jpeg 3264w, https:\/\/lafilledecorinthe.com\/wordpress\/wp-content\/uploads\/2019\/02\/IMG_8247-680x510.jpeg 680w, https:\/\/lafilledecorinthe.com\/wordpress\/wp-content\/uploads\/2019\/02\/IMG_8247-1280x960.jpeg 1280w, https:\/\/lafilledecorinthe.com\/wordpress\/wp-content\/uploads\/2019\/02\/IMG_8247-400x300.jpeg 400w\" sizes=\"auto, (max-width: 3264px) 100vw, 3264px\" \/><\/a><figcaption class=\"wp-element-caption\">Coloriage du feuilletoscope<\/figcaption><\/figure>\n<\/div>\n\n<div class=\"wp-playlist wp-video-playlist wp-playlist-light\">\n\t\t<video controls=\"controls\" preload=\"none\" width=\"1268\"\n\t\t height=\"713\"\t><\/video>\n\t<div class=\"wp-playlist-next\"><\/div>\n\t<div class=\"wp-playlist-prev\"><\/div>\n\t<noscript>\n\t<ol>\n\t\t<li><a href='https:\/\/lafilledecorinthe.com\/wordpress\/wp-content\/uploads\/2019\/02\/Le-feuilletoscope-sanime.mp4'>Le feuilletoscope s'anime<\/a><\/li>\t<\/ol>\n\t<\/noscript>\n\t<script type=\"application\/json\" class=\"wp-playlist-script\">{\"type\":\"video\",\"tracklist\":true,\"tracknumbers\":true,\"images\":true,\"artists\":true,\"tracks\":[{\"src\":\"https:\/\/lafilledecorinthe.com\/wordpress\/wp-content\/uploads\/2019\/02\/Le-feuilletoscope-sanime.mp4\",\"type\":\"video\/mp4\",\"title\":\"Le feuilletoscope s'anime\",\"caption\":\"\",\"description\":\"\",\"meta\":{\"length_formatted\":\"0:07\"},\"dimensions\":{\"original\":{\"width\":1920,\"height\":1080},\"resized\":{\"width\":1268,\"height\":713}},\"image\":{\"src\":\"https:\/\/lafilledecorinthe.com\/wordpress\/wp-includes\/images\/media\/video.svg\",\"width\":48,\"height\":64},\"thumb\":{\"src\":\"https:\/\/lafilledecorinthe.com\/wordpress\/wp-includes\/images\/media\/video.svg\",\"width\":48,\"height\":64}}]}<\/script>\n<\/div>\n\t\n\n\n\n<p>L&rsquo;auteur Micha\u00ebl Rosen interpr\u00e8te avec beaucoup de talent son texte en anglais.<\/p>\n\n\n\n<figure class=\"wp-block-embed is-type-video is-provider-youtube wp-block-embed-youtube wp-embed-aspect-16-9 wp-has-aspect-ratio\"><div class=\"wp-block-embed__wrapper\">\n<iframe loading=\"lazy\" title=\"We&#039;re Going on a Bear Hunt performed by Michael Rosen\" width=\"720\" height=\"405\" src=\"https:\/\/www.youtube.com\/embed\/2OI7fe766nk?start=90&#038;feature=oembed\" frameborder=\"0\" allow=\"accelerometer; autoplay; clipboard-write; encrypted-media; gyroscope; picture-in-picture; web-share\" referrerpolicy=\"strict-origin-when-cross-origin\" allowfullscreen><\/iframe>\n<\/div><\/figure>\n\n\n\n<p>Le making-of du film (en anglais)<\/p>\n\n\n\n<figure class=\"wp-block-embed is-type-video is-provider-youtube wp-block-embed-youtube wp-embed-aspect-16-9 wp-has-aspect-ratio\"><div class=\"wp-block-embed__wrapper\">\n<iframe loading=\"lazy\" title=\"The Making of We&#039;re Going On A Bear Hunt\" width=\"720\" height=\"405\" src=\"https:\/\/www.youtube.com\/embed\/VHWwhLWvyQw?feature=oembed\" frameborder=\"0\" allow=\"accelerometer; autoplay; clipboard-write; encrypted-media; gyroscope; picture-in-picture; web-share\" referrerpolicy=\"strict-origin-when-cross-origin\" allowfullscreen><\/iframe>\n<\/div><\/figure>\n\n\n\n<p>\u00ab\u00a0Me and You\u00a0\u00bb de George Ezra<\/p>\n\n\n\n<figure class=\"wp-block-embed is-type-video is-provider-youtube wp-block-embed-youtube wp-embed-aspect-4-3 wp-has-aspect-ratio\"><div class=\"wp-block-embed__wrapper\">\n<iframe loading=\"lazy\" title=\"Me &amp; You\" width=\"720\" height=\"540\" src=\"https:\/\/www.youtube.com\/embed\/TjpyanaBhB0?feature=oembed\" frameborder=\"0\" allow=\"accelerometer; autoplay; clipboard-write; encrypted-media; gyroscope; picture-in-picture; web-share\" referrerpolicy=\"strict-origin-when-cross-origin\" allowfullscreen><\/iframe>\n<\/div><\/figure>\n","protected":false},"excerpt":{"rendered":"<p>Le programme \u00ab\u00a0Petits contes sous la neige\u00a0\u00bb, mardi 26 f\u00e9vrier 2019 \u00e0 11h00 accompagn\u00e9 de l&rsquo;atelier \u00ab\u00a0Dr\u00f4le de son \u00ab\u00a0 Une chanson du groupe folk-m\u00e9tal, Pilgrim qui a compos\u00e9 la musique du tr\u00e8s beau \u00ab\u00a0Le&nbsp;r\u00e9veilleur\u00a0\u00bb de Filip Diviak. Le programme \u00ab\u00a0La Chasse \u00e0 l&rsquo;Ours\u00a0\u00bb, mardi 5 mars 2019 d\u00e8s 15H30 accompagn\u00e9 de l&rsquo;atelier \u00ab\u00a0De l&rsquo;album&#8230;<\/p>\n","protected":false},"author":2,"featured_media":9645,"comment_status":"open","ping_status":"open","sticky":false,"template":"","format":"standard","meta":{"_kad_post_transparent":"","_kad_post_title":"","_kad_post_layout":"","_kad_post_sidebar_id":"","_kad_post_content_style":"","_kad_post_vertical_padding":"","_kad_post_feature":"","_kad_post_feature_position":"","_kad_post_header":false,"_kad_post_footer":false,"_kad_post_classname":"","footnotes":""},"categories":[7],"tags":[1810,1816,1815,1812,1819,1634,1811,1813,1818,1817,1814],"class_list":["post-9601","post","type-post","status-publish","format-standard","has-post-thumbnail","hentry","category-ateliers-enfants","tag-festival-teleramaenfants","tag-la-chasse-a-lours","tag-le-reveilleur","tag-petits-contes-sous-la-neige","tag-feilletoscope","tag-filip-diviak","tag-garde-chasse-des-lilas","tag-groupe-folk-metal","tag-le-making-of-du-film","tag-michael-rosen","tag-pilgrim"],"_links":{"self":[{"href":"https:\/\/lafilledecorinthe.com\/wordpress\/wp-json\/wp\/v2\/posts\/9601","targetHints":{"allow":["GET"]}}],"collection":[{"href":"https:\/\/lafilledecorinthe.com\/wordpress\/wp-json\/wp\/v2\/posts"}],"about":[{"href":"https:\/\/lafilledecorinthe.com\/wordpress\/wp-json\/wp\/v2\/types\/post"}],"author":[{"embeddable":true,"href":"https:\/\/lafilledecorinthe.com\/wordpress\/wp-json\/wp\/v2\/users\/2"}],"replies":[{"embeddable":true,"href":"https:\/\/lafilledecorinthe.com\/wordpress\/wp-json\/wp\/v2\/comments?post=9601"}],"version-history":[{"count":18,"href":"https:\/\/lafilledecorinthe.com\/wordpress\/wp-json\/wp\/v2\/posts\/9601\/revisions"}],"predecessor-version":[{"id":14448,"href":"https:\/\/lafilledecorinthe.com\/wordpress\/wp-json\/wp\/v2\/posts\/9601\/revisions\/14448"}],"wp:featuredmedia":[{"embeddable":true,"href":"https:\/\/lafilledecorinthe.com\/wordpress\/wp-json\/wp\/v2\/media\/9645"}],"wp:attachment":[{"href":"https:\/\/lafilledecorinthe.com\/wordpress\/wp-json\/wp\/v2\/media?parent=9601"}],"wp:term":[{"taxonomy":"category","embeddable":true,"href":"https:\/\/lafilledecorinthe.com\/wordpress\/wp-json\/wp\/v2\/categories?post=9601"},{"taxonomy":"post_tag","embeddable":true,"href":"https:\/\/lafilledecorinthe.com\/wordpress\/wp-json\/wp\/v2\/tags?post=9601"}],"curies":[{"name":"wp","href":"https:\/\/api.w.org\/{rel}","templated":true}]}}