{"id":9580,"date":"2019-02-21T14:10:18","date_gmt":"2019-02-21T13:10:18","guid":{"rendered":"http:\/\/lafilledecorinthe.com\/wordpress\/?p=9580"},"modified":"2025-12-04T21:30:57","modified_gmt":"2025-12-04T20:30:57","slug":"lhomme-qui-retrecit-le-retour","status":"publish","type":"post","link":"https:\/\/lafilledecorinthe.com\/wordpress\/2019\/02\/lhomme-qui-retrecit-le-retour\/","title":{"rendered":"\u00ab\u00a0L&rsquo;homme qui r\u00e9tr\u00e9cit\u00a0\u00bb, le retour &#8230;"},"content":{"rendered":"\n<p><em>\u00ab\u00a0Avec tous ces proc\u00e9d\u00e9s m\u00eal\u00e9s les uns aux autres et employ\u00e9s avec comp\u00e9tence, je n&rsquo;h\u00e9site pas \u00e0 dire qu&rsquo;en cin\u00e9matographie, il est aujourd&rsquo;hui possible de r\u00e9aliser les choses les plus impossibles et les plus invraisemblables.\u00a0\u00bb<\/em><br>\u00ab\u00a0Les vues cin\u00e9matographiques\u00a0\u00bb, <em>Annuaire g\u00e9n\u00e9ral et international de la photographie<\/em>, Plon, 1907, repris par Georges Sadoul, <em>Georges M\u00e9li\u00e8s<\/em>, Paris, Seghers, 1961<\/p>\n\n\n\n<p>Conf\u00e9rence ludique sur les trucages et effets sp\u00e9ciaux r\u00e9alis\u00e9s par Jack Arnold pour nous faire croire en l&rsquo;impossible !<\/p>\n\n\n\n<p><strong>Dans le cadre du festival <em>Cin\u00e9 Junior<\/em> :<\/strong><br>Mercredi 20 f\u00e9vrier 2019, Cin\u00e9ma<a href=\"http:\/\/www.ville-la-courneuve.fr\/LC_idocs\/ville_reussite_culture\/cinema_etoile.php\" target=\"_blank\" rel=\"noopener\"> <em>L&rsquo;Etoile<\/em><\/a> de la Courneuve\u00a0 \u00a0 \u00a0 \u00a0 \u00a0 \u00a0 \u00a0 \u00a0 \u00a0 \u00a0 \u00a0 \u00a0 \u00a0 \u00a0 \u00a0 \u00a0 \u00a0 \u00a0 \u00a0 \u00a0 \u00a0 \u00a0 \u00a0 \u00a0 \u00a0 \u00a0 Vendredi 22 f\u00e9vrier 2019, Cin\u00e9ma <a href=\"http:\/\/www.cdbm.org\/\" target=\"_blank\" rel=\"noopener\"><em>Centre des Bords de Marne<\/em><\/a> de Perreux sur Marne Dimanche 24 f\u00e9vrier 2019, Cin\u00e9ma <a href=\"http:\/\/studio66.megarama.fr\/\" target=\"_blank\" rel=\"noopener\">Studio 66<\/a> de Champigny<\/p>\n\n\n\n<p><strong>Dans le cadre des <em>Journ\u00e9es<\/em> <em>Cin\u00e9matographiques dionysiennes<\/em> :<\/strong><br>Samedi 9 mars 2019, Cin\u00e9ma <a href=\"http:\/\/www.cinematrianon.fr\/evenements\/item\/3957-l-homme-qui-retrecit\" target=\"_blank\" rel=\"noopener\"><em>Le Trianon <\/em><\/a>de Romainville<\/p>\n\n\n\n<p><strong>Dans le cadre du festival<\/strong><em><strong> Les yeux ouverts <\/strong><\/em><strong>du Havre :<\/strong><br>Mercredi 20 mars, projection au cin\u00e9ma <a href=\"http:\/\/cinema-le-studio.fr\/\" target=\"_blank\" rel=\"noopener\">Le Studio<\/a> \u00e0 10h00 et ateliers \u00e0 la <a href=\"https:\/\/www.lehavre.fr\/annuaire\/bibliotheque-oscar-niemeyer\" target=\"_blank\" rel=\"noopener\">biblioth\u00e8que Oscar Niemeyer<\/a> \u00e0 14h30 et 16h00<\/p>\n\n\n<div class=\"wp-block-image wp-image-9729\">\n<figure class=\"aligncenter\"><img loading=\"lazy\" decoding=\"async\" width=\"1056\" height=\"792\" src=\"https:\/\/lafilledecorinthe.com\/wordpress\/wp-content\/uploads\/2019\/02\/1.jpeg\" alt=\"1\" class=\"wp-image-9729\" srcset=\"https:\/\/lafilledecorinthe.com\/wordpress\/wp-content\/uploads\/2019\/02\/1.jpeg 1056w, https:\/\/lafilledecorinthe.com\/wordpress\/wp-content\/uploads\/2019\/02\/1-680x510.jpeg 680w, https:\/\/lafilledecorinthe.com\/wordpress\/wp-content\/uploads\/2019\/02\/1-400x300.jpeg 400w\" sizes=\"auto, (max-width: 1056px) 100vw, 1056px\" \/><figcaption class=\"wp-element-caption\">Huit classes inscrites \u00e0 la \u00ab\u00a0Petite \u00e9cole de cin\u00e9ma\u00a0\u00bb ont \u00e9t\u00e9 re\u00e7ues \u00e0 la m\u00e9diath\u00e8que Oscar Niemeyer<\/figcaption><\/figure>\n<\/div>\n\n<div class=\"wp-block-image\">\n<figure class=\"aligncenter\"><a href=\"https:\/\/lafilledecorinthe.com\/wordpress\/wp-content\/uploads\/2019\/02\/2.jpeg\"><img loading=\"lazy\" decoding=\"async\" width=\"2920\" height=\"2189\" src=\"https:\/\/lafilledecorinthe.com\/wordpress\/wp-content\/uploads\/2019\/02\/2.jpeg\" alt=\"2\" class=\"wp-image-9730\" srcset=\"https:\/\/lafilledecorinthe.com\/wordpress\/wp-content\/uploads\/2019\/02\/2.jpeg 2920w, https:\/\/lafilledecorinthe.com\/wordpress\/wp-content\/uploads\/2019\/02\/2-680x510.jpeg 680w, https:\/\/lafilledecorinthe.com\/wordpress\/wp-content\/uploads\/2019\/02\/2-1280x960.jpeg 1280w, https:\/\/lafilledecorinthe.com\/wordpress\/wp-content\/uploads\/2019\/02\/2-400x300.jpeg 400w\" sizes=\"auto, (max-width: 2920px) 100vw, 2920px\" \/><\/a><figcaption class=\"wp-element-caption\">De \u00ab\u00a0L&rsquo;Homme qui r\u00e9tr\u00e9cit\u00a0\u00bb au \u00ab\u00a0Hobbit\u00a0\u00bb&#8230;<\/figcaption><\/figure>\n<\/div>\n\n<div class=\"wp-block-image\">\n<figure class=\"aligncenter\"><a href=\"https:\/\/lafilledecorinthe.com\/wordpress\/wp-content\/uploads\/2019\/02\/3.jpeg\"><img loading=\"lazy\" decoding=\"async\" width=\"2999\" height=\"2177\" src=\"https:\/\/lafilledecorinthe.com\/wordpress\/wp-content\/uploads\/2019\/02\/3.jpeg\" alt=\"3\" class=\"wp-image-9731\" srcset=\"https:\/\/lafilledecorinthe.com\/wordpress\/wp-content\/uploads\/2019\/02\/3.jpeg 2999w, https:\/\/lafilledecorinthe.com\/wordpress\/wp-content\/uploads\/2019\/02\/3-680x494.jpeg 680w, https:\/\/lafilledecorinthe.com\/wordpress\/wp-content\/uploads\/2019\/02\/3-1280x929.jpeg 1280w, https:\/\/lafilledecorinthe.com\/wordpress\/wp-content\/uploads\/2019\/02\/3-413x300.jpeg 413w\" sizes=\"auto, (max-width: 2999px) 100vw, 2999px\" \/><\/a><figcaption class=\"wp-element-caption\">Essayer d&rsquo;attraper la lune &#8230;<\/figcaption><\/figure>\n<\/div>\n\n\n<p><strong>Avec deux classes de seconde, groupe \u00ab\u00a0arts visuels\u00a0\u00bb du lyc\u00e9e Jean Pr\u00e9vost de Montivilliers<\/strong>\u00a0<strong>:<\/strong><br>Un atelier sur les effets sp\u00e9ciaux du film en prolongement d&rsquo;un cours sur le pr\u00e9curseur Georges M\u00e9li\u00e8s. Les \u00e9l\u00e8ves ont relev\u00e9 avec brio le d\u00e9fi de produire en un temps record des images qui jouent sur l&rsquo;opposition \u00ab\u00a0grand-petit\u00a0\u00bb.<\/p>\n\n\n\n<figure class=\"wp-block-embed is-type-video is-provider-youtube wp-block-embed-youtube wp-embed-aspect-16-9 wp-has-aspect-ratio\"><div class=\"wp-block-embed__wrapper\">\n<iframe loading=\"lazy\" title=\"Grand \/ Petit\" width=\"720\" height=\"405\" src=\"https:\/\/www.youtube.com\/embed\/9BPwzg2hPVw?feature=oembed\" frameborder=\"0\" allow=\"accelerometer; autoplay; clipboard-write; encrypted-media; gyroscope; picture-in-picture; web-share\" referrerpolicy=\"strict-origin-when-cross-origin\" allowfullscreen><\/iframe>\n<\/div><\/figure>\n\n\n\n<p>Pour le plaisir !<\/p>\n\n\n\n<figure class=\"wp-block-embed is-type-video is-provider-youtube wp-block-embed-youtube wp-embed-aspect-4-3 wp-has-aspect-ratio\"><div class=\"wp-block-embed__wrapper\">\n<iframe loading=\"lazy\" title=\"Voyage de Gulliver \u00e0 Lilliput et chez les g\u00e9ants le  1902\" width=\"720\" height=\"540\" src=\"https:\/\/www.youtube.com\/embed\/DQkEyRB08Ic?feature=oembed\" frameborder=\"0\" allow=\"accelerometer; autoplay; clipboard-write; encrypted-media; gyroscope; picture-in-picture; web-share\" referrerpolicy=\"strict-origin-when-cross-origin\" allowfullscreen><\/iframe>\n<\/div><\/figure>\n\n\n\n<figure class=\"wp-block-embed is-type-video is-provider-vimeo wp-block-embed-vimeo wp-embed-aspect-16-9 wp-has-aspect-ratio\"><div class=\"wp-block-embed__wrapper\">\n<iframe loading=\"lazy\" title=\"Perspectives. Freely inspired by the new Moleskine collections\" src=\"https:\/\/player.vimeo.com\/video\/22288722?dnt=1&amp;app_id=122963\" width=\"720\" height=\"405\" frameborder=\"0\" allow=\"autoplay; fullscreen; picture-in-picture; clipboard-write; encrypted-media; web-share\" referrerpolicy=\"strict-origin-when-cross-origin\"><\/iframe>\n<\/div><\/figure>\n\n\n\n<p>D&rsquo;autres ressources sur le film :&nbsp;<a title=\"\u00ab&nbsp;Ecole et cin\u00e9ma 92\u2033 : L\u2019homme qui r\u00e9tr\u00e9cit\" href=\"https:\/\/lafilledecorinthe.com\/wordpress\/2014\/03\/ecole-et-cinema-92-lhomme-qui-retrecit\/\">ici<\/a>, <a title=\"\u00ab&nbsp;Ecole et cin\u00e9ma 75\u2033 : L\u2019homme qui r\u00e9tr\u00e9cit\" href=\"https:\/\/lafilledecorinthe.com\/wordpress\/2014\/04\/ecole-et-cinema-75-lhomme-qui-retrecit\/\">l\u00e0<\/a>&nbsp;et encore <a title=\"\u00ab&nbsp;Ecole et cin\u00e9ma 93\u2033 L\u2019homme qui r\u00e9tr\u00e9cit\" href=\"https:\/\/lafilledecorinthe.com\/wordpress\/2016\/03\/ecole-et-cinema-93-lhomme-qui-retrecit\/\">l\u00e0<\/a>&nbsp;!<\/p>\n","protected":false},"excerpt":{"rendered":"<p>\u00ab\u00a0Avec tous ces proc\u00e9d\u00e9s m\u00eal\u00e9s les uns aux autres et employ\u00e9s avec comp\u00e9tence, je n&rsquo;h\u00e9site pas \u00e0 dire qu&rsquo;en cin\u00e9matographie, il est aujourd&rsquo;hui possible de r\u00e9aliser les choses les plus impossibles et les plus invraisemblables.\u00a0\u00bb\u00ab\u00a0Les vues cin\u00e9matographiques\u00a0\u00bb, Annuaire g\u00e9n\u00e9ral et international de la photographie, Plon, 1907, repris par Georges Sadoul, Georges M\u00e9li\u00e8s, Paris, Seghers, 1961&#8230;<\/p>\n","protected":false},"author":2,"featured_media":9608,"comment_status":"open","ping_status":"open","sticky":false,"template":"","format":"standard","meta":{"_kad_post_transparent":"","_kad_post_title":"","_kad_post_layout":"","_kad_post_sidebar_id":"","_kad_post_content_style":"","_kad_post_vertical_padding":"","_kad_post_feature":"","_kad_post_feature_position":"","_kad_post_header":false,"_kad_post_footer":false,"_kad_post_classname":"","footnotes":""},"categories":[7],"tags":[1802,1803,1805,588,711,1804,709],"class_list":["post-9580","post","type-post","status-publish","format-standard","has-post-thumbnail","hentry","category-ateliers-enfants","tag-effets-speciaux","tag-festival-cine-junior","tag-festival-les-yeux-ouverts","tag-georges-melies","tag-jack-arnold","tag-journees-cinematographiques-dionysiennes","tag-lhomme-qui-retrecit"],"_links":{"self":[{"href":"https:\/\/lafilledecorinthe.com\/wordpress\/wp-json\/wp\/v2\/posts\/9580","targetHints":{"allow":["GET"]}}],"collection":[{"href":"https:\/\/lafilledecorinthe.com\/wordpress\/wp-json\/wp\/v2\/posts"}],"about":[{"href":"https:\/\/lafilledecorinthe.com\/wordpress\/wp-json\/wp\/v2\/types\/post"}],"author":[{"embeddable":true,"href":"https:\/\/lafilledecorinthe.com\/wordpress\/wp-json\/wp\/v2\/users\/2"}],"replies":[{"embeddable":true,"href":"https:\/\/lafilledecorinthe.com\/wordpress\/wp-json\/wp\/v2\/comments?post=9580"}],"version-history":[{"count":16,"href":"https:\/\/lafilledecorinthe.com\/wordpress\/wp-json\/wp\/v2\/posts\/9580\/revisions"}],"predecessor-version":[{"id":9728,"href":"https:\/\/lafilledecorinthe.com\/wordpress\/wp-json\/wp\/v2\/posts\/9580\/revisions\/9728"}],"wp:featuredmedia":[{"embeddable":true,"href":"https:\/\/lafilledecorinthe.com\/wordpress\/wp-json\/wp\/v2\/media\/9608"}],"wp:attachment":[{"href":"https:\/\/lafilledecorinthe.com\/wordpress\/wp-json\/wp\/v2\/media?parent=9580"}],"wp:term":[{"taxonomy":"category","embeddable":true,"href":"https:\/\/lafilledecorinthe.com\/wordpress\/wp-json\/wp\/v2\/categories?post=9580"},{"taxonomy":"post_tag","embeddable":true,"href":"https:\/\/lafilledecorinthe.com\/wordpress\/wp-json\/wp\/v2\/tags?post=9580"}],"curies":[{"name":"wp","href":"https:\/\/api.w.org\/{rel}","templated":true}]}}