{"id":953,"date":"2012-07-10T20:57:08","date_gmt":"2012-07-10T19:57:08","guid":{"rendered":"http:\/\/lafilledecorinthe.com\/wordpress\/?p=953"},"modified":"2025-12-10T17:50:58","modified_gmt":"2025-12-10T16:50:58","slug":"martine-ravache-comprendre-et-decrypter-les-images-photographiques","status":"publish","type":"post","link":"https:\/\/lafilledecorinthe.com\/wordpress\/2012\/07\/martine-ravache-comprendre-et-decrypter-les-images-photographiques\/","title":{"rendered":"Martine Ravache : comprendre et d\u00e9crypter les images photographiques"},"content":{"rendered":"\n<p>On peut \u00eatre acteur de la photographie sans \u00eatre photographe. Le stage photo propos\u00e9 par Martine Ravache aux rencontres d&rsquo;Arles est l&rsquo;un des seuls \u00e0 ne pas mettre la pratique photographique &nbsp;au centre de la formation. C&rsquo;est le regard et l&rsquo;\u00e9change sur les oeuvres qui sont privil\u00e9gi\u00e9s. Pas de grands discours th\u00e9oriques mais une succession d&rsquo;exercices qui affine notre perception. Pas de r\u00e9ponse unique mais un processus qui enclenche un questionnement.<\/p>\n\n\n\n<p>De multiples reproductions envahissent les tables. A partir de ce chaos d&rsquo;images, chaque participant est invit\u00e9, \u00e0 l&rsquo;aide d&rsquo;une consigne pr\u00e9cise, \u00e0 regarder, observer, comparer, classer, choisir, rejeter&#8230;Toutes les propositions sont re\u00e7ues, \u00e9cout\u00e9es, n\u00e9goci\u00e9es, compl\u00e9t\u00e9es. Mettre des mots sur nos impressions, sur nos sensations est la condition de l&rsquo;\u00e9change entre nous. On voit mieux \u00e0 plusieurs car on ne voit pas tous la m\u00eame chose !<\/p>\n\n\n<div class=\"wp-block-image\">\n<figure class=\"aligncenter is-resized\"><a href=\"https:\/\/lafilledecorinthe.com\/wordpress\/wp-content\/uploads\/2012\/07\/P1040816.jpg\"><img loading=\"lazy\" decoding=\"async\" width=\"200\" height=\"200\" src=\"https:\/\/lafilledecorinthe.com\/wordpress\/wp-content\/uploads\/2012\/07\/P1040816-200x200.jpg\" alt=\"\" class=\"wp-image-956\" style=\"width:372px;height:auto\"\/><\/a><figcaption class=\"wp-element-caption\">Stage Martine Ravache du 4 au 6 juillet 2012<\/figcaption><\/figure>\n<\/div>\n\n<div class=\"wp-block-image\">\n<figure class=\"aligncenter is-resized\"><a href=\"https:\/\/lafilledecorinthe.com\/wordpress\/wp-content\/uploads\/2012\/07\/P1040826.jpg\"><img loading=\"lazy\" decoding=\"async\" width=\"200\" height=\"200\" src=\"https:\/\/lafilledecorinthe.com\/wordpress\/wp-content\/uploads\/2012\/07\/P1040826-200x200.jpg\" alt=\"\" class=\"wp-image-958\" style=\"width:374px;height:auto\"\/><\/a><figcaption class=\"wp-element-caption\">Stage Martine Ravache du 4 au 6 juillet 2012<\/figcaption><\/figure>\n<\/div>\n\n\n<p>Dans un deuxi\u00e8me temps, aiguiser notre regard c&rsquo;est aussi nous permettre de d\u00e9couvrir une oeuvre dans une perpective historique gr\u00e2ce \u00e0 des rep\u00e8res essentiels comme l&rsquo;utilisation de la couleur ou le r\u00f4le de la composition. Martine Ravache met son savoir d&rsquo;historienne d&rsquo;art au service de nos observations.&nbsp;Au fil des exercices nous d\u00e9couvrons de nombreux photographes, le fond de la biblioth\u00e8que de l&rsquo;<a href=\"http:\/\/www.enp-arles.com\/\" target=\"_blank\" rel=\"noopener\">ENSP<\/a> est un recours pr\u00e9cieux: &nbsp;Julia Margaret Cameron, Rineke Dijkstra, Saul Leiter, Helen Levitt, Bill Brandt &#8230;<\/p>\n\n\n\n<p>Mais faire un stage \u00e0 Arles, c&rsquo;est aussi porter un regard sur la photographie d&rsquo;aujourd&rsquo;hui. Plusieurs visites et rencontres de photographes sont organis\u00e9es.<br>Jean-Christophe <a href=\"http:\/\/www.rencontres-arles.com\/A11\/C.aspx?VP3=CMS3&amp;VF=ARL_709_VForm&amp;FRM=Frame:ARL_800\" target=\"_blank\" rel=\"noopener\">B\u00e9chet<\/a> est le premier \u00e0 nous accueillir dans son exposition \u00ab\u00a0Accidents\u00a0\u00bb.<\/p>\n\n\n<div class=\"wp-block-image\">\n<figure class=\"aligncenter is-resized\"><a href=\"https:\/\/lafilledecorinthe.com\/wordpress\/wp-content\/uploads\/2012\/07\/P1040807.jpg\"><img loading=\"lazy\" decoding=\"async\" width=\"200\" height=\"200\" src=\"https:\/\/lafilledecorinthe.com\/wordpress\/wp-content\/uploads\/2012\/07\/P1040807-200x200.jpg\" alt=\"\" class=\"wp-image-969\" style=\"width:322px;height:auto\"\/><\/a><figcaption class=\"wp-element-caption\">Jean-Chritophe B\u00e9chet le 5 juillet 2012<\/figcaption><\/figure>\n<\/div>\n\n\n<p>L&rsquo;appareil photographique argentique est au choeur de son travail, le choix de l&rsquo;outil est capital, il ne croit pas en sa neutralit\u00e9. Il compare volontiers l&rsquo;appareil photographique \u00e0 un instrument de musique, c&rsquo;est &nbsp;l&rsquo;outil de cr\u00e9ation du photographe. Pr\u00e9parer cette exposition a \u00e9t\u00e9 pour lui l&rsquo;occasion de revenir sur ses ann\u00e9es de pratique afin de rechercher des photos imparfaites. Depuis ses d\u00e9buts, il accueille avec int\u00e9r\u00eat les accidents li\u00e9s \u00e0 une mauvaise manipulation ou \u00e0 un d\u00e9faut de fonctionnement de l&rsquo;appareil. Cette intrusion du hasard est &nbsp;essentiel, elle permet une rencontre entre po\u00e9sie et technique.<\/p>\n\n\n\n<p>Une deuxi\u00e8me exposition ne laisse aucun de nous indiff\u00e9rent, c&rsquo;est l&rsquo;exposition \u00ab\u00a0Act\u00a0\u00bb de Denis <a href=\"http:\/\/www.denis-darzacq.com\/act.htm\" target=\"_blank\" rel=\"noopener\">Darzacq<\/a>&nbsp;au M\u00e9jan. Il pr\u00e9sente une s\u00e9rie de portraits de personnes handicap\u00e9es depuis l&rsquo;enfance. Il les r\u00e9v\u00e8le, les rend visibles dans des lieux qui ne les accueillent pas spontan\u00e9ment, il leur permet de sortir de l&rsquo;h\u00f4pital pour p\u00e9n\u00e9trer les galeries, les mus\u00e9es&#8230;Ni voyeurisme, ni compassion, les mod\u00e8les ne sont pas instrumentalis\u00e9s, ils sont pleinement acteurs de la photographie. Le choix de la pause et du lieu leur appartient, Denis Darzacq chor\u00e9graphie leurs corps dans un parc, une rue, au mus\u00e9e, \u00e0 la campagne.<\/p>\n\n\n<div class=\"wp-block-image\">\n<figure class=\"aligncenter is-resized\"><a href=\"https:\/\/lafilledecorinthe.com\/wordpress\/wp-content\/uploads\/2012\/07\/P1040822.jpg\"><img loading=\"lazy\" decoding=\"async\" width=\"200\" height=\"200\" src=\"https:\/\/lafilledecorinthe.com\/wordpress\/wp-content\/uploads\/2012\/07\/P1040822-200x200.jpg\" alt=\"\" class=\"wp-image-971\" style=\"width:376px;height:auto\"\/><\/a><figcaption class=\"wp-element-caption\">Denis Darzacq le 5 juillet 2012<\/figcaption><\/figure>\n<\/div>\n\n\n<p>Forte de ce stage, je continue seule mon exploration des expositions \u00e0 Arles, Denis Darzacq pr\u00e9sente une autre s\u00e9rie, \u00ab\u00a0Joueurs\u00a0\u00bb, &nbsp;\u00e0 l&rsquo;h\u00f4tel d&rsquo;Arlatan. Il d\u00e9place \u00e0 nouveau le corps de ses mod\u00e8les, il invite en effet des com\u00e9diens \u00e0 quitter le lieu clos du th\u00e9\u00e2tre pour jouer dans la ville. Les deux s\u00e9ries s&rsquo;enrichissent l&rsquo;une l&rsquo;autre.<\/p>\n\n\n<div class=\"wp-block-image\">\n<figure class=\"aligncenter is-resized\"><a href=\"https:\/\/lafilledecorinthe.com\/wordpress\/wp-content\/uploads\/2012\/07\/P1040848.jpg\"><img loading=\"lazy\" decoding=\"async\" width=\"200\" height=\"200\" src=\"https:\/\/lafilledecorinthe.com\/wordpress\/wp-content\/uploads\/2012\/07\/P1040848-200x200.jpg\" alt=\"\" class=\"wp-image-983\" style=\"width:320px;height:auto\"\/><\/a><figcaption class=\"wp-element-caption\">\u00ab\u00a0Joueurs\u00a0\u00bb de Denis Darzacq H\u00f4tel d&rsquo;Arlatan Arles 2012<\/figcaption><\/figure>\n<\/div>\n\n<div class=\"wp-block-image\">\n<figure class=\"aligncenter is-resized\"><a href=\"https:\/\/lafilledecorinthe.com\/wordpress\/wp-content\/uploads\/2012\/07\/P1040844.jpg\"><img loading=\"lazy\" decoding=\"async\" width=\"200\" height=\"200\" src=\"https:\/\/lafilledecorinthe.com\/wordpress\/wp-content\/uploads\/2012\/07\/P1040844-200x200.jpg\" alt=\"\" class=\"wp-image-984\" style=\"width:330px;height:auto\" title=\"P1040844\"\/><\/a><\/figure>\n<\/div>\n\n\n<p>Lorsque je parcours l&rsquo;exposition \u00ab\u00a0Documents pour une information alternative\u00a0\u00bb, je m&rsquo;arr\u00eate devant cette photographie.<\/p>\n\n\n\n<p>J&rsquo;ai encore les images de Darzacq en t\u00eate, et ce corps en d\u00e9s\u00e9quilibre, en repr\u00e9sentation, me les \u00e9voque. Je m&rsquo;approche du cartel et je d\u00e9couvre que l&rsquo;auteur en est Val\u00e9rie <a href=\"http:\/\/www.valeriejouve.com\/\">Jouve<\/a>. Je connais cette artiste depuis son projet r\u00e9alis\u00e9 \u00e0 Gennevilliers \u00e0 la demande du T2G, j&rsquo;aime son travail, j&rsquo;aime son attention \u00e0 la pr\u00e9sence des corps dans la ville. Ancienne \u00e9l\u00e8ve de l&rsquo; ENSP, elle pr\u00e9sente aussi, au Parc des ateliers, des photos prises \u00e0 Marseille et J\u00e9richo, aucun cartel n&rsquo;indique le lieu repr\u00e9sent\u00e9. A nous spectateurs de prendre le temps de faire un bout du voyage avec ces habitants du monde. Les images raisonnent entre elles en fonction de nos parcours !<\/p>\n\n\n\n<p>Le stage est fini, l&rsquo;article se termine mais l&rsquo;exploration photographique continue avec quelques clefs suppl\u00e9mentaires et surtout un d\u00e9sir d\u00e9multipli\u00e9. Bel \u00e9t\u00e9 !<\/p>\n","protected":false},"excerpt":{"rendered":"<p>On peut \u00eatre acteur de la photographie sans \u00eatre photographe. Le stage photo propos\u00e9 par Martine Ravache aux rencontres d&rsquo;Arles est l&rsquo;un des seuls \u00e0 ne pas mettre la pratique photographique &nbsp;au centre de la formation. C&rsquo;est le regard et l&rsquo;\u00e9change sur les oeuvres qui sont privil\u00e9gi\u00e9s. Pas de grands discours th\u00e9oriques mais une succession&#8230;<\/p>\n","protected":false},"author":2,"featured_media":15502,"comment_status":"open","ping_status":"open","sticky":false,"template":"","format":"standard","meta":{"_kad_post_transparent":"","_kad_post_title":"","_kad_post_layout":"","_kad_post_sidebar_id":"","_kad_post_content_style":"","_kad_post_vertical_padding":"","_kad_post_feature":"","_kad_post_feature_position":"","_kad_post_header":false,"_kad_post_footer":false,"_kad_post_classname":"","footnotes":""},"categories":[6,13],"tags":[134,136,138,135,133,137,127],"class_list":["post-953","post","type-post","status-publish","format-standard","has-post-thumbnail","hentry","category-blog","category-sorties-culturelles","tag-arles","tag-denis-darzacq","tag-ensp","tag-jean-christophe-bechet","tag-martine-ravache","tag-stage-photographique","tag-valerie-jouve"],"_links":{"self":[{"href":"https:\/\/lafilledecorinthe.com\/wordpress\/wp-json\/wp\/v2\/posts\/953","targetHints":{"allow":["GET"]}}],"collection":[{"href":"https:\/\/lafilledecorinthe.com\/wordpress\/wp-json\/wp\/v2\/posts"}],"about":[{"href":"https:\/\/lafilledecorinthe.com\/wordpress\/wp-json\/wp\/v2\/types\/post"}],"author":[{"embeddable":true,"href":"https:\/\/lafilledecorinthe.com\/wordpress\/wp-json\/wp\/v2\/users\/2"}],"replies":[{"embeddable":true,"href":"https:\/\/lafilledecorinthe.com\/wordpress\/wp-json\/wp\/v2\/comments?post=953"}],"version-history":[{"count":40,"href":"https:\/\/lafilledecorinthe.com\/wordpress\/wp-json\/wp\/v2\/posts\/953\/revisions"}],"predecessor-version":[{"id":15501,"href":"https:\/\/lafilledecorinthe.com\/wordpress\/wp-json\/wp\/v2\/posts\/953\/revisions\/15501"}],"wp:featuredmedia":[{"embeddable":true,"href":"https:\/\/lafilledecorinthe.com\/wordpress\/wp-json\/wp\/v2\/media\/15502"}],"wp:attachment":[{"href":"https:\/\/lafilledecorinthe.com\/wordpress\/wp-json\/wp\/v2\/media?parent=953"}],"wp:term":[{"taxonomy":"category","embeddable":true,"href":"https:\/\/lafilledecorinthe.com\/wordpress\/wp-json\/wp\/v2\/categories?post=953"},{"taxonomy":"post_tag","embeddable":true,"href":"https:\/\/lafilledecorinthe.com\/wordpress\/wp-json\/wp\/v2\/tags?post=953"}],"curies":[{"name":"wp","href":"https:\/\/api.w.org\/{rel}","templated":true}]}}