{"id":9488,"date":"2019-01-09T18:04:19","date_gmt":"2019-01-09T17:04:19","guid":{"rendered":"http:\/\/lafilledecorinthe.com\/wordpress\/?p=9488"},"modified":"2025-12-09T15:33:18","modified_gmt":"2025-12-09T14:33:18","slug":"corinne-jamet-vierny-responsable-du-fonds-photographique-de-pierre-jamet","status":"publish","type":"post","link":"https:\/\/lafilledecorinthe.com\/wordpress\/2019\/01\/corinne-jamet-vierny-responsable-du-fonds-photographique-de-pierre-jamet\/","title":{"rendered":"Corinne Jamet Vierny, responsable du fonds photographique de Pierre Jamet"},"content":{"rendered":"\n<p><em>L&rsquo;\u00e9quipe du centre d&rsquo;exposition du <a href=\"https:\/\/www.ville-gif.fr\/1063\/expositions.htm\" target=\"_blank\" rel=\"noopener\">Ch\u00e2teau du Val Fleury<\/a>\u00a0m&rsquo;a contact\u00e9e pour pr\u00e9parer des visites-ateliers en lien avec l&rsquo;exposition du photographe Pierre Jamet qui aura lieu du 12 mars au\u00a030 avril 2019 \u00e0 Gif-sur-Yvette. Ma premi\u00e8re rencontre avec cette oeuvre, que je ne connaissais pas, s&rsquo;est faite\u00a0par le tr\u00e8s riche\u00a0<a href=\"http:\/\/www.pierrejamet-photos.com\/fr\/accueil.html\" target=\"_blank\" rel=\"noopener\">site<\/a> qui lui est consacr\u00e9.\u00a0L&rsquo;int\u00e9r\u00eat esth\u00e9tique et historique de ces photographies saute litt\u00e9ralement aux yeux. Un d\u00e9sir fort d&rsquo;en savoir plus sur ce photographe m&rsquo;a amen\u00e9 \u00e0 rencontrer sa fille, Corinne Jamet-Vierny.<\/em><br><em>Voici la transcription\u00a0de cette rencontre passionnante !<\/em><br><\/p>\n\n\n\n<p><b>Pouvez-vous vous pr\u00e9senter en quelques mots ?\u00a0 \u00a0 \u00a0 \u00a0 \u00a0 \u00a0 \u00a0 \u00a0 \u00a0 \u00a0 \u00a0 \u00a0 \u00a0 \u00a0 \u00a0 \u00a0 \u00a0 \u00a0 \u00a0 \u00a0 \u00a0 \u00a0 \u00a0 \u00a0 \u00a0 \u00a0 \u00a0 \u00a0 \u00a0 \u00a0 \u00a0 \u00a0 \u00a0 \u00a0 \u00a0 \u00a0 \u00a0 \u00a0 \u00a0 \u00a0 \u00a0 \u00a0 <\/b><\/p>\n\n\n\n<p>Je suis une personne tr\u00e8s lin\u00e9aire. J\u2019ai fait mes \u00e9tudes de g\u00e9n\u00e9tique \u00e0 la fac d\u2019Orsay puis j\u2019ai \u00e9t\u00e9 nomm\u00e9e enseignante-chercheuse dans cette m\u00eame fac et j\u2019y suis rest\u00e9e jusqu\u2019au moment de prendre ma retraite. Et puis, j\u2019ai h\u00e9rit\u00e9 du fonds photographique de mon p\u00e8re et l\u00e0 un d\u00e9clic s\u2019est produit, je me suis enti\u00e8rement investie dans la diffusion de ce tr\u00e8s beau fonds. Ma vie professionnelle, c\u2019est \u00e7a !\u00a0 \u00a0 \u00a0 \u00a0 \u00a0 \u00a0 \u00a0 \u00a0 \u00a0 \u00a0 \u00a0 \u00a0 \u00a0 \u00a0 \u00a0 \u00a0 \u00a0 \u00a0 \u00a0 \u00a0 \u00a0 \u00a0 \u00a0 \u00a0 \u00a0 \u00a0 \u00a0 \u00a0 \u00a0 \u00a0 \u00a0 \u00a0 \u00a0 \u00a0 \u00a0 \u00a0 \u00a0 \u00a0 \u00a0 \u00a0 \u00a0 \u00a0 \u00a0 \u00a0 \u00a0 \u00a0 \u00a0 \u00a0 \u00a0 \u00a0 \u00a0 \u00a0 \u00a0 \u00a0 \u00a0 \u00a0 \u00a0 \u00a0 \u00a0 \u00a0 \u00a0 \u00a0 <\/p>\n\n\n\n<p><b>Qu\u2019est-ce qui a \u00e9t\u00e9 le plus formateur dans votre enfance ?<\/b><\/p>\n\n\n\n<p class=\"p1\"><span class=\"s1\">Le plus formateur a \u00e9t\u00e9 l\u2019amour de mes parents. Que dire d\u2019autre ? Mon p\u00e8re \u00e9tait un artiste avec tous les al\u00e9as que cette profession suppose. Il \u00e9tait un chanteur de vari\u00e9t\u00e9, pas une star. Il ne gagnait pas beaucoup d\u2019argent. C\u2019\u00e9tait tr\u00e8s anxiog\u00e8ne pour moi. Je suis sans doute devenue scientifique et fonctionnaire de l\u2019\u00e9ducation nationale en r\u00e9action \u00e0 cette situation.<\/span><\/p>\n\n\n\n<p class=\"p1\"><strong>Une image qui vous accompagne ?<\/strong><\/p>\n\n\n\n<p class=\"p1\"><span class=\"s1\">C\u2019est difficile de choisir\u2026 Il y a deux photos de mon p\u00e8re que je trouve tr\u00e8s belles et qui pour moi repr\u00e9sentent beaucoup.<\/span><\/p>\n\n\n<div class=\"wp-block-image wp-image-9492\">\n<figure class=\"aligncenter\"><img loading=\"lazy\" decoding=\"async\" width=\"454\" height=\"454\" src=\"https:\/\/lafilledecorinthe.com\/wordpress\/wp-content\/uploads\/2019\/01\/lenvol-1953-T.jpg\" alt=\"l'envol-1953 T\" class=\"wp-image-9492\" srcset=\"https:\/\/lafilledecorinthe.com\/wordpress\/wp-content\/uploads\/2019\/01\/lenvol-1953-T.jpg 454w, https:\/\/lafilledecorinthe.com\/wordpress\/wp-content\/uploads\/2019\/01\/lenvol-1953-T-200x200.jpg 200w, https:\/\/lafilledecorinthe.com\/wordpress\/wp-content\/uploads\/2019\/01\/lenvol-1953-T-300x300.jpg 300w\" sizes=\"auto, (max-width: 454px) 100vw, 454px\" \/><figcaption class=\"wp-element-caption\">\u00a9 Pierre Jamet, 1953<\/figcaption><\/figure>\n<\/div>\n\n\n<p>La premi\u00e8re a \u00e9t\u00e9 prise \u00e0 Belle-\u00cele \u00e0 l\u2019\u00e9t\u00e9 53, c\u2019est une photo de moi, j\u2019ai 7 ans. Je l\u2019ai nomm\u00e9e \u00ab&nbsp;l\u2019envol&nbsp;\u00bb. Elle est stup\u00e9fiante. Elle est unique, je n\u2019ai trouv\u00e9 aucun autre n\u00e9gatif de ce moment. Mon p\u00e8re a su saisir la perfection de ce mouvement, \u00ab\u00a0l&rsquo;instant&nbsp;d\u00e9cisif\u00a0\u00bb.<\/p>\n\n\n<div class=\"wp-block-image\">\n<figure class=\"aligncenter\"><a href=\"https:\/\/lafilledecorinthe.com\/wordpress\/wp-content\/uploads\/2019\/01\/165-alb-33-Lisa-et-Fernand-Fonssagrives-Ballets-Weidt-Paris-1934.jpg\"><img loading=\"lazy\" decoding=\"async\" width=\"859\" height=\"872\" src=\"https:\/\/lafilledecorinthe.com\/wordpress\/wp-content\/uploads\/2019\/01\/165-alb-33-Lisa-et-Fernand-Fonssagrives-Ballets-Weidt-Paris-1934.jpg\" alt=\"165-alb-33-Lisa-et-Fernand-Fonssagrives-Ballets-Weidt-Paris-1934\" class=\"wp-image-9493\" srcset=\"https:\/\/lafilledecorinthe.com\/wordpress\/wp-content\/uploads\/2019\/01\/165-alb-33-Lisa-et-Fernand-Fonssagrives-Ballets-Weidt-Paris-1934.jpg 859w, https:\/\/lafilledecorinthe.com\/wordpress\/wp-content\/uploads\/2019\/01\/165-alb-33-Lisa-et-Fernand-Fonssagrives-Ballets-Weidt-Paris-1934-670x680.jpg 670w, https:\/\/lafilledecorinthe.com\/wordpress\/wp-content\/uploads\/2019\/01\/165-alb-33-Lisa-et-Fernand-Fonssagrives-Ballets-Weidt-Paris-1934-296x300.jpg 296w\" sizes=\"auto, (max-width: 859px) 100vw, 859px\" \/><\/a><figcaption class=\"wp-element-caption\">\u00a9 Pierre Jamet, 1934<\/figcaption><\/figure>\n<\/div>\n\n\n<p>L\u2019autre repr\u00e9sente un couple d\u2019amoureux, Lisa et Fernand Fonssagrives. Ils \u00e9taient \u00e0 cette \u00e9poque danseurs aux ballets Weidt. La photo a \u00e9t\u00e9 prise en 1934 \u00e0 Paris. Avant-guerre, ils ont \u00e9migr\u00e9 aux Etats-Unis o\u00f9 ils sont devenus c\u00e9l\u00e8bres. Lui comme photographe, elle comme mannequin. Elle est devenue plus tard la femme d&rsquo;Irving Penn. J\u2019ai sauv\u00e9 cette photo. Il ne restait qu\u2019un petit positif tr\u00e8s ab\u00eem\u00e9. J\u2019adore cette photo par la puissance \u00e9vocatrice de l\u2019amour que deux individus peuvent se porter.\u00a0 \u00a0 \u00a0 \u00a0 \u00a0 \u00a0 \u00a0 \u00a0 \u00a0 \u00a0 \u00a0 \u00a0 \u00a0 \u00a0 \u00a0 \u00a0 \u00a0 \u00a0 \u00a0 \u00a0 \u00a0 \u00a0 \u00a0 \u00a0 \u00a0 \u00a0 \u00a0 \u00a0 \u00a0 \u00a0 \u00a0 \u00a0 \u00a0 \u00a0 \u00a0 \u00a0 \u00a0 \u00a0 \u00a0 \u00a0 \u00a0 \u00a0 \u00a0 \u00a0 \u00a0 \u00a0 \u00a0 \u00a0 \u00a0 \u00a0 \u00a0 <\/p>\n\n\n\n<p><b>Que voulez-vous dire par \u00ab\u00a0j\u2019ai sauv\u00e9 cette photo\u00a0\u00bb ?<\/b><\/p>\n\n\n\n<p class=\"p1\"><span class=\"s1\">Je suis intervenue sur cette photo. A l\u2019\u00e9poque de mon p\u00e8re, ma m\u00e8re et ma demi-soeur repiquaient ses photos \u00e0 l\u2019encre de chine. J\u2019ai num\u00e9ris\u00e9 quant \u00e0 moi ses n\u00e9gatifs et j&rsquo;ai retouch\u00e9 certains tirages avec Photoshop. L\u2019objectif est de rendre l\u2019image plus belle, plus propre, de compenser les poussi\u00e8res et les petites \u00e9raflures. C\u2019est un travail tr\u00e8s fastidieux mais qui permet de se mettre dans l\u2019oeil du photographe, d\u2019\u00e9tablir avec lui une certaine intimit\u00e9. <\/span><\/p>\n\n\n\n<p class=\"p1\"><span class=\"s1\"><b>Je vais jouer la curieuse mais je suis intrigu\u00e9e par votre double patronyme \u00ab&nbsp;Jamet-Vierny&nbsp;\u00bb ?<\/b><\/span><\/p>\n\n\n\n<p class=\"p1\"><span class=\"s1\">Non, Dina Vierny n\u2019est pas ma m\u00e8re. Par contre on a eu le m\u00eame mari, Sacha Vierny. Dina et Sacha se sont mari\u00e9s en 1939. Ils avaient 19 ans. Moi, je l\u2019ai \u00e9pous\u00e9 en 1971, c\u2019\u00e9tait un ami de mon p\u00e8re. Il avait 25 ans de plus que moi.<\/span><br>Ma m\u00e8re, Ida Kliatchko, a quitt\u00e9 la Russie \u00e0 17 ans. Apr\u00e8s un s\u00e9jour \u00e0 Berlin elle est arriv\u00e9e en France. Elle s\u2019est mari\u00e9e avec un cin\u00e9aste communiste dont elle a eu une premi\u00e8re fille. Elle a rencontr\u00e9 mon p\u00e8re en 1935, elle participait au Groupe Octobre avec les fr\u00e8res Pr\u00e9vert notamment. Mes parents \u00e9taient tr\u00e8s amoureux cependant ma m\u00e8re a suivi son mari cin\u00e9aste \u00e0 Moscou\u2026 Leur histoire aurait pu s\u2019arr\u00eater l\u00e0. Ma m\u00e8re est revenue en 1938, ils ont v\u00e9cu ensuite toute leur vie ensemble.<\/p>\n\n\n\n<p class=\"p1\"><span class=\"s1\"><b> Quel genre de p\u00e8re \u00e9tait Pierre Jamet ?<\/b><\/span><\/p>\n\n\n\n<p class=\"p1\"><span class=\"s1\">On \u00e9tait tr\u00e8s li\u00e9, c\u2019\u00e9tait un p\u00e8re tr\u00e8s aimant, j\u2019\u00e9tais sa fille unique. Il a toujours essay\u00e9 de me rendre curieuse. Il disait toujours \u00ab&nbsp;ma fille, elle est parfaite&nbsp;\u00bb. Il disait \u00e7a quand je me comportais conform\u00e9ment \u00e0 ses d\u00e9sirs. Avec le recul, j\u2019ai le sentiment qu\u2019il m\u2019a un peu utilis\u00e9e, qu\u2019il ne m\u2019a pas laiss\u00e9e compl\u00e8tement prendre mon envol.<\/span><\/p>\n\n\n<div class=\"wp-block-image\">\n<figure class=\"aligncenter\"><a href=\"https:\/\/lafilledecorinthe.com\/wordpress\/wp-content\/uploads\/2019\/01\/P-et-sa-fille.jpeg\"><img loading=\"lazy\" decoding=\"async\" width=\"228\" height=\"221\" src=\"https:\/\/lafilledecorinthe.com\/wordpress\/wp-content\/uploads\/2019\/01\/P-et-sa-fille.jpeg\" alt=\"P et sa fille\" class=\"wp-image-9495\"\/><\/a><figcaption class=\"wp-element-caption\">Pierre Jamet et sa fille Corinne devant leur maison de Belle-\u00cele en Mer<\/figcaption><\/figure>\n<\/div>\n\n\n<p class=\"p1\"><strong>\u00a0Avez-vous d\u00e9velopp\u00e9 une pratique personnelle de la photographie et\/ou du chant ?\u00a0 \u00a0 \u00a0 \u00a0 \u00a0 \u00a0 \u00a0 \u00a0 \u00a0 \u00a0 \u00a0 \u00a0 \u00a0 \u00a0 \u00a0 \u00a0 \u00a0 \u00a0 \u00a0 \u00a0 \u00a0 \u00a0 \u00a0 \u00a0 \u00a0 \u00a0 \u00a0 \u00a0 \u00a0 \u00a0 \u00a0 \u00a0 \u00a0 \u00a0 \u00a0 \u00a0 \u00a0 \u00a0 \u00a0 \u00a0 \u00a0 \u00a0 \u00a0 \u00a0 \u00a0 \u00a0 \u00a0 \u00a0 \u00a0 \u00a0 \u00a0 \u00a0 \u00a0 \u00a0 \u00a0 \u00a0 \u00a0 \u00a0 \u00a0 \u00a0 \u00a0 \u00a0 \u00a0 \u00a0 \u00a0 \u00a0 \u00a0 \u00a0 \u00a0 \u00a0 \u00a0 \u00a0 \u00a0 \u00a0 \u00a0 \u00a0 \u00a0 \u00a0 \u00a0 \u00a0 \u00a0 \u00a0 \u00a0 \u00a0 \u00a0 \u00a0 \u00a0 \u00a0 \u00a0 \u00a0 \u00a0 \u00a0 \u00a0 \u00a0 \u00a0 \u00a0 \u00a0 \u00a0 <\/strong>Ni l\u2019un ni l\u2019autre. Je fais de la photo comme \u00ab\u00a0Madame tout le monde\u00a0\u00bb. Je n\u2019ai aucune culture de la technique photographique. Certainement par r\u00e9action \u00e0 l\u2019envie de mon p\u00e8re de m\u2019initier, j\u2019ai refus\u00e9 tout apprentissage avec lui. Par contre, j\u2019ai baign\u00e9 depuis toute petite dans ses photos, je pense tr\u00e8s humblement que \u00e7a m\u2019a donn\u00e9 un oeil photographique. C\u2019est sans doute ce qui me permet aujourd\u2019hui de faire ce travail.<br>Je n\u2019ai pas de voix non plus et je d\u00e9testais \u00e9couter mon p\u00e8re chanter. C\u2019\u00e9tait une \u00e9preuve pour moi, j\u2019avais une horrible appr\u00e9hension qu\u2019il se trompe.Par contre, je fais de la musique. Je joue (tr\u00e8s mal) du piano.<\/p>\n\n\n\n<figure class=\"wp-block-image size-full\"><img loading=\"lazy\" decoding=\"async\" width=\"500\" height=\"500\" src=\"https:\/\/lafilledecorinthe.com\/wordpress\/wp-content\/uploads\/2019\/01\/Les-4-barbus.jpg\" alt=\"\" class=\"wp-image-15263\" srcset=\"https:\/\/lafilledecorinthe.com\/wordpress\/wp-content\/uploads\/2019\/01\/Les-4-barbus.jpg 500w, https:\/\/lafilledecorinthe.com\/wordpress\/wp-content\/uploads\/2019\/01\/Les-4-barbus-200x200.jpg 200w\" sizes=\"auto, (max-width: 500px) 100vw, 500px\" \/><\/figure>\n\n\n\n<p>Pause musicale : <em>Honneur aux barbus ! <\/em>musique de Rossini, paroles de Pierre Dac et Francis Blanche<\/p>\n\n\n\n<figure class=\"wp-block-embed is-type-video is-provider-youtube wp-block-embed-youtube wp-embed-aspect-16-9 wp-has-aspect-ratio\"><div class=\"wp-block-embed__wrapper\">\n<iframe loading=\"lazy\" title=\"Les Quatre Barbus - Honneur aux barbus - Live, Arranged By Tritsch\" width=\"720\" height=\"405\" src=\"https:\/\/www.youtube.com\/embed\/4sbNWgo-hfk?feature=oembed\" frameborder=\"0\" allow=\"accelerometer; autoplay; clipboard-write; encrypted-media; gyroscope; picture-in-picture; web-share\" referrerpolicy=\"strict-origin-when-cross-origin\" allowfullscreen><\/iframe>\n<\/div><\/figure>\n\n\n\n<p class=\"p1\"><strong>&nbsp;J\u2019aimerais parler \u00ab&nbsp;technique\u00a0\u00bb avec vous : ses appareils photos, ses tirages\u2026<\/strong><\/p>\n\n\n\n<p class=\"p1\"><span class=\"s1\">Il a d\u00e9but\u00e9 avec des appareils bon march\u00e9 puis en 33-35 il a pu acheter son premier Rolleiflex. C\u2019est avec cet appareil qu\u2019il a fait ses plus belles photos. Je ne sais pas vraiment pourquoi mais il a revendu son Rolleiflex en 55-56 pour un Leica. La nature des n\u00e9gatifs change totalement.&nbsp;<\/span>Il a toujours tir\u00e9 ses photos&nbsp;;&nbsp;avant-guerre, il avait install\u00e9 un labo sommaire dans sa cuisine. Il a fait de la photo en professionnel. Il faisait notamment des portraits d&rsquo;enfants \u00e0 domicile en ces temps o\u00f9 tout un chacun n&rsquo;avait pas son appareil photo. M\u00eame si ensuite il est devenu chanteur professionnel dans le groupe vocal <em>Les&nbsp;quatre barbus<\/em>, il a toujours continu\u00e9 la photographie, c\u2019\u00e9tait sa passion. En 43, il s\u2019est install\u00e9 un laboratoire en dehors de l\u2019appartement familial, pr\u00e8s de la gare Montparnasse. Ses photos, c\u2019\u00e9tait son domaine priv\u00e9. Il lui arrivait aussi de recadrer ses photos. Je me suis permise pour certaines d\u2019entre elles de revenir au format initial.<\/p>\n\n\n\n<p class=\"p1\"><span class=\"s1\"><b>Je n\u2019ai vu que des photos en noir &amp; blanc, a-t-il aussi photographi\u00e9 en couleur ?<\/b> <\/span><\/p>\n\n\n\n<p class=\"p1\"><span class=\"s1\">Oui avec son Leica mais je n\u2019ai pas encore vraiment abord\u00e9 cette partie de son oeuvre. Il faisait essentiellement des photos de voyage \u00e0 l\u2019occasion de ses nombreuses tourn\u00e9es.<span class=\"Apple-converted-space\">&nbsp; &nbsp; &nbsp;<\/span>En 2010, j\u2019ai organis\u00e9 une exposition de photographies couleur dans le cadre du mois de la photo-off \u00e0 Paris. Elle s\u2019appelait \u00ab&nbsp;Changement de d\u00e9cor \u00e0 Paris 14<\/span><span class=\"s2\"><sup>e <\/sup><\/span><span class=\"s1\">-1944-1984&nbsp;\u00bb. Il a \u00e9t\u00e9 tr\u00e8s marqu\u00e9 par la r\u00e9novation du quartier Maine Montparnasse et par la destruction de son premier laboratoire.<\/span><\/p>\n\n\n<div class=\"wp-block-image\">\n<figure class=\"aligncenter\"><a href=\"https:\/\/lafilledecorinthe.com\/wordpress\/wp-content\/uploads\/2019\/01\/Affiche.jpeg\"><img loading=\"lazy\" decoding=\"async\" width=\"806\" height=\"1204\" src=\"https:\/\/lafilledecorinthe.com\/wordpress\/wp-content\/uploads\/2019\/01\/Affiche.jpeg\" alt=\"Affiche\" class=\"wp-image-9505\" srcset=\"https:\/\/lafilledecorinthe.com\/wordpress\/wp-content\/uploads\/2019\/01\/Affiche.jpeg 806w, https:\/\/lafilledecorinthe.com\/wordpress\/wp-content\/uploads\/2019\/01\/Affiche-455x680.jpeg 455w, https:\/\/lafilledecorinthe.com\/wordpress\/wp-content\/uploads\/2019\/01\/Affiche-201x300.jpeg 201w\" sizes=\"auto, (max-width: 806px) 100vw, 806px\" \/><\/a><\/figure>\n<\/div>\n\n\n<p class=\"p1\"><span class=\"s1\"><b>Aviez-vous \u00e9chang\u00e9 avec votre p\u00e8re sur son d\u00e9sir de voir ses photos expos\u00e9es ou publi\u00e9es ?<\/b><\/span><\/p>\n\n\n\n<p class=\"p1\"><span class=\"s1\">Je n\u2019ai jamais \u00e9voqu\u00e9 avec lui le devenir de son fonds photographique. Il m\u2019a laiss\u00e9 une lettre avec des instructions post-mortem, aucune consigne concernant ses photographies n\u2019y figurait. Mon p\u00e8re a tr\u00e8s peu diffus\u00e9 son travail, il doutait, il ne se rendait pas compte de la valeur historique et artistique de ses photos.&nbsp;<\/span><span class=\"s1\">De son vivant, la Fondation Nationale de la Photographie a organis\u00e9 deux expositions. En 1990,&nbsp;<\/span><span class=\"s1\">une exposition \u00ab&nbsp;Trio pour une expo&nbsp;\u00bb r\u00e9unissant mon p\u00e8re avec deux autres chanteurs photographes, Paul Tourenne des \u00ab&nbsp;Fr\u00e8res Jacques&nbsp;\u00bb et Fred Mela des \u00ab&nbsp;Compagnons de la chanson&nbsp;\u00bb a tourn\u00e9 en France.&nbsp;Les trois chanteurs-photographes&nbsp;se retrouvaient au moment des vernissages, ils avaient con\u00e7u un petit num\u00e9ro de chansons.&nbsp;<\/span>Un livre a \u00e9t\u00e9 \u00e9dit\u00e9 \u00e0 partir de cette s\u00e9lection, \u00ab&nbsp;Temps de pause&nbsp;\u00bb. Il est paru juste apr\u00e8s la mort de mon p\u00e8re.<\/p>\n\n\n<div class=\"wp-block-image\">\n<figure class=\"aligncenter\"><a href=\"https:\/\/lafilledecorinthe.com\/wordpress\/wp-content\/uploads\/2019\/01\/Temps-de-pause.jpg\"><img loading=\"lazy\" decoding=\"async\" width=\"400\" height=\"517\" src=\"https:\/\/lafilledecorinthe.com\/wordpress\/wp-content\/uploads\/2019\/01\/Temps-de-pause.jpg\" alt=\"Temps-de-pause\" class=\"wp-image-9506\" srcset=\"https:\/\/lafilledecorinthe.com\/wordpress\/wp-content\/uploads\/2019\/01\/Temps-de-pause.jpg 400w, https:\/\/lafilledecorinthe.com\/wordpress\/wp-content\/uploads\/2019\/01\/Temps-de-pause-232x300.jpg 232w\" sizes=\"auto, (max-width: 400px) 100vw, 400px\" \/><\/a><\/figure>\n<\/div>\n\n\n<p class=\"p1\"><\/p>\n\n\n\n<p class=\"p1\"><span class=\"s1\">Apr\u00e8s la mort de mon p\u00e8re, j\u2019ai laiss\u00e9 pendant plusieurs ann\u00e9es son stock de photos dans mes combles, je n\u2019y pr\u00eatais pas grande attention. Je me demandais surtout s\u2019il \u00e9tait l\u00e9gitime de m\u2019en m\u00ealer\u2026 Puis j\u2019ai eu des sollicitations de personnes qui voulaient r\u00e9cup\u00e9rer le fonds. Un d\u00e9clic a eu lieu pendant l\u2019exposition Willy Ronis \u00e0 la mairie de Paris en 2006. Je me suis dit qu\u2019il fallait que je fasse quelque chose\u2026&nbsp;<\/span>Au moins deux tiers de ses<span class=\"Apple-converted-space\">&nbsp; <\/span>photos \u00e9taient bien rang\u00e9es, ses n\u00e9gatifs \u00e9taient class\u00e9s dans des bo\u00eetes avec un inventaire manuscrit. Il y avait aussi des bo\u00eetes de tirages selon des th\u00e8mes pr\u00e9cis : les enfants, les femmes, la mer, les dormeurs \u2026 Ma premi\u00e8re id\u00e9e a \u00e9t\u00e9 de faire une exposition et un livre sur Belle-\u00cele. Il m\u2019avait pass\u00e9 le virus de cette \u00eele qu&rsquo;il fr\u00e9quentait depuis 1929 et o\u00f9 il avait achet\u00e9 une maison en 1946. Je connaissais bien le sujet. Depuis les ann\u00e9es 30, il avait pris beaucoup de photos de ses habitants, c\u2019est un peu l\u2019historien du&nbsp;village o\u00f9 se trouve notre maison ! Ma premi\u00e8re exposition a donc \u00e9t\u00e9 r\u00e9alis\u00e9e sur l\u2019\u00eele et un petit \u00e9diteur breton a sorti un livre, il n&rsquo;a pas eu une grande diffusion \u00e0 l\u2019\u00e9chelon national, 70 % des ventes ont \u00e9t\u00e9 r\u00e9alis\u00e9es \u00e0 Belle-\u00cele.<\/p>\n\n\n\n<p class=\"p1\"><strong><span class=\"s1\">Et depuis 10 ans vous mettez beaucoup d\u2019\u00e9nergie \u00e0 valoriser l\u2019oeuvre photographique de votre p\u00e8re.<\/span><\/strong><\/p>\n\n\n\n<p class=\"p1\"><span class=\"s1\">\u00c7a n\u2019est pas facile, le milieu de la photographie est tr\u00e8s comp\u00e9titif, je n\u2019ai pas forc\u00e9ment tous les codes. Je sollicite beaucoup et parfois je fais de belles rencontres. Je continue de me bagarrer pour que le travail de mon p\u00e8re soit reconnu.<\/span><\/p>\n\n\n\n<p class=\"p1\"><span class=\"s1\"><b>Actuellement, une tr\u00e8s belle exposition\u00a0du Centre Pompidou est consacr\u00e9e \u00e0 la photographie sociale et documentaire au d\u00e9but des ann\u00e9es 30.<\/b><\/span><br><span class=\"s1\"><b>Plusieurs photographies de votre p\u00e8re y sont expos\u00e9es.<\/b><\/span><\/p>\n\n\n<div class=\"wp-block-image\">\n<figure class=\"aligncenter\"><a href=\"https:\/\/lafilledecorinthe.com\/wordpress\/wp-content\/uploads\/2019\/01\/IMG_7656.jpg\"><img loading=\"lazy\" decoding=\"async\" width=\"1280\" height=\"877\" src=\"https:\/\/lafilledecorinthe.com\/wordpress\/wp-content\/uploads\/2019\/01\/IMG_7656-1280x877.jpg\" alt=\"IMG_7656\" class=\"wp-image-9508\" srcset=\"https:\/\/lafilledecorinthe.com\/wordpress\/wp-content\/uploads\/2019\/01\/IMG_7656-1280x877.jpg 1280w, https:\/\/lafilledecorinthe.com\/wordpress\/wp-content\/uploads\/2019\/01\/IMG_7656-680x466.jpg 680w, https:\/\/lafilledecorinthe.com\/wordpress\/wp-content\/uploads\/2019\/01\/IMG_7656-438x300.jpg 438w\" sizes=\"auto, (max-width: 1280px) 100vw, 1280px\" \/><\/a><figcaption class=\"wp-element-caption\">Vue de l\u2019exposition \u00a0\u00ab\u00a0Photographie arme de classe\u00a0\u00bb, Centre Pompidou, 7 novembre 2018-4 f\u00e9vrier 2019<\/figcaption><\/figure>\n<\/div>\n\n\n<p class=\"p1\"><span class=\"s1\">Il y a quelques ann\u00e9es, j\u2019ai \u00e9t\u00e9 contact\u00e9e par le Centre Pompidou qui pr\u00e9parait l&rsquo;exposition \u00ab&nbsp;Voici Paris : modernit\u00e9s photographiques, 1920-1950&nbsp;\u00bb. J\u2019ai appris \u00e0 cette occasion qu\u2019un grand collectionneur, Christian Bouqueret, venait de c\u00e9der son fonds au mus\u00e9e et qu\u2019il y avait une trentaine de photographies de mon p\u00e8re dans sa collection. J\u2019ai d\u00e9sir\u00e9 rencontrer cet homme, il \u00e9tait tr\u00e8s diminu\u00e9, il venait d\u2019avoir un AVC mais nous avons pu \u00e9changer tr\u00e8s sympathiquement. Il se souvenait que j\u2019\u00e9tais pr\u00e9sente lorsqu\u2019il \u00e9tait venu choisir des photographies au labo de mon p\u00e8re.<\/span><\/p>\n\n\n\n<p class=\"p1\"><span class=\"s1\"><b>L\u2019exposition \u00ab&nbsp;Photographie, arme de classe&nbsp;\u00bb, souligne l\u2019engagement politique et social des hommes et des femmes qui prenaient ces photos. J\u2019aimerais savoir quelles sont les valeurs que vous avez re\u00e7ues en h\u00e9ritage de votre p\u00e8re\u2026<\/b><\/span><\/p>\n\n\n\n<p class=\"p1\"><span class=\"s1\">Je vais revenir sur l\u2019enfance de mon p\u00e8re, l\u2019ambiance familiale n\u2019\u00e9tait pas sereine. Un \u00e9chappatoire important pour lui a \u00e9t\u00e9 son int\u00e9gration de 8 \u00e0 15 ans dans les \u00e9claireurs de France du lyc\u00e9e Henri IV. C\u2019est un mouvement scout la\u00efque. Les valeurs qu\u2019il a recherch\u00e9es toute sa vie y sont li\u00e9es ; amiti\u00e9, fraternit\u00e9, amour de la nature. Il est devenu v\u00e9g\u00e9tarien alors que son p\u00e8re \u00e9tait charcutier.&nbsp;<\/span>Il n\u2019a jamais \u00e9t\u00e9 encart\u00e9 dans un parti mais il avait beaucoup d\u2019amis communistes. \u00c7a peut para\u00eetre contradictoire mais je le vois comme un individualiste tr\u00e8s social ! Ce sont des valeurs de gauche qu\u2019il m\u2019a transmises ; l\u2019honn\u00eatet\u00e9, l\u2019\u00e9coute, la d\u00e9testation de l\u2019emprise de l\u2019argent, l\u2019attention \u00e0 l\u2019\u00e9cologie, le d\u00e9sir d\u2019un progr\u00e8s social.<\/p>\n\n\n\n<p class=\"p1\"><strong><span class=\"s1\">Tr\u00e8s compl\u00e9mentaire de celle de Beaubourg, une prochaine exposition lui sera enti\u00e8rement consacr\u00e9e au ch\u00e2teau du Val Fleury de Gif-sur-Yvette en mars prochain, elle mettra quant \u00e0 elle l\u2019accent sur les ann\u00e9es 30 avec notamment sa participation au d\u00e9veloppement des auberges de jeunesse et \u00e0 son travail de directeur de colonies de vacances \u00e0 Belle-Ile en Mer \u2026 Que repr\u00e9sentait cette p\u00e9riode de sa vie pour lui<span class=\"Apple-converted-space\">&nbsp; <\/span>?<\/span><\/strong><\/p>\n\n\n\n<p class=\"p1\"><span class=\"s1\">A cette p\u00e9riode il a eu une vie formidable, une vie sociale tr\u00e8s riche. \u00c0 partir de 1933, il a \u00e9t\u00e9 un membre tr\u00e8s actif de l\u2019Association des \u00e9crivains et des artistes r\u00e9volutionnaires (AEAR) notamment de sa chorale.<\/span><\/p>\n\n\n<div class=\"wp-block-image\">\n<figure class=\"aligncenter\"><a href=\"https:\/\/lafilledecorinthe.com\/wordpress\/wp-content\/uploads\/2019\/01\/IMG_7649.jpg\"><img loading=\"lazy\" decoding=\"async\" width=\"1280\" height=\"960\" src=\"https:\/\/lafilledecorinthe.com\/wordpress\/wp-content\/uploads\/2019\/01\/IMG_7649-1280x960.jpg\" alt=\"IMG_7649\" class=\"wp-image-9509\" srcset=\"https:\/\/lafilledecorinthe.com\/wordpress\/wp-content\/uploads\/2019\/01\/IMG_7649-1280x960.jpg 1280w, https:\/\/lafilledecorinthe.com\/wordpress\/wp-content\/uploads\/2019\/01\/IMG_7649-680x510.jpg 680w, https:\/\/lafilledecorinthe.com\/wordpress\/wp-content\/uploads\/2019\/01\/IMG_7649-400x300.jpg 400w\" sizes=\"auto, (max-width: 1280px) 100vw, 1280px\" \/><\/a><figcaption class=\"wp-element-caption\">la section sport de l&rsquo;AEAR, vers 1933 \u00a9 Pierre Jamet<\/figcaption><\/figure>\n<\/div>\n\n\n<p class=\"p1\"><span class=\"s1\">Il faisait aussi beaucoup de sport. Il a \u00e9t\u00e9 animateur puis directeur d\u2019une colonie de vacances \u00e0 Belle-\u00cele d\u00e8s 1930. Une autre valeur qu\u2019il m\u2019a transmise est l\u2019attention au corps. Il \u00e9tait tr\u00e8s disciplin\u00e9 sur ce sujet, il prenait par exemple une douche froide tous les matins. <\/span><\/p>\n\n\n\n<p class=\"p1\"><span class=\"s1\"><b>Votre regard sur l\u2019homme et l\u2019artiste a-t-il chang\u00e9 depuis que vous vous occupez du fonds photographique de votre p\u00e8re ?<\/b><\/span><\/p>\n\n\n\n<p class=\"p1\"><span class=\"s1\">Quand je regarde les photos de mon p\u00e8re c\u2019est comme si j\u2019\u00e9tais en train de regarder \u00e0 travers son oeil, il avait le d\u00e9sir de \u00ab&nbsp;sauver l\u2019instant&nbsp;\u00bb, je suis souvent \u00e9mue. \u00c7a, c\u2019est sur l\u2019homme.&nbsp;<\/span>Sur le photographe, ce travail me permet d\u2019int\u00e9grer le regard du public. Quand le public regarde et appr\u00e9cie les photographies de mon p\u00e8re, c\u2019est un regard objectif qui n\u2019est pas encombr\u00e9 par ma propre subjectivit\u00e9. Ce regard me conforte dans l\u2019id\u00e9e que mon p\u00e8re \u00e9tait un bon photographe.<\/p>\n","protected":false},"excerpt":{"rendered":"<p>L&rsquo;\u00e9quipe du centre d&rsquo;exposition du Ch\u00e2teau du Val Fleury\u00a0m&rsquo;a contact\u00e9e pour pr\u00e9parer des visites-ateliers en lien avec l&rsquo;exposition du photographe Pierre Jamet qui aura lieu du 12 mars au\u00a030 avril 2019 \u00e0 Gif-sur-Yvette. Ma premi\u00e8re rencontre avec cette oeuvre, que je ne connaissais pas, s&rsquo;est faite\u00a0par le tr\u00e8s riche\u00a0site qui lui est consacr\u00e9.\u00a0L&rsquo;int\u00e9r\u00eat esth\u00e9tique et&#8230;<\/p>\n","protected":false},"author":2,"featured_media":9489,"comment_status":"open","ping_status":"open","sticky":false,"template":"","format":"standard","meta":{"_kad_post_transparent":"","_kad_post_title":"","_kad_post_layout":"","_kad_post_sidebar_id":"","_kad_post_content_style":"","_kad_post_vertical_padding":"","_kad_post_feature":"","_kad_post_feature_position":"","_kad_post_header":false,"_kad_post_footer":false,"_kad_post_classname":"","footnotes":""},"categories":[259],"tags":[1794,1793,1788,1786,1784,1790,1787,1791,1792,107,1785,1789],"class_list":["post-9488","post","type-post","status-publish","format-standard","has-post-thumbnail","hentry","category-rencontres","tag-aear","tag-arme-de-classe","tag-belle-ile","tag-chateau-du-val-fleury","tag-corinne-jamet-vierny","tag-dina-vierny","tag-gif-sur-yvette","tag-ida-kliatchko","tag-les-quatre-barbus","tag-photographie","tag-pierre-jamet","tag-sacha-vierny"],"_links":{"self":[{"href":"https:\/\/lafilledecorinthe.com\/wordpress\/wp-json\/wp\/v2\/posts\/9488","targetHints":{"allow":["GET"]}}],"collection":[{"href":"https:\/\/lafilledecorinthe.com\/wordpress\/wp-json\/wp\/v2\/posts"}],"about":[{"href":"https:\/\/lafilledecorinthe.com\/wordpress\/wp-json\/wp\/v2\/types\/post"}],"author":[{"embeddable":true,"href":"https:\/\/lafilledecorinthe.com\/wordpress\/wp-json\/wp\/v2\/users\/2"}],"replies":[{"embeddable":true,"href":"https:\/\/lafilledecorinthe.com\/wordpress\/wp-json\/wp\/v2\/comments?post=9488"}],"version-history":[{"count":43,"href":"https:\/\/lafilledecorinthe.com\/wordpress\/wp-json\/wp\/v2\/posts\/9488\/revisions"}],"predecessor-version":[{"id":15265,"href":"https:\/\/lafilledecorinthe.com\/wordpress\/wp-json\/wp\/v2\/posts\/9488\/revisions\/15265"}],"wp:featuredmedia":[{"embeddable":true,"href":"https:\/\/lafilledecorinthe.com\/wordpress\/wp-json\/wp\/v2\/media\/9489"}],"wp:attachment":[{"href":"https:\/\/lafilledecorinthe.com\/wordpress\/wp-json\/wp\/v2\/media?parent=9488"}],"wp:term":[{"taxonomy":"category","embeddable":true,"href":"https:\/\/lafilledecorinthe.com\/wordpress\/wp-json\/wp\/v2\/categories?post=9488"},{"taxonomy":"post_tag","embeddable":true,"href":"https:\/\/lafilledecorinthe.com\/wordpress\/wp-json\/wp\/v2\/tags?post=9488"}],"curies":[{"name":"wp","href":"https:\/\/api.w.org\/{rel}","templated":true}]}}