{"id":9418,"date":"2018-12-15T15:42:36","date_gmt":"2018-12-15T14:42:36","guid":{"rendered":"http:\/\/lafilledecorinthe.com\/wordpress\/?p=9418"},"modified":"2025-12-06T18:33:02","modified_gmt":"2025-12-06T17:33:02","slug":"maternelle-et-cinema-dans-le-val-de-marne-2","status":"publish","type":"post","link":"https:\/\/lafilledecorinthe.com\/wordpress\/2018\/12\/maternelle-et-cinema-dans-le-val-de-marne-2\/","title":{"rendered":"\u00ab\u00a0Maternelle et cin\u00e9ma\u00a0\u00bb dans le Val-de-Marne"},"content":{"rendered":"\n<p><\/p>\n\n\n\n<p><em>J&rsquo;ai pris le parti de la na\u00efvet\u00e9. L&rsquo;univers nous d\u00e9passe incommensurablement, sur tous les plans. Il n&rsquo;y a pas lieu de faire des mani\u00e8res. L&rsquo;approche la plus fructueuse est souvent la plus enfantine. J&rsquo;ai pris le parti de l&rsquo;anthropomorphisme le plus simpliste. Parce que je suis convaincu qu&rsquo;on y \u00e9chappe pas. Nous avons la logique et le langage d&rsquo;une \u00e9poque donn\u00e9e, la n\u00f4tre. Aux esprits qui viendront apr\u00e8s nous, nous para\u00eetrons in\u00e9vitablement de na\u00effs anthropomorphes&#8230; Autant l&rsquo;accepter.&nbsp; &nbsp; &nbsp; &nbsp; &nbsp; &nbsp; &nbsp; &nbsp; &nbsp; &nbsp; &nbsp; &nbsp; &nbsp; &nbsp; &nbsp; &nbsp; &nbsp; &nbsp; &nbsp; &nbsp; &nbsp; &nbsp; &nbsp; &nbsp; &nbsp; &nbsp; &nbsp; &nbsp; &nbsp; &nbsp; &nbsp; &nbsp; &nbsp; &nbsp; &nbsp; &nbsp; &nbsp; &nbsp; &nbsp; &nbsp; &nbsp; &nbsp; &nbsp; &nbsp; &nbsp; &nbsp; &nbsp; &nbsp; &nbsp; &nbsp; &nbsp; &nbsp; &nbsp; &nbsp; &nbsp; &nbsp; &nbsp; &nbsp; &nbsp; &nbsp; &nbsp; &nbsp; &nbsp; &nbsp; &nbsp; &nbsp; &nbsp;Patience dans l&rsquo;azur,&nbsp;<\/em>Hubert Reeves, Edition du Seuil, 1981<\/p>\n\n\n\n<p><strong>Projection-conf\u00e9rence<\/strong><br>Cin\u00e9ma <em>Le<\/em> <em>Kosmos<\/em> de Fontenay-sous-Bois<br>Samedi 15 d\u00e9cembre 2018<\/p>\n\n\n\n<p>Depuis 3 ans, l&rsquo;association Cin\u00e9ma Public co-coordonne le dispositif exp\u00e9rimental\u00a0<em>Maternelle et cin\u00e9ma<\/em>\u00a0pr\u00e9sent cette ann\u00e9e dans\u00a012 salles du Val-de-Marne. Il concerne 36 classes de maternelle du d\u00e9partement.<br>La programmation compos\u00e9e de deux films du catalogue national s&rsquo;ouvre avec un programme in\u00e9dit cr\u00e9\u00e9 pour le festival <a href=\"https:\/\/cinemapublic.org\/-festival-cine-junior-.html\"><em>Cin\u00e9 Junior 2019<\/em><\/a>, <em>Dr\u00f4les de Plan\u00e8tes<\/em>.<\/p>\n\n\n\n<p>\u00c0 t\u00e9l\u00e9charger : <a href=\"https:\/\/www.cinemapublic.org\/IMG\/pdf\/dossier_-dro_les_de_plane_tes_-_.pdf\" target=\"_blank\" rel=\"noopener\">Dossier<\/a> \u00ab\u00a0Dr\u00f4les de plan\u00e8tes !\u00a0\u00bb<\/p>\n\n\n<div class=\"wp-block-image wp-image-9427\">\n<figure class=\"aligncenter\"><img loading=\"lazy\" decoding=\"async\" width=\"640\" height=\"360\" src=\"https:\/\/lafilledecorinthe.com\/wordpress\/wp-content\/uploads\/2018\/12\/Lunettes.jpg\" alt=\"Lunettes\" class=\"wp-image-9427\" srcset=\"https:\/\/lafilledecorinthe.com\/wordpress\/wp-content\/uploads\/2018\/12\/Lunettes.jpg 640w, https:\/\/lafilledecorinthe.com\/wordpress\/wp-content\/uploads\/2018\/12\/Lunettes-500x281.jpg 500w\" sizes=\"auto, (max-width: 640px) 100vw, 640px\" \/><figcaption class=\"wp-element-caption\">Lunette, Phoebe Warries, 2016<\/figcaption><\/figure>\n<\/div>\n\n\n<p>Document \u00e0 t\u00e9l\u00e9charger :&nbsp;<a href=\"https:\/\/lafilledecorinthe.com\/wordpress\/wp-content\/uploads\/2018\/12\/Echelle-des-plans-.pdf\">Echelle des plans<\/a>,&nbsp;<a href=\"https:\/\/lafilledecorinthe.com\/wordpress\/wp-content\/uploads\/2018\/12\/Les-formes-circulaires-.pdf\">Les formes circulaires<\/a><\/p>\n\n\n<div class=\"wp-block-image wp-image-9428\">\n<figure class=\"aligncenter\"><img loading=\"lazy\" decoding=\"async\" width=\"670\" height=\"503\" src=\"https:\/\/lafilledecorinthe.com\/wordpress\/wp-content\/uploads\/2018\/12\/Domino.jpg\" alt=\"Domino\" class=\"wp-image-9428\" srcset=\"https:\/\/lafilledecorinthe.com\/wordpress\/wp-content\/uploads\/2018\/12\/Domino.jpg 670w, https:\/\/lafilledecorinthe.com\/wordpress\/wp-content\/uploads\/2018\/12\/Domino-400x300.jpg 400w\" sizes=\"auto, (max-width: 670px) 100vw, 670px\" \/><figcaption class=\"wp-element-caption\">Domino, Z\u030cofie Zaji\u0301c\u030ckova, 2010<\/figcaption><\/figure>\n<\/div>\n\n\n<p>Document \u00e0 t\u00e9l\u00e9charger :&nbsp;<a href=\"https:\/\/lafilledecorinthe.com\/wordpress\/wp-content\/uploads\/2018\/12\/Une-plane\u0300te-a\u0300-comple\u0301ter-.pdf\">Une plane\u0300te a\u0300 comple\u0301ter<\/a><\/p>\n\n\n<div class=\"wp-block-image\">\n<figure class=\"aligncenter\"><a href=\"https:\/\/lafilledecorinthe.com\/wordpress\/wp-content\/uploads\/2018\/12\/Hometown.jpg\"><img loading=\"lazy\" decoding=\"async\" width=\"780\" height=\"438\" src=\"https:\/\/lafilledecorinthe.com\/wordpress\/wp-content\/uploads\/2018\/12\/Hometown.jpg\" alt=\"Hometown\" class=\"wp-image-9429\" srcset=\"https:\/\/lafilledecorinthe.com\/wordpress\/wp-content\/uploads\/2018\/12\/Hometown.jpg 780w, https:\/\/lafilledecorinthe.com\/wordpress\/wp-content\/uploads\/2018\/12\/Hometown-680x382.jpg 680w, https:\/\/lafilledecorinthe.com\/wordpress\/wp-content\/uploads\/2018\/12\/Hometown-500x281.jpg 500w\" sizes=\"auto, (max-width: 780px) 100vw, 780px\" \/><\/a><figcaption class=\"wp-element-caption\">Hometown, Kaori Onishi, PLAIT, 2014<\/figcaption><\/figure>\n<\/div>\n\n\n<p>Document \u00e0 t\u00e9l\u00e9charger :&nbsp;<a href=\"https:\/\/lafilledecorinthe.com\/wordpress\/wp-content\/uploads\/2018\/12\/D\u2019ou\u0300-viennent-les-e\u0301toiles-.pdf\">D\u2019ou\u0300 viennent les e\u0301toiles ?<\/a><\/p>\n\n\n<div class=\"wp-block-image wp-image-9430\">\n<figure class=\"aligncenter\"><img loading=\"lazy\" decoding=\"async\" width=\"1280\" height=\"720\" src=\"https:\/\/lafilledecorinthe.com\/wordpress\/wp-content\/uploads\/2018\/12\/the-theory-of-sunset-1280x720.jpg\" alt=\"the-theory-of-sunset\" class=\"wp-image-9430\" srcset=\"https:\/\/lafilledecorinthe.com\/wordpress\/wp-content\/uploads\/2018\/12\/the-theory-of-sunset-1280x720.jpg 1280w, https:\/\/lafilledecorinthe.com\/wordpress\/wp-content\/uploads\/2018\/12\/the-theory-of-sunset-680x383.jpg 680w, https:\/\/lafilledecorinthe.com\/wordpress\/wp-content\/uploads\/2018\/12\/the-theory-of-sunset-500x281.jpg 500w\" sizes=\"auto, (max-width: 1280px) 100vw, 1280px\" \/><figcaption class=\"wp-element-caption\">The theory of Sunset, Roman Sokolov, 2017<\/figcaption><\/figure>\n<\/div>\n\n\n<p>Documents \u00e0 t\u00e9l\u00e9charger :&nbsp;<a href=\"https:\/\/lafilledecorinthe.com\/wordpress\/wp-content\/uploads\/2018\/12\/Echelle-des-plans.pdf\">Echelle des plans<\/a>,&nbsp;<a href=\"https:\/\/lafilledecorinthe.com\/wordpress\/wp-content\/uploads\/2018\/12\/Point-de-vue-.pdf\">Point de vue<\/a><\/p>\n\n\n<div class=\"wp-block-image wp-image-9431\">\n<figure class=\"aligncenter\"><img loading=\"lazy\" decoding=\"async\" width=\"1024\" height=\"427\" src=\"https:\/\/lafilledecorinthe.com\/wordpress\/wp-content\/uploads\/2018\/12\/Mr-Night-Has-a-Day-Off.jpg\" alt=\"Mr Night Has a Day Off\" class=\"wp-image-9431\" srcset=\"https:\/\/lafilledecorinthe.com\/wordpress\/wp-content\/uploads\/2018\/12\/Mr-Night-Has-a-Day-Off.jpg 1024w, https:\/\/lafilledecorinthe.com\/wordpress\/wp-content\/uploads\/2018\/12\/Mr-Night-Has-a-Day-Off-680x284.jpg 680w, https:\/\/lafilledecorinthe.com\/wordpress\/wp-content\/uploads\/2018\/12\/Mr-Night-Has-a-Day-Off-500x208.jpg 500w\" sizes=\"auto, (max-width: 1024px) 100vw, 1024px\" \/><figcaption class=\"wp-element-caption\">Mr Night Has a Day Off, Ignas Meilunas, 2016<\/figcaption><\/figure>\n<\/div>\n\n<div class=\"wp-block-image\">\n<figure class=\"aligncenter\"><a href=\"https:\/\/lafilledecorinthe.com\/wordpress\/wp-content\/uploads\/2018\/12\/ou-est-la-lune.png\"><img loading=\"lazy\" decoding=\"async\" width=\"641\" height=\"360\" src=\"https:\/\/lafilledecorinthe.com\/wordpress\/wp-content\/uploads\/2018\/12\/ou-est-la-lune.png\" alt=\"ou-est-la-lune\" class=\"wp-image-9432\" srcset=\"https:\/\/lafilledecorinthe.com\/wordpress\/wp-content\/uploads\/2018\/12\/ou-est-la-lune.png 641w, https:\/\/lafilledecorinthe.com\/wordpress\/wp-content\/uploads\/2018\/12\/ou-est-la-lune-500x281.png 500w\" sizes=\"auto, (max-width: 641px) 100vw, 641px\" \/><\/a><figcaption class=\"wp-element-caption\">O\u00f9 est la Lune ? Mi-Young Baek, 2017<\/figcaption><\/figure>\n<\/div>\n\n\n<p>Document \u00e0 t\u00e9l\u00e9charger :&nbsp;<a href=\"https:\/\/lafilledecorinthe.com\/wordpress\/wp-content\/uploads\/2018\/12\/texte-de-la-chanson-.pdf\">texte de la chanson<\/a><\/p>\n\n\n\n<p>Les enfants d\u00e9couvriront aussi deux programmes<em>&nbsp;<\/em>mettant \u00e0 l&rsquo;honneur l&rsquo;oeuvre du&nbsp;r\u00e9alisateur tch\u00e8que&nbsp;B\u0159etislav Pojar et&nbsp;du r\u00e9alisateur japonais&nbsp;Tsuneo Goda.<\/p>\n\n\n<div class=\"wp-block-image\">\n<figure class=\"aligncenter\"><a href=\"https:\/\/lafilledecorinthe.com\/wordpress\/wp-content\/uploads\/2018\/12\/de\u0301formation-2.jpg\"><img loading=\"lazy\" decoding=\"async\" width=\"1280\" height=\"964\" src=\"https:\/\/lafilledecorinthe.com\/wordpress\/wp-content\/uploads\/2018\/12\/de\u0301formation-2-1280x964.jpg\" alt=\"de\u0301formation 2\" class=\"wp-image-9447\" srcset=\"https:\/\/lafilledecorinthe.com\/wordpress\/wp-content\/uploads\/2018\/12\/de\u0301formation-2-1280x964.jpg 1280w, https:\/\/lafilledecorinthe.com\/wordpress\/wp-content\/uploads\/2018\/12\/de\u0301formation-2-680x512.jpg 680w, https:\/\/lafilledecorinthe.com\/wordpress\/wp-content\/uploads\/2018\/12\/de\u0301formation-2-398x300.jpg 398w, https:\/\/lafilledecorinthe.com\/wordpress\/wp-content\/uploads\/2018\/12\/de\u0301formation-2.jpg 1527w\" sizes=\"auto, (max-width: 1280px) 100vw, 1280px\" \/><\/a><figcaption class=\"wp-element-caption\">\u00ab\u00a0Monsieur et monsieur\u00a0\u00bb de B\u0159etislav Pojar<\/figcaption><\/figure>\n<\/div>\n\n\n<p>Points de vue, carte-\u00e9l\u00e8ve, albums jeunesse, image ricochet, photogrammes&#8230; \u00e0 lire et t\u00e9l\u00e9charger sur le site <em><a href=\"http:\/\/enfants-de-cinema.com\/cycle-1\/les-films\/\" target=\"_blank\" rel=\"noopener\">Ecole et Cin\u00e9ma<\/a><\/em><br>Documents \u00e0 t\u00e9l\u00e9charger : <a title=\"\u00ab\u00a0Maternelle et Cin\u00e9ma\u00a0\u00bb dans le Val d\u2019Oise\" href=\"https:\/\/lafilledecorinthe.com\/wordpress\/2018\/09\/maternelle-et-cinema-dans-le-val-doise-3\/\">\u00ab\u00a0Maternelle et cin\u00e9ma\u00a0\u00bb<\/a> dans le Val d&rsquo;Oise<\/p>\n\n\n<div class=\"wp-block-image\">\n<figure class=\"aligncenter\"><a href=\"https:\/\/lafilledecorinthe.com\/wordpress\/wp-content\/uploads\/2018\/12\/Komaneko.jpg\"><img loading=\"lazy\" decoding=\"async\" width=\"1280\" height=\"912\" src=\"https:\/\/lafilledecorinthe.com\/wordpress\/wp-content\/uploads\/2018\/12\/Komaneko-1280x912.jpg\" alt=\"Komaneko\" class=\"wp-image-9451\" srcset=\"https:\/\/lafilledecorinthe.com\/wordpress\/wp-content\/uploads\/2018\/12\/Komaneko-1280x912.jpg 1280w, https:\/\/lafilledecorinthe.com\/wordpress\/wp-content\/uploads\/2018\/12\/Komaneko-680x485.jpg 680w, https:\/\/lafilledecorinthe.com\/wordpress\/wp-content\/uploads\/2018\/12\/Komaneko-421x300.jpg 421w, https:\/\/lafilledecorinthe.com\/wordpress\/wp-content\/uploads\/2018\/12\/Komaneko.jpg 1614w\" sizes=\"auto, (max-width: 1280px) 100vw, 1280px\" \/><\/a><figcaption class=\"wp-element-caption\">Le Petit Chat Curieux (Komaneko) de Tsuneo Goda<\/figcaption><\/figure>\n<\/div>\n\n\n<p>Points de vue, carte-\u00e9l\u00e8ve, albums jeunesse, image ricochet, photogrammes&#8230; \u00e0 lire et t\u00e9l\u00e9charger sur le site\u00a0<em><a href=\"http:\/\/enfants-de-cinema.com\/cycle-1\/les-films\/\" target=\"_blank\" rel=\"noopener\">Ecole et Cin\u00e9ma<\/a><\/em><br>Pr\u00e9sentation et\u00a0documents \u00e0 t\u00e9l\u00e9charger :<a title=\"\u00ab\u00a0Maternelle et cin\u00e9ma\u00a0\u00bb dans le Val d\u2019Oise\" href=\"https:\/\/lafilledecorinthe.com\/wordpress\/2017\/07\/maternelle-et-cinema-dans-le-val-doise-2\/\">\u00ab\u00a0Maternelle et Cin\u00e9ma\u00a0\u00bb<\/a> dans le Val d&rsquo;Oise<br>Un\u00a0<a href=\"https:\/\/lafilledecorinthe.com\/wordpress\/wp-content\/uploads\/2018\/12\/flip-book.pdf\">flip book<\/a> r\u00e9alis\u00e9 par G\u00e9b\u00e9ka Films<\/p>\n","protected":false},"excerpt":{"rendered":"<p>J&rsquo;ai pris le parti de la na\u00efvet\u00e9. L&rsquo;univers nous d\u00e9passe incommensurablement, sur tous les plans. Il n&rsquo;y a pas lieu de faire des mani\u00e8res. L&rsquo;approche la plus fructueuse est souvent la plus enfantine. J&rsquo;ai pris le parti de l&rsquo;anthropomorphisme le plus simpliste. Parce que je suis convaincu qu&rsquo;on y \u00e9chappe pas. Nous avons la logique&#8230;<\/p>\n","protected":false},"author":2,"featured_media":9419,"comment_status":"open","ping_status":"open","sticky":false,"template":"","format":"standard","meta":{"_kad_post_transparent":"","_kad_post_title":"","_kad_post_layout":"","_kad_post_sidebar_id":"","_kad_post_content_style":"","_kad_post_vertical_padding":"","_kad_post_feature":"","_kad_post_feature_position":"","_kad_post_header":false,"_kad_post_footer":false,"_kad_post_classname":"","footnotes":""},"categories":[8],"tags":[1565,974,1776,1777,965,1564,567,960],"class_list":["post-9418","post","type-post","status-publish","format-standard","has-post-thumbnail","hentry","category-formations-adultes","tag-bretislav-pojar","tag-cinema-public","tag-droles-de-planetes","tag-le-petit-chat-curieux","tag-maternelle-et-cinema","tag-monsieur-et-monsieur","tag-tsuneo-goda","tag-val-de-marne"],"_links":{"self":[{"href":"https:\/\/lafilledecorinthe.com\/wordpress\/wp-json\/wp\/v2\/posts\/9418","targetHints":{"allow":["GET"]}}],"collection":[{"href":"https:\/\/lafilledecorinthe.com\/wordpress\/wp-json\/wp\/v2\/posts"}],"about":[{"href":"https:\/\/lafilledecorinthe.com\/wordpress\/wp-json\/wp\/v2\/types\/post"}],"author":[{"embeddable":true,"href":"https:\/\/lafilledecorinthe.com\/wordpress\/wp-json\/wp\/v2\/users\/2"}],"replies":[{"embeddable":true,"href":"https:\/\/lafilledecorinthe.com\/wordpress\/wp-json\/wp\/v2\/comments?post=9418"}],"version-history":[{"count":33,"href":"https:\/\/lafilledecorinthe.com\/wordpress\/wp-json\/wp\/v2\/posts\/9418\/revisions"}],"predecessor-version":[{"id":14720,"href":"https:\/\/lafilledecorinthe.com\/wordpress\/wp-json\/wp\/v2\/posts\/9418\/revisions\/14720"}],"wp:featuredmedia":[{"embeddable":true,"href":"https:\/\/lafilledecorinthe.com\/wordpress\/wp-json\/wp\/v2\/media\/9419"}],"wp:attachment":[{"href":"https:\/\/lafilledecorinthe.com\/wordpress\/wp-json\/wp\/v2\/media?parent=9418"}],"wp:term":[{"taxonomy":"category","embeddable":true,"href":"https:\/\/lafilledecorinthe.com\/wordpress\/wp-json\/wp\/v2\/categories?post=9418"},{"taxonomy":"post_tag","embeddable":true,"href":"https:\/\/lafilledecorinthe.com\/wordpress\/wp-json\/wp\/v2\/tags?post=9418"}],"curies":[{"name":"wp","href":"https:\/\/api.w.org\/{rel}","templated":true}]}}