{"id":9373,"date":"2018-12-06T11:31:22","date_gmt":"2018-12-06T10:31:22","guid":{"rendered":"http:\/\/lafilledecorinthe.com\/wordpress\/?p=9373"},"modified":"2025-12-06T18:35:05","modified_gmt":"2025-12-06T17:35:05","slug":"ecole-et-cinema-92-le-garcon-et-le-monde","status":"publish","type":"post","link":"https:\/\/lafilledecorinthe.com\/wordpress\/2018\/12\/ecole-et-cinema-92-le-garcon-et-le-monde\/","title":{"rendered":"\u00ab\u00a0Ecole et cin\u00e9ma 92\u00a0\u00bb Le gar\u00e7on et le monde"},"content":{"rendered":"\n<p class=\"has-text-align-left\">\u00a0<em>On ne peut pas raconter un dessin anim\u00e9.<\/em><br><em>C&rsquo;est comme une orange<\/em><br><em>on ne peut pas raconter une orange :<\/em><br><em>on peut l&rsquo;\u00e9plucher, la manger, et c&rsquo;est tout.<\/em><br>Jacques Pr\u00e9vert dans <em>Le roi et l&rsquo;oiseau<\/em> de Jean-Pierre Pagliano, \u00c9ditions Belin, 2012<\/p>\n\n\n\n<p>\u00a0<strong>Projection-conf\u00e9rence :<\/strong><br><em>Le\u00a0gar\u00e7on et le monde<\/em>\u00a0de Al\u00ea Abreu,\u00a02013<br>Co-anim\u00e9e avec Marc Laugenie<br>Cin\u00e9ma\u00a0<em>Jean Vigo<\/em>\u00a0de Gennevilliers<br>Samedi\u00a08 d\u00e9cembre 2018<br>Cin\u00e9ma\u00a0<em>Le Rex<\/em>\u00a0de Ch\u00e2tenay-Malabry<br>Samedi 12 janvier 2019<\/p>\n\n\n\n<p>Documents&nbsp;\u00e0 t\u00e9l\u00e9charger :&nbsp;<a href=\"https:\/\/lafilledecorinthe.com\/wordpress\/wp-content\/uploads\/2018\/12\/Pour-aller-plus-loin-.pdf\">Pour aller plus loin<\/a>,&nbsp;<a href=\"https:\/\/lafilledecorinthe.com\/wordpress\/wp-content\/uploads\/2018\/12\/Came\u0301ra-subjective-.pdf\">Came\u0301ra-subjective<\/a>,&nbsp;<a href=\"https:\/\/lafilledecorinthe.com\/wordpress\/wp-content\/uploads\/2018\/12\/Les-machines-musiciennes-.pdf\">Les machines musiciennes<\/a>,&nbsp;<a href=\"https:\/\/lafilledecorinthe.com\/wordpress\/wp-content\/uploads\/2018\/12\/De-la-cueillette-du-coton...pdf\">De la cueillette du coton.<\/a>..,&nbsp;<a href=\"https:\/\/lafilledecorinthe.com\/wordpress\/wp-content\/uploads\/2018\/12\/Un-collage-de-textures-....pdf\">Un collage de textures &#8230;<\/a><\/p>\n\n\n\n<p>Cin\u00e9 concert <em>Le Gar\u00e7on et le Monde, <\/em>GEM, 2005<\/p>\n\n\n\n<figure class=\"wp-block-embed is-type-video is-provider-youtube wp-block-embed-youtube wp-embed-aspect-4-3 wp-has-aspect-ratio\"><div class=\"wp-block-embed__wrapper\">\n<iframe loading=\"lazy\" title=\"GEM Grupo Experimental de M\u00fasica - O Menino e o Mundo (Cineconcerto ao vivo) 2015\" width=\"720\" height=\"540\" src=\"https:\/\/www.youtube.com\/embed\/ca90P2PpyjU?feature=oembed\" frameborder=\"0\" allow=\"accelerometer; autoplay; clipboard-write; encrypted-media; gyroscope; picture-in-picture; web-share\" referrerpolicy=\"strict-origin-when-cross-origin\" allowfullscreen><\/iframe>\n<\/div><\/figure>\n\n\n\n<p>Machines musicales de Jean Tinguely<\/p>\n\n\n\n<figure class=\"wp-block-embed is-type-video is-provider-youtube wp-block-embed-youtube wp-embed-aspect-16-9 wp-has-aspect-ratio\"><div class=\"wp-block-embed__wrapper\">\n<iframe loading=\"lazy\" title=\"Jean Tinguely&#039;s Four M\u00e9ta-Harmonie Music Machines at Museum Tinguely, Basel\" width=\"720\" height=\"405\" src=\"https:\/\/www.youtube.com\/embed\/-Xp2jjSaRVg?feature=oembed\" frameborder=\"0\" allow=\"accelerometer; autoplay; clipboard-write; encrypted-media; gyroscope; picture-in-picture; web-share\" referrerpolicy=\"strict-origin-when-cross-origin\" allowfullscreen><\/iframe>\n<\/div><\/figure>\n\n\n\n<p><em>Canto latino <\/em>de Milton Nascimento, 1970<\/p>\n\n\n\n<figure class=\"wp-block-embed is-type-video is-provider-youtube wp-block-embed-youtube wp-embed-aspect-4-3 wp-has-aspect-ratio\"><div class=\"wp-block-embed__wrapper\">\n<iframe loading=\"lazy\" title=\"Canto Latino - Milton Nascimento e Ruy Guerra\" width=\"720\" height=\"540\" src=\"https:\/\/www.youtube.com\/embed\/-THWLqJAtnM?start=97&#038;feature=oembed\" frameborder=\"0\" allow=\"accelerometer; autoplay; clipboard-write; encrypted-media; gyroscope; picture-in-picture; web-share\" referrerpolicy=\"strict-origin-when-cross-origin\" allowfullscreen><\/iframe>\n<\/div><\/figure>\n\n\n\n<p>Et aussi <a href=\"https:\/\/www.youtube.com\/watch?v=kUZtnm-HKs8\" target=\"_blank\" rel=\"noopener\">Levantados do Ch\u00e3o<\/a> de Chico Buarque et&nbsp;Milton Nascimento, <a href=\"https:\/\/www.youtube.com\/watch?v=jDLjFJh1zPM\" target=\"_blank\" rel=\"noopener\">Assentamento<\/a>, <a href=\"https:\/\/www.youtube.com\/watch?v=3T8IlWG3b9g\" target=\"_blank\" rel=\"noopener\">Brejo da Cruz<\/a>&nbsp;et <a href=\"https:\/\/www.youtube.com\/watch?v=mU32cxGnNxo\" target=\"_blank\" rel=\"noopener\">Fantasia<\/a>&nbsp; de&nbsp;Chico Buarque.<\/p>\n\n\n\n<p><em>Brazil : songs of protest <\/em>de&nbsp;Zelia Barbosa, 1969<\/p>\n\n\n\n<figure class=\"wp-block-embed is-type-video is-provider-youtube wp-block-embed-youtube wp-embed-aspect-16-9 wp-has-aspect-ratio\"><div class=\"wp-block-embed__wrapper\">\n<iframe loading=\"lazy\" title=\"Z\u00e9lia Barbosa - Brazil: Songs Of Protest (Sert\u00e3o &amp; Favelas) 1969 (Full Album Vinyl)\" width=\"720\" height=\"405\" src=\"https:\/\/www.youtube.com\/embed\/rLHLfLMy7rs?feature=oembed\" frameborder=\"0\" allow=\"accelerometer; autoplay; clipboard-write; encrypted-media; gyroscope; picture-in-picture; web-share\" referrerpolicy=\"strict-origin-when-cross-origin\" allowfullscreen><\/iframe>\n<\/div><\/figure>\n","protected":false},"excerpt":{"rendered":"<p>\u00a0On ne peut pas raconter un dessin anim\u00e9.C&rsquo;est comme une orangeon ne peut pas raconter une orange :on peut l&rsquo;\u00e9plucher, la manger, et c&rsquo;est tout.Jacques Pr\u00e9vert dans Le roi et l&rsquo;oiseau de Jean-Pierre Pagliano, \u00c9ditions Belin, 2012 \u00a0Projection-conf\u00e9rence :Le\u00a0gar\u00e7on et le monde\u00a0de Al\u00ea Abreu,\u00a02013Co-anim\u00e9e avec Marc LaugenieCin\u00e9ma\u00a0Jean Vigo\u00a0de GennevilliersSamedi\u00a08 d\u00e9cembre 2018Cin\u00e9ma\u00a0Le Rex\u00a0de Ch\u00e2tenay-MalabrySamedi 12 janvier&#8230;<\/p>\n","protected":false},"author":2,"featured_media":9398,"comment_status":"open","ping_status":"open","sticky":false,"template":"","format":"standard","meta":{"_kad_post_transparent":"","_kad_post_title":"","_kad_post_layout":"","_kad_post_sidebar_id":"","_kad_post_content_style":"","_kad_post_vertical_padding":"","_kad_post_feature":"","_kad_post_feature_position":"","_kad_post_header":false,"_kad_post_footer":false,"_kad_post_classname":"","footnotes":""},"categories":[8],"tags":[1667,1772,1770,1774,373,1768,1716,1666,1775,1769,1771,1773],"class_list":["post-9373","post","type-post","status-publish","format-standard","has-post-thumbnail","hentry","category-formations-adultes","tag-ale-abreu","tag-brazil-songs-of-protest","tag-canto-latino","tag-chico-buarque","tag-ecole-et-cinema-92","tag-gem","tag-jean-tinguely","tag-le-garcon-et-le-monde","tag-levantados-do-chao","tag-machines-musicales","tag-milton-nascimento","tag-zelia-barbosa"],"_links":{"self":[{"href":"https:\/\/lafilledecorinthe.com\/wordpress\/wp-json\/wp\/v2\/posts\/9373","targetHints":{"allow":["GET"]}}],"collection":[{"href":"https:\/\/lafilledecorinthe.com\/wordpress\/wp-json\/wp\/v2\/posts"}],"about":[{"href":"https:\/\/lafilledecorinthe.com\/wordpress\/wp-json\/wp\/v2\/types\/post"}],"author":[{"embeddable":true,"href":"https:\/\/lafilledecorinthe.com\/wordpress\/wp-json\/wp\/v2\/users\/2"}],"replies":[{"embeddable":true,"href":"https:\/\/lafilledecorinthe.com\/wordpress\/wp-json\/wp\/v2\/comments?post=9373"}],"version-history":[{"count":13,"href":"https:\/\/lafilledecorinthe.com\/wordpress\/wp-json\/wp\/v2\/posts\/9373\/revisions"}],"predecessor-version":[{"id":14723,"href":"https:\/\/lafilledecorinthe.com\/wordpress\/wp-json\/wp\/v2\/posts\/9373\/revisions\/14723"}],"wp:featuredmedia":[{"embeddable":true,"href":"https:\/\/lafilledecorinthe.com\/wordpress\/wp-json\/wp\/v2\/media\/9398"}],"wp:attachment":[{"href":"https:\/\/lafilledecorinthe.com\/wordpress\/wp-json\/wp\/v2\/media?parent=9373"}],"wp:term":[{"taxonomy":"category","embeddable":true,"href":"https:\/\/lafilledecorinthe.com\/wordpress\/wp-json\/wp\/v2\/categories?post=9373"},{"taxonomy":"post_tag","embeddable":true,"href":"https:\/\/lafilledecorinthe.com\/wordpress\/wp-json\/wp\/v2\/tags?post=9373"}],"curies":[{"name":"wp","href":"https:\/\/api.w.org\/{rel}","templated":true}]}}