{"id":9324,"date":"2018-12-03T14:35:27","date_gmt":"2018-12-03T13:35:27","guid":{"rendered":"http:\/\/lafilledecorinthe.com\/wordpress\/?p=9324"},"modified":"2025-12-04T14:39:42","modified_gmt":"2025-12-04T13:39:42","slug":"lhomme-qui-plantait-des-arbres-enfances-au-cinema","status":"publish","type":"post","link":"https:\/\/lafilledecorinthe.com\/wordpress\/2018\/12\/lhomme-qui-plantait-des-arbres-enfances-au-cinema\/","title":{"rendered":"\u00ab\u00a0L&rsquo;homme qui plantait des arbres\u00a0\u00bb, Enfances au cin\u00e9ma"},"content":{"rendered":"\n<p>\u00ab\u00a0L&rsquo;arbre m&rsquo;abrite, me nourrit, me soigne, enrichit et retient ma terre, absorbe le gaz carbonique, accueille cette odeur de fleur ou d&rsquo;animal qui m&rsquo;intrigue&#8230; Et comme pour s&rsquo;excuser de ne pas m&rsquo;en donner assez, l&rsquo;arbre m&rsquo;offre l&rsquo;envie de ramasser, \u00e0 ses pieds, quelques brindilles de po\u00e9sie :<br><em>Un homme a plant\u00e9 il y a dix mille nuits<\/em><br><em>l&rsquo;arbre contre lequel aujourd&rsquo;hui je m&rsquo;appuie.<\/em><br>Alain Serres, <em>Je serai les yeux de la terre<\/em>, Rue du monde, 2007<\/p>\n\n\n\n<p><strong>Projection-conf\u00e9rence :<\/strong><br>Studio des Ursulines, Paris<br>Mardi 4 d\u00e9cembre 2018<\/p>\n\n\n\n<p>Document accompagnant la conf\u00e9rence :&nbsp;<a href=\"https:\/\/lafilledecorinthe.com\/wordpress\/wp-content\/uploads\/2018\/11\/pour-aller-plus-loin.pdf\">pour aller plus loin<\/a><\/p>\n\n\n<div class=\"wp-block-image wp-image-9371\">\n<figure class=\"aligncenter\"><img loading=\"lazy\" decoding=\"async\" width=\"641\" height=\"427\" src=\"https:\/\/lafilledecorinthe.com\/wordpress\/wp-content\/uploads\/2018\/11\/crac.jpg\" alt=\"crac\" class=\"wp-image-9371\" srcset=\"https:\/\/lafilledecorinthe.com\/wordpress\/wp-content\/uploads\/2018\/11\/crac.jpg 641w, https:\/\/lafilledecorinthe.com\/wordpress\/wp-content\/uploads\/2018\/11\/crac-450x300.jpg 450w\" sizes=\"auto, (max-width: 641px) 100vw, 641px\" \/><figcaption class=\"wp-element-caption\">Crac, Fr\u00e9d\u00e9ric Back, 1981<\/figcaption><\/figure>\n<\/div>\n\n\n<p>Documents \u00e0 t\u00e9l\u00e9charger :&nbsp;<a href=\"https:\/\/lafilledecorinthe.com\/wordpress\/wp-content\/uploads\/2018\/12\/famille-.pdf\">famille<\/a>,&nbsp;<a href=\"https:\/\/lafilledecorinthe.com\/wordpress\/wp-content\/uploads\/2018\/12\/moyens-de-locomotion-.pdf\">moyens de locomotion<\/a>,&nbsp;<a href=\"https:\/\/lafilledecorinthe.com\/wordpress\/wp-content\/uploads\/2018\/12\/chaise-.pdf\">chaise<\/a>,&nbsp;<a href=\"https:\/\/lafilledecorinthe.com\/wordpress\/wp-content\/uploads\/2018\/12\/chansons-et-musiques-traditionnelles-.pdf\">chansons et musiques traditionnelles<\/a>,&nbsp;<a href=\"https:\/\/lafilledecorinthe.com\/wordpress\/wp-content\/uploads\/2018\/12\/peintres-que\u0301be\u0301cois-.pdf\">peintres que\u0301be\u0301cois<\/a><\/p>\n\n\n\n<p><em>La l\u00e9gende du canot d&rsquo;\u00e9corce, <\/em>Robert Doucet, 1996<\/p>\n\n\n\n<p><iframe loading=\"lazy\" src=\"https:\/\/www.onf.ca\/film\/legende_du_canot_decorce\/embed\/player\/\" width=\"560\" height=\"315\" frameborder=\"0\" allowfullscreen=\"allowfullscreen\"><\/iframe><\/p>\n\n\n<div class=\"wp-block-image\">\n<figure class=\"aligncenter\"><a href=\"https:\/\/lafilledecorinthe.com\/wordpress\/wp-content\/uploads\/2018\/12\/Paysage.jpeg\"><img loading=\"lazy\" decoding=\"async\" width=\"1280\" height=\"983\" src=\"https:\/\/lafilledecorinthe.com\/wordpress\/wp-content\/uploads\/2018\/12\/Paysage-1280x983.jpeg\" alt=\"Paysage\" class=\"wp-image-9385\" srcset=\"https:\/\/lafilledecorinthe.com\/wordpress\/wp-content\/uploads\/2018\/12\/Paysage-1280x983.jpeg 1280w, https:\/\/lafilledecorinthe.com\/wordpress\/wp-content\/uploads\/2018\/12\/Paysage-680x522.jpeg 680w, https:\/\/lafilledecorinthe.com\/wordpress\/wp-content\/uploads\/2018\/12\/Paysage-391x300.jpeg 391w, https:\/\/lafilledecorinthe.com\/wordpress\/wp-content\/uploads\/2018\/12\/Paysage.jpeg 1500w\" sizes=\"auto, (max-width: 1280px) 100vw, 1280px\" \/><\/a><figcaption class=\"wp-element-caption\">L&rsquo;homme qui plantait des arbres, Fr\u00e9d\u00e9ric Back, 1987<\/figcaption><\/figure>\n<\/div>\n\n\n<p>Documents \u00e0 t\u00e9l\u00e9charger :&nbsp;<a href=\"https:\/\/lafilledecorinthe.com\/wordpress\/wp-content\/uploads\/2018\/12\/me\u0301tamorphose-d\u2019un-paysage-.pdf\">me\u0301tamorphose d\u2019un paysage<\/a>,&nbsp;<a href=\"https:\/\/lafilledecorinthe.com\/wordpress\/wp-content\/uploads\/2018\/12\/me\u0301tamorphose-d\u2019un-paysage-2.pdf\">me\u0301tamorphose d\u2019un paysage (2)<\/a>,&nbsp;<a href=\"https:\/\/lafilledecorinthe.com\/wordpress\/wp-content\/uploads\/2018\/12\/textes-de-Giono-.pdf\">textes de Giono<\/a><\/p>\n\n\n\n<p>L&rsquo;impact de la d\u00e9forestation (exp\u00e9rience) :<\/p>\n\n\n\n<p><iframe loading=\"lazy\" src=\"https:\/\/www.koreus.com\/embed\/experience-deforestation-inondation\" width=\"560\" height=\"315\" frameborder=\"0\" allowfullscreen=\"allowfullscreen\"><\/iframe><\/p>\n\n\n\n<p><em>Le ch\u00eane et le roseau<\/em>, Laureline Lavandier, 2007<\/p>\n\n\n\n<figure class=\"wp-block-embed is-type-video is-provider-vimeo wp-block-embed-vimeo wp-embed-aspect-16-9 wp-has-aspect-ratio\"><div class=\"wp-block-embed__wrapper\">\n<iframe loading=\"lazy\" title=\"Le ch\u00eane et le roseau\" src=\"https:\/\/player.vimeo.com\/video\/115936800?dnt=1&amp;app_id=122963\" width=\"720\" height=\"405\" frameborder=\"0\" allow=\"autoplay; fullscreen; picture-in-picture; clipboard-write; encrypted-media; web-share\" referrerpolicy=\"strict-origin-when-cross-origin\"><\/iframe>\n<\/div><\/figure>\n\n\n\n<p>Et aussi \u00ab\u00a0Il \u00e9tait une fois un arbre\u00a0\u00bb, France Culture, 1998<br><iframe loading=\"lazy\" src=\"https:\/\/www.franceculture.fr\/player\/export-reecouter?content=cf19ef9e-2416-42a2-8f01-9190204ce345\" width=\"481\" height=\"137\" frameborder=\"0\" scrolling=\"no\"><\/iframe><\/p>\n","protected":false},"excerpt":{"rendered":"<p>\u00ab\u00a0L&rsquo;arbre m&rsquo;abrite, me nourrit, me soigne, enrichit et retient ma terre, absorbe le gaz carbonique, accueille cette odeur de fleur ou d&rsquo;animal qui m&rsquo;intrigue&#8230; Et comme pour s&rsquo;excuser de ne pas m&rsquo;en donner assez, l&rsquo;arbre m&rsquo;offre l&rsquo;envie de ramasser, \u00e0 ses pieds, quelques brindilles de po\u00e9sie :Un homme a plant\u00e9 il y a dix mille&#8230;<\/p>\n","protected":false},"author":2,"featured_media":9326,"comment_status":"open","ping_status":"open","sticky":false,"template":"","format":"standard","meta":{"_kad_post_transparent":"","_kad_post_title":"","_kad_post_layout":"","_kad_post_sidebar_id":"","_kad_post_content_style":"","_kad_post_vertical_padding":"","_kad_post_feature":"","_kad_post_feature_position":"","_kad_post_header":false,"_kad_post_footer":false,"_kad_post_classname":"","footnotes":""},"categories":[8],"tags":[1760,1757,353,1758,1759,1765,1767,1756,1761,1764,1763,1762,1766],"class_list":["post-9324","post","type-post","status-publish","format-standard","has-post-thumbnail","hentry","category-formations-adultes","tag-alain-serres","tag-crac","tag-enfances-au-cinema","tag-frederic-back","tag-je-serai-les-yeux-de-la-terre","tag-jean-giono","tag-larbre-genereux","tag-lhomme-qui-plantait-des-arbres","tag-la-legende-du-canot-decorce","tag-laureline-lavandier","tag-le-chene-et-le-roseau","tag-robert-doucet","tag-shel-silverstein"],"_links":{"self":[{"href":"https:\/\/lafilledecorinthe.com\/wordpress\/wp-json\/wp\/v2\/posts\/9324","targetHints":{"allow":["GET"]}}],"collection":[{"href":"https:\/\/lafilledecorinthe.com\/wordpress\/wp-json\/wp\/v2\/posts"}],"about":[{"href":"https:\/\/lafilledecorinthe.com\/wordpress\/wp-json\/wp\/v2\/types\/post"}],"author":[{"embeddable":true,"href":"https:\/\/lafilledecorinthe.com\/wordpress\/wp-json\/wp\/v2\/users\/2"}],"replies":[{"embeddable":true,"href":"https:\/\/lafilledecorinthe.com\/wordpress\/wp-json\/wp\/v2\/comments?post=9324"}],"version-history":[{"count":27,"href":"https:\/\/lafilledecorinthe.com\/wordpress\/wp-json\/wp\/v2\/posts\/9324\/revisions"}],"predecessor-version":[{"id":14579,"href":"https:\/\/lafilledecorinthe.com\/wordpress\/wp-json\/wp\/v2\/posts\/9324\/revisions\/14579"}],"wp:featuredmedia":[{"embeddable":true,"href":"https:\/\/lafilledecorinthe.com\/wordpress\/wp-json\/wp\/v2\/media\/9326"}],"wp:attachment":[{"href":"https:\/\/lafilledecorinthe.com\/wordpress\/wp-json\/wp\/v2\/media?parent=9324"}],"wp:term":[{"taxonomy":"category","embeddable":true,"href":"https:\/\/lafilledecorinthe.com\/wordpress\/wp-json\/wp\/v2\/categories?post=9324"},{"taxonomy":"post_tag","embeddable":true,"href":"https:\/\/lafilledecorinthe.com\/wordpress\/wp-json\/wp\/v2\/tags?post=9324"}],"curies":[{"name":"wp","href":"https:\/\/api.w.org\/{rel}","templated":true}]}}