{"id":9297,"date":"2018-11-05T14:56:00","date_gmt":"2018-11-05T13:56:00","guid":{"rendered":"http:\/\/lafilledecorinthe.com\/wordpress\/?p=9297"},"modified":"2025-12-04T20:49:13","modified_gmt":"2025-12-04T19:49:13","slug":"mon-premier-cinema-2018-2019","status":"publish","type":"post","link":"https:\/\/lafilledecorinthe.com\/wordpress\/2018\/11\/mon-premier-cinema-2018-2019\/","title":{"rendered":"\u00ab\u00a0Mon premier cin\u00e9ma\u00a0\u00bb  2018-2019"},"content":{"rendered":"\n<p><em>\u00ab\u00a0Je d\u00e9tourne le r\u00e9el dans l&rsquo;imaginaire sans jamais l&rsquo;atteindre.\u00a0\u00bb&nbsp; &nbsp; &nbsp; &nbsp; &nbsp; &nbsp; &nbsp; &nbsp; &nbsp; &nbsp; &nbsp; &nbsp; &nbsp; &nbsp; &nbsp; &nbsp; &nbsp; &nbsp; &nbsp; &nbsp; &nbsp; &nbsp; &nbsp; &nbsp; &nbsp; &nbsp; &nbsp; &nbsp; &nbsp; &nbsp; &nbsp; &nbsp; &nbsp; &nbsp; &nbsp; &nbsp; &nbsp; &nbsp; &nbsp; &nbsp; &nbsp; &nbsp; &nbsp; &nbsp; &nbsp; &nbsp;&nbsp;<\/em>Anne Herbauts, <a href=\"https:\/\/www.casterman.com\/Media\/Files\/Anne-Herbauts-Guide-de-lecture\" target=\"_blank\" rel=\"noopener\">Une chaise, des livres, un arbre<\/a><\/p>\n\n\n\n<p><strong>Projection-conf\u00e9rence :<\/strong><br>Studio des Ursulines<br>Mardi 6 novembre 2018<\/p>\n\n\n\n<p>Document accompagnant la conf\u00e9rence :&nbsp;<a href=\"https:\/\/lafilledecorinthe.com\/wordpress\/wp-content\/uploads\/2018\/10\/Pour-aller-plus-loin\u2026-.pdf\">Pour aller plus loin\u2026<\/a><\/p>\n\n\n<div class=\"wp-block-image wp-image-9302\">\n<figure class=\"aligncenter\"><img loading=\"lazy\" decoding=\"async\" width=\"1280\" height=\"953\" src=\"https:\/\/lafilledecorinthe.com\/wordpress\/wp-content\/uploads\/2018\/10\/GP-pp-1280x953.jpeg\" alt=\"GP &amp; pp\" class=\"wp-image-9302\" srcset=\"https:\/\/lafilledecorinthe.com\/wordpress\/wp-content\/uploads\/2018\/10\/GP-pp-1280x953.jpeg 1280w, https:\/\/lafilledecorinthe.com\/wordpress\/wp-content\/uploads\/2018\/10\/GP-pp-680x506.jpeg 680w, https:\/\/lafilledecorinthe.com\/wordpress\/wp-content\/uploads\/2018\/10\/GP-pp-403x300.jpeg 403w, https:\/\/lafilledecorinthe.com\/wordpress\/wp-content\/uploads\/2018\/10\/GP-pp.jpeg 1536w\" sizes=\"auto, (max-width: 1280px) 100vw, 1280px\" \/><figcaption class=\"wp-element-caption\">Les nouvelles aventures de Gros-Pois &amp; Petit-Point,\u00a0Uzi et Lotta Geffenblad, 2015<\/figcaption><\/figure>\n<\/div>\n\n\n<p class=\"p1\">Documents \u00e0 t\u00e9l\u00e9charger :&nbsp;<a href=\"https:\/\/lafilledecorinthe.com\/wordpress\/wp-content\/uploads\/2018\/10\/Les-interme\u0300des-.pdf\">Les interme\u0300des<\/a>,&nbsp;<a href=\"https:\/\/lafilledecorinthe.com\/wordpress\/wp-content\/uploads\/2018\/10\/La-recette-du-pain-.pdf\">La recette du pain<\/a>,&nbsp;<a href=\"https:\/\/lafilledecorinthe.com\/wordpress\/wp-content\/uploads\/2018\/10\/Cadrages-et-angles-de-vue-.pdf\">Cadrages et angles de vue<\/a><\/p>\n\n\n<div class=\"wp-block-image wp-image-9306\">\n<figure class=\"aligncenter\"><img loading=\"lazy\" decoding=\"async\" width=\"1280\" height=\"955\" src=\"https:\/\/lafilledecorinthe.com\/wordpress\/wp-content\/uploads\/2018\/10\/Lenfant-au-Grelot-1280x955.jpeg\" alt=\"L'enfant au Grelot\" class=\"wp-image-9306\" srcset=\"https:\/\/lafilledecorinthe.com\/wordpress\/wp-content\/uploads\/2018\/10\/Lenfant-au-Grelot-1280x955.jpeg 1280w, https:\/\/lafilledecorinthe.com\/wordpress\/wp-content\/uploads\/2018\/10\/Lenfant-au-Grelot-680x507.jpeg 680w, https:\/\/lafilledecorinthe.com\/wordpress\/wp-content\/uploads\/2018\/10\/Lenfant-au-Grelot-402x300.jpeg 402w, https:\/\/lafilledecorinthe.com\/wordpress\/wp-content\/uploads\/2018\/10\/Lenfant-au-Grelot.jpeg 1544w\" sizes=\"auto, (max-width: 1280px) 100vw, 1280px\" \/><figcaption class=\"wp-element-caption\">L&rsquo;enfant au grelot de Jacques-R\u00e9my Girerd, 1998<\/figcaption><\/figure>\n<\/div>\n\n\n<p>Documents \u00e0 t\u00e9l\u00e9charger :&nbsp;<a href=\"https:\/\/lafilledecorinthe.com\/wordpress\/wp-content\/uploads\/2018\/10\/\u00ab-Etre-ne\u0301-sous-une-bonne-e\u0301toile-\u00bb-.pdf\">\u00ab&nbsp;Etre ne\u0301 sous une bonne e\u0301toile&nbsp;\u00bb<\/a>,&nbsp;<a href=\"https:\/\/lafilledecorinthe.com\/wordpress\/wp-content\/uploads\/2018\/10\/Les-registres-d\u2019images-.pdf\">Les registres d\u2019images<\/a>,&nbsp;<a href=\"https:\/\/lafilledecorinthe.com\/wordpress\/wp-content\/uploads\/2018\/10\/Plan-subjectif-.pdf\">Plan subjectif<\/a><\/p>\n\n\n<div class=\"wp-block-image\">\n<figure class=\"aligncenter\"><a href=\"https:\/\/lafilledecorinthe.com\/wordpress\/wp-content\/uploads\/2018\/10\/La-balade....jpeg\"><img loading=\"lazy\" decoding=\"async\" width=\"1280\" height=\"955\" src=\"https:\/\/lafilledecorinthe.com\/wordpress\/wp-content\/uploads\/2018\/10\/La-balade...-1280x955.jpeg\" alt=\"La balade...\" class=\"wp-image-9310\" srcset=\"https:\/\/lafilledecorinthe.com\/wordpress\/wp-content\/uploads\/2018\/10\/La-balade...-1280x955.jpeg 1280w, https:\/\/lafilledecorinthe.com\/wordpress\/wp-content\/uploads\/2018\/10\/La-balade...-680x508.jpeg 680w, https:\/\/lafilledecorinthe.com\/wordpress\/wp-content\/uploads\/2018\/10\/La-balade...-402x300.jpeg 402w, https:\/\/lafilledecorinthe.com\/wordpress\/wp-content\/uploads\/2018\/10\/La-balade....jpeg 1538w\" sizes=\"auto, (max-width: 1280px) 100vw, 1280px\" \/><\/a><figcaption class=\"wp-element-caption\">La balade de Babouchka, Les films du pr\u00e9au, 2012<\/figcaption><\/figure>\n<\/div>\n\n\n<p>Documents \u00e0 t\u00e9l\u00e9charger :&nbsp;<a href=\"https:\/\/lafilledecorinthe.com\/wordpress\/wp-content\/uploads\/2018\/10\/La-Russie-.pdf\">La Russie<\/a>,&nbsp;<a href=\"https:\/\/lafilledecorinthe.com\/wordpress\/wp-content\/uploads\/2018\/10\/Echelle-des-plans-.pdf\">Echelle des plans<\/a>,&nbsp;<a href=\"https:\/\/lafilledecorinthe.com\/wordpress\/wp-content\/uploads\/2018\/10\/Les-expressions-.pdf\">Les expressions<\/a>,&nbsp;<a href=\"https:\/\/lafilledecorinthe.com\/wordpress\/wp-content\/uploads\/2018\/10\/La-profondeur-du-champ-.pdf\">La profondeur du champ<\/a>,&nbsp;<a href=\"https:\/\/lafilledecorinthe.com\/wordpress\/wp-content\/uploads\/2018\/10\/Qui-est-le-roi-des-animaux-.pdf\">Qui est le roi des animaux ?<\/a>,&nbsp;<a href=\"https:\/\/lafilledecorinthe.com\/wordpress\/wp-content\/uploads\/2018\/10\/Me\u0301mory.pdf\">Me\u0301mory<\/a>,&nbsp;<a href=\"https:\/\/lafilledecorinthe.com\/wordpress\/wp-content\/uploads\/2018\/10\/La-culture-russe-.pdf\">La culture russe<\/a><\/p>\n","protected":false},"excerpt":{"rendered":"<p>\u00ab\u00a0Je d\u00e9tourne le r\u00e9el dans l&rsquo;imaginaire sans jamais l&rsquo;atteindre.\u00a0\u00bb&nbsp; &nbsp; &nbsp; &nbsp; &nbsp; &nbsp; &nbsp; &nbsp; &nbsp; &nbsp; &nbsp; &nbsp; &nbsp; &nbsp; &nbsp; &nbsp; &nbsp; &nbsp; &nbsp; &nbsp; &nbsp; &nbsp; &nbsp; &nbsp; &nbsp; &nbsp; &nbsp; &nbsp; &nbsp; &nbsp; &nbsp; &nbsp; &nbsp; &nbsp; &nbsp; &nbsp; &nbsp; &nbsp; &nbsp; &nbsp; &nbsp; &nbsp; &nbsp; &nbsp; &nbsp; &nbsp;&nbsp;Anne Herbauts,&#8230;<\/p>\n","protected":false},"author":2,"featured_media":9300,"comment_status":"open","ping_status":"open","sticky":false,"template":"","format":"standard","meta":{"_kad_post_transparent":"","_kad_post_title":"","_kad_post_layout":"","_kad_post_sidebar_id":"","_kad_post_content_style":"","_kad_post_vertical_padding":"","_kad_post_feature":"","_kad_post_feature_position":"","_kad_post_header":false,"_kad_post_footer":false,"_kad_post_classname":"","footnotes":""},"categories":[8],"tags":[1743,1746,1745,1747,1744,354,303],"class_list":["post-9297","post","type-post","status-publish","format-standard","has-post-thumbnail","hentry","category-formations-adultes","tag-2018-2019","tag-jacques-remy-girerd","tag-lenfant-au-grelot","tag-la-balade-de-babouchka","tag-les-nouvelles-aventures-de-gros-pois-petit-point","tag-mon-premier-cinema","tag-uzi-et-lotta-geffenblad"],"_links":{"self":[{"href":"https:\/\/lafilledecorinthe.com\/wordpress\/wp-json\/wp\/v2\/posts\/9297","targetHints":{"allow":["GET"]}}],"collection":[{"href":"https:\/\/lafilledecorinthe.com\/wordpress\/wp-json\/wp\/v2\/posts"}],"about":[{"href":"https:\/\/lafilledecorinthe.com\/wordpress\/wp-json\/wp\/v2\/types\/post"}],"author":[{"embeddable":true,"href":"https:\/\/lafilledecorinthe.com\/wordpress\/wp-json\/wp\/v2\/users\/2"}],"replies":[{"embeddable":true,"href":"https:\/\/lafilledecorinthe.com\/wordpress\/wp-json\/wp\/v2\/comments?post=9297"}],"version-history":[{"count":8,"href":"https:\/\/lafilledecorinthe.com\/wordpress\/wp-json\/wp\/v2\/posts\/9297\/revisions"}],"predecessor-version":[{"id":14636,"href":"https:\/\/lafilledecorinthe.com\/wordpress\/wp-json\/wp\/v2\/posts\/9297\/revisions\/14636"}],"wp:featuredmedia":[{"embeddable":true,"href":"https:\/\/lafilledecorinthe.com\/wordpress\/wp-json\/wp\/v2\/media\/9300"}],"wp:attachment":[{"href":"https:\/\/lafilledecorinthe.com\/wordpress\/wp-json\/wp\/v2\/media?parent=9297"}],"wp:term":[{"taxonomy":"category","embeddable":true,"href":"https:\/\/lafilledecorinthe.com\/wordpress\/wp-json\/wp\/v2\/categories?post=9297"},{"taxonomy":"post_tag","embeddable":true,"href":"https:\/\/lafilledecorinthe.com\/wordpress\/wp-json\/wp\/v2\/tags?post=9297"}],"curies":[{"name":"wp","href":"https:\/\/api.w.org\/{rel}","templated":true}]}}