{"id":9247,"date":"2018-10-15T17:59:25","date_gmt":"2018-10-15T16:59:25","guid":{"rendered":"http:\/\/lafilledecorinthe.com\/wordpress\/?p=9247"},"modified":"2025-12-04T21:12:31","modified_gmt":"2025-12-04T20:12:31","slug":"ma-premiere-seance-2018-2019","status":"publish","type":"post","link":"https:\/\/lafilledecorinthe.com\/wordpress\/2018\/10\/ma-premiere-seance-2018-2019\/","title":{"rendered":"\u00ab\u00a0Ma premi\u00e8re s\u00e9ance\u00a0\u00bb 2018-2019"},"content":{"rendered":"<p>Jolie m\u00e9taphore de la programmation de cette ann\u00e9e &#8230;<br \/>\n\u00a0\u00bb &#8230; une forme dont la partie haute, en toit, est protectrice et celle inf\u00e9rieure, en coque de bateau, repr\u00e9sente l&rsquo;aventure&#8230;\u00a0\u00bb\u00a0 \u00a0 \u00a0 \u00a0 \u00a0 \u00a0 \u00a0 \u00a0 \u00a0 \u00a0 \u00a0 \u00a0 \u00a0 \u00a0 \u00a0 \u00a0 \u00a0 \u00a0 \u00a0 \u00a0 \u00a0 \u00a0 \u00a0 \u00a0 \u00a0 \u00a0 \u00a0 \u00a0 \u00a0 \u00a0 \u00a0 \u00a0 \u00a0 \u00a0 \u00a0 \u00a0 \u00a0 \u00a0 \u00a0 \u00a0 \u00a0 \u00a0 \u00a0 \u00a0 \u00a0 \u00a0 \u00a0 \u00a0 \u00a0 \u00a0 \u00a0 \u00a0 \u00a0 \u00a0 \u00a0 \u00a0 \u00a0 \u00a0 \u00a0 \u00a0 \u00a0 \u00a0 \u00a0 \u00a0 \u00a0 \u00a0 \u00a0Elzbieta, <a href=\"https:\/\/www.telerama.fr\/livre\/elzbieta-l-enfance-est-la-partie-mysterieuse-de-l-humanite,119558.php\" target=\"_blank\" rel=\"noopener\">L&rsquo;enfance est la partie myst\u00e9rieuse de l&rsquo;humanit\u00e9<\/a><\/p>\n<p><strong>Projection-conf\u00e9rence :<br \/>\n<\/strong>Magic Cin\u00e9ma \u00e0 Bobigny<br \/>\nMercredi 17 octobre 2018<\/p>\n<figure id=\"attachment_9251\" aria-describedby=\"caption-attachment-9251\" style=\"width: 450px\" class=\"wp-caption aligncenter\"><a href=\"https:\/\/lafilledecorinthe.com\/wordpress\/wp-content\/uploads\/2018\/10\/dr\u00f4le-de-maisons.jpg\"><img loading=\"lazy\" decoding=\"async\" class=\"wp-image-9251\" src=\"https:\/\/lafilledecorinthe.com\/wordpress\/wp-content\/uploads\/2018\/10\/dr\u00f4le-de-maisons-1280x958.jpg\" alt=\"dr\u00f4le de maisons\" width=\"450\" height=\"337\" srcset=\"https:\/\/lafilledecorinthe.com\/wordpress\/wp-content\/uploads\/2018\/10\/dr\u00f4le-de-maisons-1280x958.jpg 1280w, https:\/\/lafilledecorinthe.com\/wordpress\/wp-content\/uploads\/2018\/10\/dr\u00f4le-de-maisons-680x509.jpg 680w, https:\/\/lafilledecorinthe.com\/wordpress\/wp-content\/uploads\/2018\/10\/dr\u00f4le-de-maisons-401x300.jpg 401w, https:\/\/lafilledecorinthe.com\/wordpress\/wp-content\/uploads\/2018\/10\/dr\u00f4le-de-maisons.jpg 1542w\" sizes=\"auto, (max-width: 450px) 100vw, 450px\" \/><\/a><figcaption id=\"caption-attachment-9251\" class=\"wp-caption-text\">\u00ab\u00a0Dr\u00f4les de maisons\u00a0\u00bb, programme de 4 courts m\u00e9trages en partenariat avec l&rsquo;Agence du court m\u00e9trage<\/figcaption><\/figure>\n<p>Documents \u00e0 t\u00e9l\u00e9charger :\u00a0<a href=\"https:\/\/lafilledecorinthe.com\/wordpress\/wp-content\/uploads\/2018\/10\/bibliographie.pdf\">bibliographie<\/a>,\u00a0<a href=\"https:\/\/lafilledecorinthe.com\/wordpress\/wp-content\/uploads\/2018\/10\/Images-se\u0301quentielles-une-maison.pdf\">Images se\u0301quentielles : une maison<\/a>,\u00a0<a href=\"https:\/\/lafilledecorinthe.com\/wordpress\/wp-content\/uploads\/2018\/10\/cadrages-et-angles-de-vue-le-petit-bonhomme-de-poche.pdf\">cadrages et angles de vue : le petit bonhomme de poche<\/a>,\u00a0<a href=\"https:\/\/lafilledecorinthe.com\/wordpress\/wp-content\/uploads\/2018\/10\/Kim-le-petit-bonhomme-de-poche.pdf\">Kim : le petit bonhomme de poche<\/a>,\u00a0<a href=\"https:\/\/lafilledecorinthe.com\/wordpress\/wp-content\/uploads\/2018\/10\/Jeu-de-me\u0301moire-le-petit-bonhomme-de-poche-.pdf\">Jeu de me\u0301moire : le petit bonhomme de poche<\/a>,\u00a0<a href=\"https:\/\/lafilledecorinthe.com\/wordpress\/wp-content\/uploads\/2018\/10\/De-\u00ab-dro\u0302les-de-maisons-\u00bb-\u2026-.pdf\">De \u00ab\u00a0dro\u0302les de maisons\u00a0\u00bb \u2026<\/a><\/p>\n<p><img loading=\"lazy\" decoding=\"async\" class=\"wp-image-9258\" src=\"https:\/\/lafilledecorinthe.com\/wordpress\/wp-content\/uploads\/2018\/10\/A-la-d\u00e9couverte-du-monde-1280x962.jpg\" alt=\"A la d\u00e9couverte du monde\" width=\"450\" height=\"338\" srcset=\"https:\/\/lafilledecorinthe.com\/wordpress\/wp-content\/uploads\/2018\/10\/A-la-d\u00e9couverte-du-monde-1280x962.jpg 1280w, https:\/\/lafilledecorinthe.com\/wordpress\/wp-content\/uploads\/2018\/10\/A-la-d\u00e9couverte-du-monde-680x511.jpg 680w, https:\/\/lafilledecorinthe.com\/wordpress\/wp-content\/uploads\/2018\/10\/A-la-d\u00e9couverte-du-monde-399x300.jpg 399w, https:\/\/lafilledecorinthe.com\/wordpress\/wp-content\/uploads\/2018\/10\/A-la-d\u00e9couverte-du-monde.jpg 1538w\" sizes=\"auto, (max-width: 450px) 100vw, 450px\" \/><br \/>\n\u00ab\u00a0\u00c0 la d\u00e9couverte du monde\u00a0\u00bb, programme de 5 courts m\u00e9trages distribu\u00e9 par KMBO<\/p>\n<p>Documents \u00e0 t\u00e9l\u00e9charger :\u00a0<a href=\"https:\/\/lafilledecorinthe.com\/wordpress\/wp-content\/uploads\/2018\/10\/bibliographie1.pdf\">bibliographie<\/a>,\u00a0<a href=\"https:\/\/lafilledecorinthe.com\/wordpress\/wp-content\/uploads\/2018\/10\/le-cadre-de-l\u2019image-Fred-et-Anabel-.pdf\">le cadre de l\u2019image : Fred et Anabel<\/a>,\u00a0<a href=\"https:\/\/lafilledecorinthe.com\/wordpress\/wp-content\/uploads\/2018\/10\/du-livre-au-film-Fred-et-Anabel-.pdf\">du livre au film : Fred et Anabel<\/a>,\u00a0<a href=\"https:\/\/lafilledecorinthe.com\/wordpress\/wp-content\/uploads\/2018\/10\/Strate\u0301gies-face-a\u0300-un-pre\u0301dateur-loiseau-et-la-chenille-.pdf\">Strate\u0301gies face a\u0300 un pre\u0301dateur : l&rsquo;oiseau et la chenille<\/a>,\u00a0\u00a0<a href=\"https:\/\/lafilledecorinthe.com\/wordpress\/wp-content\/uploads\/2018\/10\/images-se\u0301quentielles-monsieur-Philodendron-.pdf\">images se\u0301quentielles : monsieur Philodendron<\/a>,\u00a0<a href=\"https:\/\/lafilledecorinthe.com\/wordpress\/wp-content\/uploads\/2018\/10\/les-e\u0301motions-monsieur-Philodendron-.pdf\">les e\u0301motions : monsieur Philodendron<\/a>,\u00a0<a href=\"https:\/\/lafilledecorinthe.com\/wordpress\/wp-content\/uploads\/2018\/10\/du-livre-au-film-monsieur-Philodendron-.pdf\">du livre au film : monsieur Philodendron<\/a>,\u00a0<a href=\"https:\/\/lafilledecorinthe.com\/wordpress\/wp-content\/uploads\/2018\/10\/points-de-vue-les-fruits-des-nuages.pdf\">points de vue : les fruits des nuages<\/a><\/p>\n<p>Et pour le plaisir ! <a href=\"https:\/\/www.youtube.com\/watch?v=s7ylQ2Yzajo\" target=\"_blank\" rel=\"noopener\"><em>Day and Night<\/em><\/a> de Teddy Nexton, 2010<\/p>\n<p><a href=\"https:\/\/lafilledecorinthe.com\/wordpress\/wp-content\/uploads\/2018\/10\/Day-and-Night-Teddy-Newton-2010.jpg\"><img loading=\"lazy\" decoding=\"async\" class=\"aligncenter size-full wp-image-9274\" src=\"https:\/\/lafilledecorinthe.com\/wordpress\/wp-content\/uploads\/2018\/10\/Day-and-Night-Teddy-Newton-2010.jpg\" alt=\"Day and Night, Teddy Newton, 2010\" width=\"220\" height=\"330\" srcset=\"https:\/\/lafilledecorinthe.com\/wordpress\/wp-content\/uploads\/2018\/10\/Day-and-Night-Teddy-Newton-2010.jpg 220w, https:\/\/lafilledecorinthe.com\/wordpress\/wp-content\/uploads\/2018\/10\/Day-and-Night-Teddy-Newton-2010-200x300.jpg 200w\" sizes=\"auto, (max-width: 220px) 100vw, 220px\" \/><\/a><\/p>\n","protected":false},"excerpt":{"rendered":"<p>Jolie m\u00e9taphore de la programmation de cette ann\u00e9e &#8230; \u00a0\u00bb &#8230; une forme dont la partie haute, en toit, est protectrice et celle inf\u00e9rieure, en coque de bateau, repr\u00e9sente l&rsquo;aventure&#8230;\u00a0\u00bb\u00a0 \u00a0 \u00a0 \u00a0 \u00a0 \u00a0 \u00a0 \u00a0 \u00a0 \u00a0 \u00a0 \u00a0 \u00a0 \u00a0 \u00a0 \u00a0 \u00a0 \u00a0 \u00a0 \u00a0 \u00a0 \u00a0 \u00a0 \u00a0 \u00a0 \u00a0&#8230;<\/p>\n","protected":false},"author":2,"featured_media":14653,"comment_status":"open","ping_status":"open","sticky":false,"template":"","format":"standard","meta":{"_kad_post_transparent":"","_kad_post_title":"","_kad_post_layout":"","_kad_post_sidebar_id":"","_kad_post_content_style":"","_kad_post_vertical_padding":"","_kad_post_feature":"","_kad_post_feature_position":"","_kad_post_header":false,"_kad_post_footer":false,"_kad_post_classname":"","footnotes":""},"categories":[8],"tags":[1734,1740,1729,1736,1737,1731,1733,1739,600,1738,1730,1735,1732],"class_list":["post-9247","post","type-post","status-publish","format-standard","has-post-thumbnail","hentry","category-formations-adultes","tag-a-la-decouverte-du-monde","tag-day-and-night","tag-drole-de-maison","tag-fred-et-anabel-de-ralf-kukula","tag-la-mesange-et-la-chenille-de-lena-von-dohren","tag-la-moufle-de-clementine-robach","tag-le-petit-bonhomme-de-poche-dana-chubinidze","tag-les-fruits-des-nuages-de-katerina-karhankova","tag-ma-premiere-seance","tag-monsieur-philodendron-de-grega-mastnak","tag-tot-ou-tard-de-jadwiga-kowalska","tag-un-peu-perdu-de-helene-ducrocq","tag-une-maison-de-koji-yamamura"],"_links":{"self":[{"href":"https:\/\/lafilledecorinthe.com\/wordpress\/wp-json\/wp\/v2\/posts\/9247","targetHints":{"allow":["GET"]}}],"collection":[{"href":"https:\/\/lafilledecorinthe.com\/wordpress\/wp-json\/wp\/v2\/posts"}],"about":[{"href":"https:\/\/lafilledecorinthe.com\/wordpress\/wp-json\/wp\/v2\/types\/post"}],"author":[{"embeddable":true,"href":"https:\/\/lafilledecorinthe.com\/wordpress\/wp-json\/wp\/v2\/users\/2"}],"replies":[{"embeddable":true,"href":"https:\/\/lafilledecorinthe.com\/wordpress\/wp-json\/wp\/v2\/comments?post=9247"}],"version-history":[{"count":10,"href":"https:\/\/lafilledecorinthe.com\/wordpress\/wp-json\/wp\/v2\/posts\/9247\/revisions"}],"predecessor-version":[{"id":14655,"href":"https:\/\/lafilledecorinthe.com\/wordpress\/wp-json\/wp\/v2\/posts\/9247\/revisions\/14655"}],"wp:featuredmedia":[{"embeddable":true,"href":"https:\/\/lafilledecorinthe.com\/wordpress\/wp-json\/wp\/v2\/media\/14653"}],"wp:attachment":[{"href":"https:\/\/lafilledecorinthe.com\/wordpress\/wp-json\/wp\/v2\/media?parent=9247"}],"wp:term":[{"taxonomy":"category","embeddable":true,"href":"https:\/\/lafilledecorinthe.com\/wordpress\/wp-json\/wp\/v2\/categories?post=9247"},{"taxonomy":"post_tag","embeddable":true,"href":"https:\/\/lafilledecorinthe.com\/wordpress\/wp-json\/wp\/v2\/tags?post=9247"}],"curies":[{"name":"wp","href":"https:\/\/api.w.org\/{rel}","templated":true}]}}