{"id":9183,"date":"2018-09-21T11:49:15","date_gmt":"2018-09-21T10:49:15","guid":{"rendered":"http:\/\/lafilledecorinthe.com\/wordpress\/?p=9183"},"modified":"2025-11-29T13:00:37","modified_gmt":"2025-11-29T12:00:37","slug":"raoul-servais-en-jeune-ecrivain","status":"publish","type":"post","link":"https:\/\/lafilledecorinthe.com\/wordpress\/2018\/09\/raoul-servais-en-jeune-ecrivain\/","title":{"rendered":"Raoul Servais en jeune \u00e9crivain&#8230;"},"content":{"rendered":"\n<p>On peut tout \u00e0 la fois \u00eatre le ma\u00eetre de l&rsquo;animation belge,&nbsp;voir son oeuvre entrer dans un mus\u00e9e de son vivant et \u00e9crire&nbsp;un premier roman. Raoul Servais qui a f\u00eat\u00e9 ses 90 ans le premier mai dernier \u00e9tait&nbsp;cette semaine l&rsquo;invit\u00e9 d&rsquo;honneur du centre Wallonie-Bruxelles et du Forum des images pour accompagner la sortie de son roman graphique \u00ab\u00a0L&rsquo;\u00e9ternel pr\u00e9sent\u00a0\u00bb. La projection du documentaire de Rudy Pinceel, les conversations publiques anim\u00e9es par le passionn\u00e9 Louis H\u00e9liot et la projection d&rsquo;une s\u00e9lection de sa filmographie offraient une occasion rare de rencontrer ce grand artiste.<\/p>\n\n\n<div class=\"wp-block-image\">\n<figure class=\"aligncenter\"><a href=\"https:\/\/lafilledecorinthe.com\/wordpress\/wp-content\/uploads\/2018\/09\/IMG_6361.jpg\"><img loading=\"lazy\" decoding=\"async\" width=\"1280\" height=\"927\" src=\"https:\/\/lafilledecorinthe.com\/wordpress\/wp-content\/uploads\/2018\/09\/IMG_6361-1280x927.jpg\" alt=\"IMG_6361\" class=\"wp-image-9186\" srcset=\"https:\/\/lafilledecorinthe.com\/wordpress\/wp-content\/uploads\/2018\/09\/IMG_6361-1280x927.jpg 1280w, https:\/\/lafilledecorinthe.com\/wordpress\/wp-content\/uploads\/2018\/09\/IMG_6361-680x493.jpg 680w, https:\/\/lafilledecorinthe.com\/wordpress\/wp-content\/uploads\/2018\/09\/IMG_6361-414x300.jpg 414w, https:\/\/lafilledecorinthe.com\/wordpress\/wp-content\/uploads\/2018\/09\/IMG_6361.jpg 1578w\" sizes=\"auto, (max-width: 1280px) 100vw, 1280px\" \/><\/a><figcaption class=\"wp-element-caption\">Louis H\u00e9liot et Raoul Servais au centre Wallonie-Bruxelles 18\/09\/18<\/figcaption><\/figure>\n<\/div>\n\n<div class=\"wp-block-image\">\n<figure class=\"aligncenter\"><a href=\"https:\/\/lafilledecorinthe.com\/wordpress\/wp-content\/uploads\/2018\/09\/Le\u0301ternel-Pre\u0301sent.jpg\"><img loading=\"lazy\" decoding=\"async\" width=\"907\" height=\"1200\" src=\"https:\/\/lafilledecorinthe.com\/wordpress\/wp-content\/uploads\/2018\/09\/Le\u0301ternel-Pre\u0301sent.jpg\" alt=\"L'e\u0301ternel Pre\u0301sent\" class=\"wp-image-9187\" srcset=\"https:\/\/lafilledecorinthe.com\/wordpress\/wp-content\/uploads\/2018\/09\/Le\u0301ternel-Pre\u0301sent.jpg 907w, https:\/\/lafilledecorinthe.com\/wordpress\/wp-content\/uploads\/2018\/09\/Le\u0301ternel-Pre\u0301sent-514x680.jpg 514w, https:\/\/lafilledecorinthe.com\/wordpress\/wp-content\/uploads\/2018\/09\/Le\u0301ternel-Pre\u0301sent-227x300.jpg 227w\" sizes=\"auto, (max-width: 907px) 100vw, 907px\" \/><\/a><\/figure>\n<\/div>\n\n\n<p>J&rsquo;ai \u00e9t\u00e9 frapp\u00e9e par la sinc\u00e9rit\u00e9 de cet homme qui exprime avec force sa r\u00e9volte contre toute forme de&nbsp;totalitarisme, sa joie \u00e0 s&#8217;emparer de crayons pour dessiner, son plaisir \u00e0 chercher des techniques d&rsquo;animation mais aussi la fatigue, l&rsquo;ennui qui&nbsp;peut le saisir lors&nbsp;de la fabrication de ses films.&nbsp;Le roman graphique<em> L&rsquo;\u00e9ternel pr\u00e9sent&nbsp;<\/em>est \u00ab\u00a0la correction\u00a0\u00bb de son long m\u00e9trage <em>Taxandria <\/em>sorti en 1994.&nbsp;La r\u00e9alisation de&nbsp;ce premier long m\u00e9trage ne s&rsquo;est pas pass\u00e9 comme il le souhaitait, il a d\u00fb composer avec l&rsquo;\u00e9conomie du cin\u00e9ma en prises de vue r\u00e9elles et faire des compromis tant sur le sc\u00e9nario que sur les techniques utilis\u00e9es. Lors d&rsquo;un entretien en 2010 avec le site Cinergie, il est revenu longuement sur cette exp\u00e9rience.<\/p>\n\n\n\n<figure class=\"wp-block-embed is-type-video is-provider-dailymotion wp-block-embed-dailymotion\"><div class=\"wp-block-embed__wrapper\">\n<iframe loading=\"lazy\" title=\"Raoul Servais, le Magicien d&#039;Ostende\" frameborder=\"0\" width=\"720\" height=\"414\" src=\"https:\/\/geo.dailymotion.com\/player.html?video=xc8zj5&#038;\" allowfullscreen allow=\"autoplay; fullscreen; picture-in-picture; web-share\"><\/iframe>\n<\/div><\/figure>\n\n\n\n<p>Fort heureusement le film n&rsquo;a \u00e9puis\u00e9 ni l&rsquo;histoire de Taxandria ni l&rsquo;\u00e9nergie de Raoul Servais. Apr\u00e8s la BD de Schuiten et Peeters <em>Souvenirs de l&rsquo;\u00e9ternel pr\u00e9sent <\/em>sortie en 2009<em>, <\/em>nous&nbsp;pouvons maintenant d\u00e9couvrir l&rsquo;histoire de cette dystopie telle qu&rsquo;elle avait \u00e9t\u00e9&nbsp;imagin\u00e9e par&nbsp;son cr\u00e9ateur lors de l&rsquo;\u00e9criture de son&nbsp;premier sc\u00e9nario. Je nous souhaite une bonne lecture !<\/p>\n","protected":false},"excerpt":{"rendered":"<p>On peut tout \u00e0 la fois \u00eatre le ma\u00eetre de l&rsquo;animation belge,&nbsp;voir son oeuvre entrer dans un mus\u00e9e de son vivant et \u00e9crire&nbsp;un premier roman. Raoul Servais qui a f\u00eat\u00e9 ses 90 ans le premier mai dernier \u00e9tait&nbsp;cette semaine l&rsquo;invit\u00e9 d&rsquo;honneur du centre Wallonie-Bruxelles et du Forum des images pour accompagner la sortie de son&#8230;<\/p>\n","protected":false},"author":2,"featured_media":9184,"comment_status":"open","ping_status":"open","sticky":false,"template":"","format":"standard","meta":{"_kad_post_transparent":"","_kad_post_title":"","_kad_post_layout":"","_kad_post_sidebar_id":"","_kad_post_content_style":"","_kad_post_vertical_padding":"","_kad_post_feature":"","_kad_post_feature_position":"","_kad_post_header":false,"_kad_post_footer":false,"_kad_post_classname":"","footnotes":""},"categories":[6],"tags":[1707,1705,1704,1357,1703,1708,1709,1706],"class_list":["post-9183","post","type-post","status-publish","format-standard","has-post-thumbnail","hentry","category-blog","tag-cinergie","tag-leternel-present","tag-louis-heliot","tag-raoul-servais","tag-rudy-pinceel","tag-schuiten-et-peeters","tag-souvenirs-de-leternel-present","tag-taxandria"],"_links":{"self":[{"href":"https:\/\/lafilledecorinthe.com\/wordpress\/wp-json\/wp\/v2\/posts\/9183","targetHints":{"allow":["GET"]}}],"collection":[{"href":"https:\/\/lafilledecorinthe.com\/wordpress\/wp-json\/wp\/v2\/posts"}],"about":[{"href":"https:\/\/lafilledecorinthe.com\/wordpress\/wp-json\/wp\/v2\/types\/post"}],"author":[{"embeddable":true,"href":"https:\/\/lafilledecorinthe.com\/wordpress\/wp-json\/wp\/v2\/users\/2"}],"replies":[{"embeddable":true,"href":"https:\/\/lafilledecorinthe.com\/wordpress\/wp-json\/wp\/v2\/comments?post=9183"}],"version-history":[{"count":13,"href":"https:\/\/lafilledecorinthe.com\/wordpress\/wp-json\/wp\/v2\/posts\/9183\/revisions"}],"predecessor-version":[{"id":14289,"href":"https:\/\/lafilledecorinthe.com\/wordpress\/wp-json\/wp\/v2\/posts\/9183\/revisions\/14289"}],"wp:featuredmedia":[{"embeddable":true,"href":"https:\/\/lafilledecorinthe.com\/wordpress\/wp-json\/wp\/v2\/media\/9184"}],"wp:attachment":[{"href":"https:\/\/lafilledecorinthe.com\/wordpress\/wp-json\/wp\/v2\/media?parent=9183"}],"wp:term":[{"taxonomy":"category","embeddable":true,"href":"https:\/\/lafilledecorinthe.com\/wordpress\/wp-json\/wp\/v2\/categories?post=9183"},{"taxonomy":"post_tag","embeddable":true,"href":"https:\/\/lafilledecorinthe.com\/wordpress\/wp-json\/wp\/v2\/tags?post=9183"}],"curies":[{"name":"wp","href":"https:\/\/api.w.org\/{rel}","templated":true}]}}