{"id":917,"date":"2012-06-15T07:05:40","date_gmt":"2012-06-15T06:05:40","guid":{"rendered":"http:\/\/lafilledecorinthe.com\/wordpress\/?p=917"},"modified":"2025-12-09T16:09:38","modified_gmt":"2025-12-09T15:09:38","slug":"journal-de-france-de-nougaret-et-depardon","status":"publish","type":"post","link":"https:\/\/lafilledecorinthe.com\/wordpress\/2012\/06\/journal-de-france-de-nougaret-et-depardon\/","title":{"rendered":"\u00ab\u00a0Journal de France\u00a0\u00bb de Nougaret et Depardon"},"content":{"rendered":"<p>\u00ab\u00a0Journal de France\u00a0\u00bb est un patchwork d&rsquo;images et de sons qui c\u00e9l\u00e8bre l&rsquo;art du montage.<\/p>\n<p>\u00ab\u00a0Journal de France\u00a0\u00bb nous entra\u00eene dans l&rsquo;histoire de deux artistes qui partagent plus d&rsquo;une passion.<\/p>\n<p>\u00ab\u00a0Journal de France\u00a0\u00bb c&rsquo;est eux et nous, grands de ce monde et hommes sans nom.<\/p>\n<p>\u00ab\u00a0Journal de France\u00a0\u00bb nous apprend que les yeux et la voix ne vieillissent pas.<\/p>\n<p>\u00ab\u00a0Journal de France\u00a0\u00bb fait l&rsquo;\u00e9loge de l&rsquo;apprentissage, de la patience.<\/p>\n<p>\u00ab\u00a0Journal de France\u00a0\u00bb mixe l&rsquo;ici et l&rsquo;ailleurs, le pass\u00e9 et le pr\u00e9sent, la politique et le po\u00e9tique.<\/p>\n<p>\u00ab\u00a0Journal de France\u00a0\u00bb nous apprend \u00e0 regarder le silence.<\/p>\n<p>\u00ab\u00a0Journal de France\u00bb, un merveilleux film au titre impossible !<\/p>\n<figure id=\"attachment_921\" aria-describedby=\"caption-attachment-921\" style=\"width: 800px\" class=\"wp-caption aligncenter\"><a href=\"https:\/\/lafilledecorinthe.com\/wordpress\/wp-content\/uploads\/2012\/06\/journaldefrance04-1.jpg\"><img loading=\"lazy\" decoding=\"async\" class=\"size-full wp-image-921\" title=\"journaldefrance04-1\" src=\"https:\/\/lafilledecorinthe.com\/wordpress\/wp-content\/uploads\/2012\/06\/journaldefrance04-1.jpg\" alt=\"\" width=\"800\" height=\"335\" srcset=\"https:\/\/lafilledecorinthe.com\/wordpress\/wp-content\/uploads\/2012\/06\/journaldefrance04-1.jpg 800w, https:\/\/lafilledecorinthe.com\/wordpress\/wp-content\/uploads\/2012\/06\/journaldefrance04-1-680x284.jpg 680w, https:\/\/lafilledecorinthe.com\/wordpress\/wp-content\/uploads\/2012\/06\/journaldefrance04-1-500x209.jpg 500w\" sizes=\"auto, (max-width: 800px) 100vw, 800px\" \/><\/a><figcaption id=\"caption-attachment-921\" class=\"wp-caption-text\">\u00a9 Palmeraie et d\u00e9sert- France 2 cin\u00e9ma<\/figcaption><\/figure>\n","protected":false},"excerpt":{"rendered":"<p>\u00ab\u00a0Journal de France\u00a0\u00bb est un patchwork d&rsquo;images et de sons qui c\u00e9l\u00e8bre l&rsquo;art du montage. \u00ab\u00a0Journal de France\u00a0\u00bb nous entra\u00eene dans l&rsquo;histoire de deux artistes qui partagent plus d&rsquo;une passion. \u00ab\u00a0Journal de France\u00a0\u00bb c&rsquo;est eux et nous, grands de ce monde et hommes sans nom. \u00ab\u00a0Journal de France\u00a0\u00bb nous apprend que les yeux et la&#8230;<\/p>\n","protected":false},"author":2,"featured_media":920,"comment_status":"open","ping_status":"open","sticky":false,"template":"","format":"standard","meta":{"_kad_post_transparent":"","_kad_post_title":"","_kad_post_layout":"","_kad_post_sidebar_id":"","_kad_post_content_style":"","_kad_post_vertical_padding":"","_kad_post_feature":"","_kad_post_feature_position":"","_kad_post_header":false,"_kad_post_footer":false,"_kad_post_classname":"","footnotes":""},"categories":[6,13],"tags":[131,129,132],"class_list":["post-917","post","type-post","status-publish","format-standard","has-post-thumbnail","hentry","category-blog","category-sorties-culturelles","tag-claudine-nougaret","tag-journal-de-france","tag-raymond-depardon"],"_links":{"self":[{"href":"https:\/\/lafilledecorinthe.com\/wordpress\/wp-json\/wp\/v2\/posts\/917","targetHints":{"allow":["GET"]}}],"collection":[{"href":"https:\/\/lafilledecorinthe.com\/wordpress\/wp-json\/wp\/v2\/posts"}],"about":[{"href":"https:\/\/lafilledecorinthe.com\/wordpress\/wp-json\/wp\/v2\/types\/post"}],"author":[{"embeddable":true,"href":"https:\/\/lafilledecorinthe.com\/wordpress\/wp-json\/wp\/v2\/users\/2"}],"replies":[{"embeddable":true,"href":"https:\/\/lafilledecorinthe.com\/wordpress\/wp-json\/wp\/v2\/comments?post=917"}],"version-history":[{"count":27,"href":"https:\/\/lafilledecorinthe.com\/wordpress\/wp-json\/wp\/v2\/posts\/917\/revisions"}],"predecessor-version":[{"id":15297,"href":"https:\/\/lafilledecorinthe.com\/wordpress\/wp-json\/wp\/v2\/posts\/917\/revisions\/15297"}],"wp:featuredmedia":[{"embeddable":true,"href":"https:\/\/lafilledecorinthe.com\/wordpress\/wp-json\/wp\/v2\/media\/920"}],"wp:attachment":[{"href":"https:\/\/lafilledecorinthe.com\/wordpress\/wp-json\/wp\/v2\/media?parent=917"}],"wp:term":[{"taxonomy":"category","embeddable":true,"href":"https:\/\/lafilledecorinthe.com\/wordpress\/wp-json\/wp\/v2\/categories?post=917"},{"taxonomy":"post_tag","embeddable":true,"href":"https:\/\/lafilledecorinthe.com\/wordpress\/wp-json\/wp\/v2\/tags?post=917"}],"curies":[{"name":"wp","href":"https:\/\/api.w.org\/{rel}","templated":true}]}}