{"id":9155,"date":"2018-09-10T09:46:11","date_gmt":"2018-09-10T08:46:11","guid":{"rendered":"http:\/\/lafilledecorinthe.com\/wordpress\/?p=9155"},"modified":"2025-12-06T21:03:22","modified_gmt":"2025-12-06T20:03:22","slug":"maternelle-et-cinema-dans-le-val-doise-3","status":"publish","type":"post","link":"https:\/\/lafilledecorinthe.com\/wordpress\/2018\/09\/maternelle-et-cinema-dans-le-val-doise-3\/","title":{"rendered":"\u00ab\u00a0Maternelle et Cin\u00e9ma\u00a0\u00bb dans le Val d&rsquo;Oise"},"content":{"rendered":"\n<p>Les classes de moyenne et de grande section inscrites dans le dispositif <em>Maternelle et Cin\u00e9ma<\/em> d\u00e9couvriront au premier trimestre six courts m\u00e9trages du programme<em> Histoire de &#8230; <\/em>r\u00e9alis\u00e9 pour le festival <em>Image par image<\/em> 2018.<\/p>\n\n\n<div class=\"wp-block-image wp-image-9159\">\n<figure class=\"aligncenter\"><img loading=\"lazy\" decoding=\"async\" width=\"1168\" height=\"974\" src=\"https:\/\/lafilledecorinthe.com\/wordpress\/wp-content\/uploads\/2018\/09\/Histoire-de.jpg\" alt=\"Histoire de\" class=\"wp-image-9159\" srcset=\"https:\/\/lafilledecorinthe.com\/wordpress\/wp-content\/uploads\/2018\/09\/Histoire-de.jpg 1168w, https:\/\/lafilledecorinthe.com\/wordpress\/wp-content\/uploads\/2018\/09\/Histoire-de-680x567.jpg 680w, https:\/\/lafilledecorinthe.com\/wordpress\/wp-content\/uploads\/2018\/09\/Histoire-de-360x300.jpg 360w\" sizes=\"auto, (max-width: 1168px) 100vw, 1168px\" \/><figcaption class=\"wp-element-caption\">Programme \u00ab\u00a0Histoire de &#8230;\u00a0\u00bb, Ecrans VO<\/figcaption><\/figure>\n<\/div>\n\n\n<p>A t\u00e9l\u00e9charger :&nbsp;<a href=\"https:\/\/lafilledecorinthe.com\/wordpress\/wp-content\/uploads\/2018\/09\/document-daccompagnement.pdf\">document d&rsquo;accompagnement<\/a><\/p>\n\n\n\n<p>Deux vid\u00e9os&nbsp;en lien avec&nbsp;les deux autres programmes seront bient\u00f4t en ligne sur la Web TV de l&rsquo;acad\u00e9mie de Versailles.<\/p>\n\n\n<div class=\"wp-block-image\">\n<figure class=\"aligncenter\"><a href=\"https:\/\/lafilledecorinthe.com\/wordpress\/wp-content\/uploads\/2018\/09\/ange-musicien2.png\"><img loading=\"lazy\" decoding=\"async\" width=\"1280\" height=\"982\" src=\"https:\/\/lafilledecorinthe.com\/wordpress\/wp-content\/uploads\/2018\/09\/ange-musicien2-1280x982.png\" alt=\"ange musicien2\" class=\"wp-image-9161\" srcset=\"https:\/\/lafilledecorinthe.com\/wordpress\/wp-content\/uploads\/2018\/09\/ange-musicien2-1280x982.png 1280w, https:\/\/lafilledecorinthe.com\/wordpress\/wp-content\/uploads\/2018\/09\/ange-musicien2-680x522.png 680w, https:\/\/lafilledecorinthe.com\/wordpress\/wp-content\/uploads\/2018\/09\/ange-musicien2-391x300.png 391w, https:\/\/lafilledecorinthe.com\/wordpress\/wp-content\/uploads\/2018\/09\/ange-musicien2.png 1504w\" sizes=\"auto, (max-width: 1280px) 100vw, 1280px\" \/><\/a><figcaption class=\"wp-element-caption\">\u00ab\u00a0La pie voleuse\u00a0\u00bb d&rsquo;Emanuele Luzatti et Giulio Gianini<\/figcaption><\/figure>\n<\/div>\n\n\n<p>A t\u00e9l\u00e9charger :&nbsp;<a href=\"https:\/\/lafilledecorinthe.com\/wordpress\/wp-content\/uploads\/2018\/09\/pour-aller-plus-loin-.pdf\">pour aller plus loin<\/a>,&nbsp;<a href=\"https:\/\/lafilledecorinthe.com\/wordpress\/wp-content\/uploads\/2018\/09\/lintroduction-litalienne-a\u0300-Alger-.pdf\">l&rsquo;introduction &#8211; l&rsquo;italienne a\u0300 Alger<\/a>,&nbsp;<a href=\"https:\/\/lafilledecorinthe.com\/wordpress\/wp-content\/uploads\/2018\/09\/introduction-La-pie-voleuse-.pdf\">introduction-La pie voleuse<\/a>,&nbsp;<a href=\"https:\/\/lafilledecorinthe.com\/wordpress\/wp-content\/uploads\/2018\/09\/images-se\u0301quentielles-.pdf\">images se\u0301quentielles<\/a>,&nbsp;<a href=\"https:\/\/lafilledecorinthe.com\/wordpress\/wp-content\/uploads\/2018\/09\/Pulcinella-Polichinelle-.pdf\">Pulcinella &#8211; Polichinelle<\/a>,&nbsp;<a href=\"https:\/\/lafilledecorinthe.com\/wordpress\/wp-content\/uploads\/2018\/09\/Le-duo-\u00ab-Papageno-Papagena-\u00bb-.pdf\">Le duo \u00ab&nbsp;Papageno &#8211; Papagena&nbsp;\u00bb<\/a><\/p>\n\n\n<div class=\"wp-block-image\">\n<figure class=\"aligncenter\"><a href=\"https:\/\/lafilledecorinthe.com\/wordpress\/2018\/03\/ecole-et-cinema-dans-la-meuse\/\" rel=\"noopener\"><img loading=\"lazy\" decoding=\"async\" width=\"1280\" height=\"960\" src=\"https:\/\/lafilledecorinthe.com\/wordpress\/wp-content\/uploads\/2018\/09\/chevalier-1280x960.jpg\" alt=\"chevalier\" class=\"wp-image-9168\" srcset=\"https:\/\/lafilledecorinthe.com\/wordpress\/wp-content\/uploads\/2018\/09\/chevalier-1280x960.jpg 1280w, https:\/\/lafilledecorinthe.com\/wordpress\/wp-content\/uploads\/2018\/09\/chevalier-680x510.jpg 680w, https:\/\/lafilledecorinthe.com\/wordpress\/wp-content\/uploads\/2018\/09\/chevalier-400x300.jpg 400w, https:\/\/lafilledecorinthe.com\/wordpress\/wp-content\/uploads\/2018\/09\/chevalier.jpg 1536w\" sizes=\"auto, (max-width: 1280px) 100vw, 1280px\" \/><\/a><figcaption class=\"wp-element-caption\">\u00ab\u00a0Monsieur et monsieur\u00a0\u00bb de Bretislav Pojar<\/figcaption><\/figure>\n<\/div>\n\n\n<p>A t\u00e9l\u00e9charger :&nbsp;<a href=\"https:\/\/lafilledecorinthe.com\/wordpress\/wp-content\/uploads\/2018\/09\/pour-aller-plus-loin-1.pdf\">pour aller plus loin<\/a>,&nbsp;<a href=\"https:\/\/lafilledecorinthe.com\/wordpress\/wp-content\/uploads\/2018\/09\/La-pe\u0302che-a\u0300-la-princesse-Me\u0301tamorphoses-.pdf\">La pe\u0302che a\u0300 la princesse Me\u0301tamorphoses<\/a>,&nbsp;<a href=\"https:\/\/lafilledecorinthe.com\/wordpress\/wp-content\/uploads\/2018\/09\/La-pe\u0302che-a\u0300-la-princesse-Me\u0301tamorphoses2-.pdf\">La pe\u0302che a\u0300 la princesse Me\u0301tamorphoses2<\/a>,&nbsp;<a href=\"https:\/\/lafilledecorinthe.com\/wordpress\/wp-content\/uploads\/2018\/09\/La-pe\u0302che-a\u0300-la-princesse-Transformations.pdf\">La pe\u0302che a\u0300 la princesse Transformations<\/a>,&nbsp;<a href=\"https:\/\/lafilledecorinthe.com\/wordpress\/wp-content\/uploads\/2018\/09\/Blaise-le-Balaise-Petite-lec\u0327on-de-jardinage-.pdf\">Blaise le Balaise Petite-lec\u0327on-de-jardinage<\/a>,&nbsp;<a href=\"https:\/\/lafilledecorinthe.com\/wordpress\/wp-content\/uploads\/2018\/09\/Quand-on-e\u0301tait-jeunes-Images-se\u0301quentielles-.pdf\">Quand on e\u0301tait jeunes Images-se\u0301quentielles<\/a>,&nbsp;<a href=\"https:\/\/lafilledecorinthe.com\/wordpress\/wp-content\/uploads\/2018\/09\/Quand-on-e\u0301tait-jeunes-images-du-re\u0302ve-.pdf\">Quand on e\u0301tait jeunes images du re\u0302ve<\/a><\/p>\n","protected":false},"excerpt":{"rendered":"<p>Les classes de moyenne et de grande section inscrites dans le dispositif Maternelle et Cin\u00e9ma d\u00e9couvriront au premier trimestre six courts m\u00e9trages du programme Histoire de &#8230; r\u00e9alis\u00e9 pour le festival Image par image 2018. A t\u00e9l\u00e9charger :&nbsp;document d&rsquo;accompagnement Deux vid\u00e9os&nbsp;en lien avec&nbsp;les deux autres programmes seront bient\u00f4t en ligne sur la Web TV de&#8230;<\/p>\n","protected":false},"author":2,"featured_media":9157,"comment_status":"open","ping_status":"open","sticky":false,"template":"","format":"standard","meta":{"_kad_post_transparent":"","_kad_post_title":"","_kad_post_layout":"","_kad_post_sidebar_id":"","_kad_post_content_style":"","_kad_post_vertical_padding":"","_kad_post_feature":"","_kad_post_feature_position":"","_kad_post_header":false,"_kad_post_footer":false,"_kad_post_classname":"","footnotes":""},"categories":[8],"tags":[290,300,1702,965,291],"class_list":["post-9155","post","type-post","status-publish","format-standard","has-post-thumbnail","hentry","category-formations-adultes","tag-ecrans-vo","tag-festival-image-par-image","tag-histoire-de","tag-maternelle-et-cinema","tag-val-doise"],"_links":{"self":[{"href":"https:\/\/lafilledecorinthe.com\/wordpress\/wp-json\/wp\/v2\/posts\/9155","targetHints":{"allow":["GET"]}}],"collection":[{"href":"https:\/\/lafilledecorinthe.com\/wordpress\/wp-json\/wp\/v2\/posts"}],"about":[{"href":"https:\/\/lafilledecorinthe.com\/wordpress\/wp-json\/wp\/v2\/types\/post"}],"author":[{"embeddable":true,"href":"https:\/\/lafilledecorinthe.com\/wordpress\/wp-json\/wp\/v2\/users\/2"}],"replies":[{"embeddable":true,"href":"https:\/\/lafilledecorinthe.com\/wordpress\/wp-json\/wp\/v2\/comments?post=9155"}],"version-history":[{"count":9,"href":"https:\/\/lafilledecorinthe.com\/wordpress\/wp-json\/wp\/v2\/posts\/9155\/revisions"}],"predecessor-version":[{"id":14678,"href":"https:\/\/lafilledecorinthe.com\/wordpress\/wp-json\/wp\/v2\/posts\/9155\/revisions\/14678"}],"wp:featuredmedia":[{"embeddable":true,"href":"https:\/\/lafilledecorinthe.com\/wordpress\/wp-json\/wp\/v2\/media\/9157"}],"wp:attachment":[{"href":"https:\/\/lafilledecorinthe.com\/wordpress\/wp-json\/wp\/v2\/media?parent=9155"}],"wp:term":[{"taxonomy":"category","embeddable":true,"href":"https:\/\/lafilledecorinthe.com\/wordpress\/wp-json\/wp\/v2\/categories?post=9155"},{"taxonomy":"post_tag","embeddable":true,"href":"https:\/\/lafilledecorinthe.com\/wordpress\/wp-json\/wp\/v2\/tags?post=9155"}],"curies":[{"name":"wp","href":"https:\/\/api.w.org\/{rel}","templated":true}]}}