{"id":9140,"date":"2019-10-31T13:38:45","date_gmt":"2019-10-31T12:38:45","guid":{"rendered":"http:\/\/lafilledecorinthe.com\/wordpress\/?p=9140"},"modified":"2025-12-06T07:18:07","modified_gmt":"2025-12-06T06:18:07","slug":"mon-premier-cinema-2019-2020","status":"publish","type":"post","link":"https:\/\/lafilledecorinthe.com\/wordpress\/2019\/10\/mon-premier-cinema-2019-2020\/","title":{"rendered":"\u00ab\u00a0Mon Premier Cin\u00e9ma\u00a0\u00bb 2019-2020"},"content":{"rendered":"\n<p><strong>Projection &#8211; Conf\u00e9rence :<\/strong><br>Studio des Ursulines, Paris<br>Mardi 5 novembre 2019<\/p>\n\n\n\n<p>Dossier de pr\u00e9sentation :&nbsp;<a href=\"https:\/\/lafilledecorinthe.com\/wordpress\/wp-content\/uploads\/2019\/10\/Mon-Premier-Cine\u0301ma-2019-2020.pdf\">Mon Premier Cine\u0301ma 2019-2020<\/a>, pour aller plus loin&nbsp;<a href=\"https:\/\/lafilledecorinthe.com\/wordpress\/wp-content\/uploads\/2019\/10\/Bibliographie-Filmographie.pdf\">Bibliographie : Filmographie<\/a><\/p>\n\n\n<div class=\"wp-block-image\">\n<figure class=\"aligncenter\"><a href=\"https:\/\/lafilledecorinthe.com\/wordpress\/wp-content\/uploads\/2019\/10\/Capture-d\u2019\u00e9cran-2019-10-30-\u00e0-17.29.51.jpg\"><img loading=\"lazy\" decoding=\"async\" width=\"1536\" height=\"1154\" src=\"https:\/\/lafilledecorinthe.com\/wordpress\/wp-content\/uploads\/2019\/10\/Capture-d\u2019\u00e9cran-2019-10-30-\u00e0-17.29.51.jpg\" alt=\"Capture d\u2019\u00e9cran 2019-10-30 \u00e0 17.29.51\" class=\"wp-image-10096\" srcset=\"https:\/\/lafilledecorinthe.com\/wordpress\/wp-content\/uploads\/2019\/10\/Capture-d\u2019\u00e9cran-2019-10-30-\u00e0-17.29.51.jpg 1536w, https:\/\/lafilledecorinthe.com\/wordpress\/wp-content\/uploads\/2019\/10\/Capture-d\u2019\u00e9cran-2019-10-30-\u00e0-17.29.51-680x511.jpg 680w, https:\/\/lafilledecorinthe.com\/wordpress\/wp-content\/uploads\/2019\/10\/Capture-d\u2019\u00e9cran-2019-10-30-\u00e0-17.29.51-1280x962.jpg 1280w, https:\/\/lafilledecorinthe.com\/wordpress\/wp-content\/uploads\/2019\/10\/Capture-d\u2019\u00e9cran-2019-10-30-\u00e0-17.29.51-399x300.jpg 399w\" sizes=\"auto, (max-width: 1536px) 100vw, 1536px\" \/><\/a><\/figure>\n<\/div>\n\n\n<p><em>\u00a0\u00bb Un b\u00e9b\u00e9 tout seul, \u00e7a n&rsquo;existe pas\u00a0\u00bb affirme Winnicott. Selon lui, tout nourrisson est toujours en relation avec quelqu&rsquo;un d&rsquo;autre. Ce rapport, indispensable, vital m\u00eame au tout d\u00e9but de la vie, sert d&rsquo;ancrage \u00e0 tous les liens\u00a0\u00e0 venir que l&rsquo;enfant, quittant l&rsquo;exclusivit\u00e9 maternelle, tissera avec son entourage<\/em><br><em>Ces livres qui font grandir les enfants,<\/em> Jo\u00eblle Turin, Didier Jeunesse, 2012<\/p>\n\n\n\n<p>Documents \u00e0 t\u00e9l\u00e9charger :&nbsp;<a href=\"https:\/\/lafilledecorinthe.com\/wordpress\/wp-content\/uploads\/2019\/10\/Des-duos-insolites-.pdf\">Des duos insolites<\/a>,&nbsp;<a href=\"https:\/\/lafilledecorinthe.com\/wordpress\/wp-content\/uploads\/2019\/10\/Les-deux-moutons-les-personnages.pdf\">Les deux moutons, les personnages<\/a>,&nbsp;<a href=\"https:\/\/lafilledecorinthe.com\/wordpress\/wp-content\/uploads\/2019\/10\/Les-deux-moutons-le-temps-qu\u2019il-fait-.pdf\">Les deux moutons, le temps qu\u2019il fait<\/a>,&nbsp;<a href=\"https:\/\/lafilledecorinthe.com\/wordpress\/wp-content\/uploads\/2019\/10\/La-taupe-et-le-ver-de-terre-images-se\u0301quentielles-.pdf\">La taupe et le ver de terre, images se\u0301quentielles<\/a>,&nbsp;<a href=\"https:\/\/lafilledecorinthe.com\/wordpress\/wp-content\/uploads\/2019\/10\/La-taupe-et-le-ver-de-terre-les-plans-subjectifs-.pdf\">La taupe et le ver de terre, les plans subjectifs<\/a>,&nbsp;<a href=\"https:\/\/lafilledecorinthe.com\/wordpress\/wp-content\/uploads\/2019\/10\/Pas-facile-d\u2019e\u0302tre-un-moineau-.pdf\">Pas facile d\u2019e\u0302tre un moineau<\/a>,&nbsp;<a href=\"https:\/\/lafilledecorinthe.com\/wordpress\/wp-content\/uploads\/2019\/10\/Comment-aider-les-moineaux-a\u0300-passer-l\u2019hiver-.pdf\">Comment aider les moineaux a\u0300 passer l\u2019hiver ?<\/a>,&nbsp;<a href=\"https:\/\/lafilledecorinthe.com\/wordpress\/wp-content\/uploads\/2019\/10\/Fabriquer-des-pommes-de-pin-a\u0300-graines-pour-nourrir-les-moineaux-en-hiver\u2026-.pdf\">Fabriquer des pommes de pin a\u0300 graines pour nourrir les moineaux en hiver\u2026<\/a>,&nbsp;<a href=\"https:\/\/lafilledecorinthe.com\/wordpress\/wp-content\/uploads\/2019\/10\/Lheure-des-chauves-souris-le-jeu-des-contraires.pdf\">L&rsquo;heure des chauves-souris, le jeu des contraires<\/a>,&nbsp;<a href=\"https:\/\/lafilledecorinthe.com\/wordpress\/wp-content\/uploads\/2019\/10\/Une-histoire-au-zoo-une-histoire-de-points-de-vue-.pdf\">Une histoire au zoo, une histoire de points de vue<\/a>,&nbsp;<a href=\"https:\/\/lafilledecorinthe.com\/wordpress\/wp-content\/uploads\/2019\/10\/Une-histoire-au-zoo-images-se\u0301quentielles-.pdf\">Une histoire au zoo, images se\u0301quentielles<\/a>,&nbsp;<a href=\"https:\/\/lafilledecorinthe.com\/wordpress\/wp-content\/uploads\/2019\/10\/Une-histoire-au-zooune-histoire-de-regards-.pdf\">Une histoire au zoo, une histoire de regards<\/a>,&nbsp;<a href=\"https:\/\/lafilledecorinthe.com\/wordpress\/wp-content\/uploads\/2019\/10\/Une-histoire-au-zoo-un-dialogue-image\u0301-.pdf\">Une histoire au zoo, un dialogue image\u0301<\/a>,&nbsp;<a href=\"https:\/\/lafilledecorinthe.com\/wordpress\/wp-content\/uploads\/2019\/10\/Mais-ou\u0300-est-Ronald-la-construction-de-la-cabane-.pdf\">Mais ou\u0300 est Ronald ?, la construction de la cabane<\/a>,&nbsp;<a href=\"https:\/\/lafilledecorinthe.com\/wordpress\/wp-content\/uploads\/2019\/10\/Mais-ou\u0300-est-Ronald-de-plus-en-plus-pre\u0300s.pdf\">Mais ou\u0300 est Ronald ?, de plus en plus pre\u0300s<\/a>,&nbsp;<a href=\"https:\/\/lafilledecorinthe.com\/wordpress\/wp-content\/uploads\/2019\/10\/Mais-ou\u0300-est-Ronald-les-tre\u0301sors-sous-terre.pdf\">Mais ou\u0300 est Ronald ?, les tre\u0301sors sous terre<\/a>,&nbsp;<a href=\"https:\/\/lafilledecorinthe.com\/wordpress\/wp-content\/uploads\/2019\/10\/Extrait-%22Waar-is-Ko-%22.pdf\">Extrait Waar is Ko ?<\/a>,&nbsp;<a href=\"https:\/\/lafilledecorinthe.com\/wordpress\/wp-content\/uploads\/2019\/10\/Pawo-jouer-avec-le-cadre-.pdf\">Pawo, jouer avec le cadre<\/a>,&nbsp;<a href=\"https:\/\/lafilledecorinthe.com\/wordpress\/wp-content\/uploads\/2019\/10\/Pawo-me\u0301tamorphoses-.pdf\">Pawo, me\u0301tamorphoses<\/a><\/p>\n\n\n<div class=\"wp-block-image\">\n<figure class=\"aligncenter\"><a href=\"https:\/\/lafilledecorinthe.com\/wordpress\/wp-content\/uploads\/2019\/10\/Capture-d\u2019\u00e9cran-2019-10-31-\u00e0-12.51.51.jpg\"><img loading=\"lazy\" decoding=\"async\" width=\"1538\" height=\"1152\" src=\"https:\/\/lafilledecorinthe.com\/wordpress\/wp-content\/uploads\/2019\/10\/Capture-d\u2019\u00e9cran-2019-10-31-\u00e0-12.51.51.jpg\" alt=\"Capture d\u2019\u00e9cran 2019-10-31 \u00e0 12.51.51\" class=\"wp-image-10120\" srcset=\"https:\/\/lafilledecorinthe.com\/wordpress\/wp-content\/uploads\/2019\/10\/Capture-d\u2019\u00e9cran-2019-10-31-\u00e0-12.51.51.jpg 1538w, https:\/\/lafilledecorinthe.com\/wordpress\/wp-content\/uploads\/2019\/10\/Capture-d\u2019\u00e9cran-2019-10-31-\u00e0-12.51.51-680x509.jpg 680w, https:\/\/lafilledecorinthe.com\/wordpress\/wp-content\/uploads\/2019\/10\/Capture-d\u2019\u00e9cran-2019-10-31-\u00e0-12.51.51-1280x959.jpg 1280w, https:\/\/lafilledecorinthe.com\/wordpress\/wp-content\/uploads\/2019\/10\/Capture-d\u2019\u00e9cran-2019-10-31-\u00e0-12.51.51-401x300.jpg 401w\" sizes=\"auto, (max-width: 1538px) 100vw, 1538px\" \/><\/a><\/figure>\n<\/div>\n\n\n<p><em>Le cin\u00e9ma a d&rsquo;ailleurs longtemps adopt\u00e9 le mod\u00e8le de la culture du livre, en nous racontant des histoires muettes d&rsquo;abord, puis parlantes ensuite. Tous les grands r\u00e9alisateurs, de la naissance du cin\u00e9ma aux ann\u00e9es 2000, ont construits des r\u00e9cits lin\u00e9aires, et les superproductions hollywoodiennes sont encore souvent construites sur ce mod\u00e8le : un sc\u00e9nario, le plus souvent tir\u00e9 d&rsquo;un roman, y charpente une histoire.\u00a0\u00bb<\/em><br>Du\u00a0livre et des \u00e9crans, plaidoyer pour une indispensable compl\u00e9mentarit\u00e9, Serge Tisseron, \u00c9ditions Manucius, 2013<\/p>\n\n\n\n<p>Documents \u00e0 t\u00e9l\u00e9charger :&nbsp;<a href=\"https:\/\/lafilledecorinthe.com\/wordpress\/wp-content\/uploads\/2019\/10\/Un-peu-perdu-images-se\u0301quentielles-.pdf\">Un peu perdu, images se\u0301quentielles<\/a>,&nbsp;<a href=\"https:\/\/lafilledecorinthe.com\/wordpress\/wp-content\/uploads\/2019\/10\/La-moufle-images-se\u0301quentielles-.pdf\">La moufle, images se\u0301quentielles<\/a>,&nbsp;<a href=\"https:\/\/lafilledecorinthe.com\/wordpress\/wp-content\/uploads\/2019\/10\/La-petite-casserole-...se-cacher...-.pdf\">La petite casserole &#8230;se cacher&#8230;<\/a>,&nbsp;<a href=\"https:\/\/lafilledecorinthe.com\/wordpress\/wp-content\/uploads\/2019\/10\/La-petite-casserole...se-cacher2-.pdf\">La petite casserole&#8230;se cacher(2)<\/a>,&nbsp;<a href=\"https:\/\/lafilledecorinthe.com\/wordpress\/wp-content\/uploads\/2019\/10\/Le-popotin-de-lHippopo-de-la-page-a\u0300-l\u2019e\u0301cran-1-.pdf\">Le popotin de l&rsquo;Hippopo, de la page a\u0300 l\u2019e\u0301cran (1)<\/a>,&nbsp;<a href=\"https:\/\/lafilledecorinthe.com\/wordpress\/wp-content\/uploads\/2019\/10\/Le-popotin-de-lHippopo-de-la-page-a\u0300-l\u2019e\u0301cran-2-.pdf\">Le popotin de l&rsquo;Hippopo, de la page a\u0300 l\u2019e\u0301cran (2)<\/a>,&nbsp;<a href=\"https:\/\/lafilledecorinthe.com\/wordpress\/wp-content\/uploads\/2019\/10\/Le-popotin-de-lHippopo-de-la-page-a\u0300-l\u2019e\u0301cran-3-.pdf\">Le popotin de l&rsquo;Hippopo, de la page a\u0300 l\u2019e\u0301cran (3)<\/a>,&nbsp;<a href=\"https:\/\/lafilledecorinthe.com\/wordpress\/wp-content\/uploads\/2019\/10\/Le-pingouin-qui-avait-froid-plan-subjectif-.pdf\">Le pingouin qui avait froid, plan subjectif<\/a>,&nbsp;<a href=\"https:\/\/lafilledecorinthe.com\/wordpress\/wp-content\/uploads\/2019\/10\/Le-pingouin-qui-avait-froid-Milo-de-plus-en-plus-grand.pdf\">Le pingouin qui avait froid, Milo de plus en plus grand<\/a>,&nbsp;<a href=\"https:\/\/lafilledecorinthe.com\/wordpress\/wp-content\/uploads\/2019\/10\/La-grande-histoire-dun-petit-trait-images-se\u0301quentielles.pdf\">La grande histoire d&rsquo;un petit trait, images se\u0301quentielles<\/a>,&nbsp;<a href=\"https:\/\/lafilledecorinthe.com\/wordpress\/wp-content\/uploads\/2019\/10\/La-grande-histoire-dun-petit-trait-de-la-page-a\u0300-l\u2019e\u0301cran-1.pdf\">La grande histoire d&rsquo;un petit trait, de la page a\u0300 l\u2019e\u0301cran (1)<\/a>,&nbsp;<a href=\"https:\/\/lafilledecorinthe.com\/wordpress\/wp-content\/uploads\/2019\/10\/La-grande-histoire-dun-petit-trait-les-me\u0301tamorphoses.pdf\">La grande histoire d&rsquo;un petit trait, les me\u0301tamorphoses<\/a><\/p>\n\n\n<div class=\"wp-block-image\">\n<figure class=\"aligncenter\"><a href=\"https:\/\/lafilledecorinthe.com\/wordpress\/wp-content\/uploads\/2019\/10\/Capture-d\u2019\u00e9cran-2019-10-31-\u00e0-13.19.12.jpg\"><img loading=\"lazy\" decoding=\"async\" width=\"1538\" height=\"1152\" src=\"https:\/\/lafilledecorinthe.com\/wordpress\/wp-content\/uploads\/2019\/10\/Capture-d\u2019\u00e9cran-2019-10-31-\u00e0-13.19.12.jpg\" alt=\"Capture d\u2019\u00e9cran 2019-10-31 \u00e0 13.19.12\" class=\"wp-image-10136\" srcset=\"https:\/\/lafilledecorinthe.com\/wordpress\/wp-content\/uploads\/2019\/10\/Capture-d\u2019\u00e9cran-2019-10-31-\u00e0-13.19.12.jpg 1538w, https:\/\/lafilledecorinthe.com\/wordpress\/wp-content\/uploads\/2019\/10\/Capture-d\u2019\u00e9cran-2019-10-31-\u00e0-13.19.12-680x509.jpg 680w, https:\/\/lafilledecorinthe.com\/wordpress\/wp-content\/uploads\/2019\/10\/Capture-d\u2019\u00e9cran-2019-10-31-\u00e0-13.19.12-1280x959.jpg 1280w, https:\/\/lafilledecorinthe.com\/wordpress\/wp-content\/uploads\/2019\/10\/Capture-d\u2019\u00e9cran-2019-10-31-\u00e0-13.19.12-401x300.jpg 401w\" sizes=\"auto, (max-width: 1538px) 100vw, 1538px\" \/><\/a><\/figure>\n<\/div>\n\n\n<p><\/p>\n","protected":false},"excerpt":{"rendered":"<p>Projection &#8211; Conf\u00e9rence :Studio des Ursulines, ParisMardi 5 novembre 2019 Dossier de pr\u00e9sentation :&nbsp;Mon Premier Cine\u0301ma 2019-2020, pour aller plus loin&nbsp;Bibliographie : Filmographie \u00a0\u00bb Un b\u00e9b\u00e9 tout seul, \u00e7a n&rsquo;existe pas\u00a0\u00bb affirme Winnicott. Selon lui, tout nourrisson est toujours en relation avec quelqu&rsquo;un d&rsquo;autre. Ce rapport, indispensable, vital m\u00eame au tout d\u00e9but de la vie,&#8230;<\/p>\n","protected":false},"author":2,"featured_media":10075,"comment_status":"open","ping_status":"open","sticky":false,"template":"","format":"standard","meta":{"_kad_post_transparent":"","_kad_post_title":"","_kad_post_layout":"","_kad_post_sidebar_id":"","_kad_post_content_style":"","_kad_post_vertical_padding":"","_kad_post_feature":"","_kad_post_feature_position":"","_kad_post_header":false,"_kad_post_footer":false,"_kad_post_classname":"","footnotes":""},"categories":[8],"tags":[1895,1898,1928,1911,1926,1920,1899,1923,1912,1924,1903,1914,1905,1919,353,1310,1918,970,1901,1909,1896,1925,1544,1305,1900,1922,1921,1897,1904,1908,1902,1910,1913,1915,1916,536,1927,1917,1906,1907],"class_list":["post-9140","post","type-post","status-publish","format-standard","has-post-thumbnail","hentry","category-formations-adultes","tag-mon-premier-cinema-2019-2020","tag-adeux","tag-alexandre-clader","tag-antje-heyn","tag-antoine-robert","tag-arthur-sotto","tag-cest-mieux","tag-celia-riviere","tag-ces-livres-qui-font-grandir-les-enfants","tag-clementine-robach","tag-daria-vyatkina","tag-du-livre-et-des-ecrans","tag-elena-walf","tag-en-sortant-de-lecole-poisson","tag-enfances-au-cinema","tag-eric-montchaud","tag-helene-ducrocq","tag-joelle-turin","tag-johannes-schiehsl","tag-jorn-leeuwerink","tag-julia-dashchinskaya","tag-la-grande-histoire-dun-petit-trait","tag-la-moufle","tag-la-petite-casserole-danatole","tag-la-taupe-et-le-ver-de-terre","tag-le-pingouin-qui-avait-froid","tag-le-popotin-de-lhipopo","tag-les-deux-moutons","tag-lheure-des-chauves-souris","tag-mais-ou-est-ronald","tag-pas-facile-detre-un-moineau","tag-pawo","tag-petites-histoires-en-images","tag-plaidoyer-pour-une-indispensable-complementarite","tag-serge-tisseron","tag-studio-des-ursulines","tag-the-brass-family","tag-un-peu-perdu","tag-une-histoire-au-zoo","tag-veronika-zacharova"],"_links":{"self":[{"href":"https:\/\/lafilledecorinthe.com\/wordpress\/wp-json\/wp\/v2\/posts\/9140","targetHints":{"allow":["GET"]}}],"collection":[{"href":"https:\/\/lafilledecorinthe.com\/wordpress\/wp-json\/wp\/v2\/posts"}],"about":[{"href":"https:\/\/lafilledecorinthe.com\/wordpress\/wp-json\/wp\/v2\/types\/post"}],"author":[{"embeddable":true,"href":"https:\/\/lafilledecorinthe.com\/wordpress\/wp-json\/wp\/v2\/users\/2"}],"replies":[{"embeddable":true,"href":"https:\/\/lafilledecorinthe.com\/wordpress\/wp-json\/wp\/v2\/comments?post=9140"}],"version-history":[{"count":13,"href":"https:\/\/lafilledecorinthe.com\/wordpress\/wp-json\/wp\/v2\/posts\/9140\/revisions"}],"predecessor-version":[{"id":14700,"href":"https:\/\/lafilledecorinthe.com\/wordpress\/wp-json\/wp\/v2\/posts\/9140\/revisions\/14700"}],"wp:featuredmedia":[{"embeddable":true,"href":"https:\/\/lafilledecorinthe.com\/wordpress\/wp-json\/wp\/v2\/media\/10075"}],"wp:attachment":[{"href":"https:\/\/lafilledecorinthe.com\/wordpress\/wp-json\/wp\/v2\/media?parent=9140"}],"wp:term":[{"taxonomy":"category","embeddable":true,"href":"https:\/\/lafilledecorinthe.com\/wordpress\/wp-json\/wp\/v2\/categories?post=9140"},{"taxonomy":"post_tag","embeddable":true,"href":"https:\/\/lafilledecorinthe.com\/wordpress\/wp-json\/wp\/v2\/tags?post=9140"}],"curies":[{"name":"wp","href":"https:\/\/api.w.org\/{rel}","templated":true}]}}