{"id":9106,"date":"2018-08-05T17:33:59","date_gmt":"2018-08-05T16:33:59","guid":{"rendered":"http:\/\/lafilledecorinthe.com\/wordpress\/?p=9106"},"modified":"2025-11-29T12:17:34","modified_gmt":"2025-11-29T11:17:34","slug":"le-musee-national-du-cinema-de-turin","status":"publish","type":"post","link":"https:\/\/lafilledecorinthe.com\/wordpress\/2018\/08\/le-musee-national-du-cinema-de-turin\/","title":{"rendered":"Le Mus\u00e9e National du Cin\u00e9ma de Turin"},"content":{"rendered":"\n<p>Pour quitter la fra\u00eecheur du parc national du Grand Paradis et affronter une grande ville comme Turin, il fallait une solide motivation&nbsp;: visiter le mus\u00e9e national du cin\u00e9ma. Ce lieu envo\u00fbtant cr\u00e9\u00e9 en 1958 par la chercheuse Maria Adriana Prolo fait corps avec le b\u00e2timent de la Mole Antonelliana, v\u00e9ritable phare dans la ville.<\/p>\n\n\n<div class=\"wp-block-image\">\n<figure class=\"aligncenter\"><a href=\"https:\/\/lafilledecorinthe.com\/wordpress\/wp-content\/uploads\/2018\/08\/IMG_5538.jpg\"><img loading=\"lazy\" decoding=\"async\" width=\"960\" height=\"1280\" src=\"https:\/\/lafilledecorinthe.com\/wordpress\/wp-content\/uploads\/2018\/08\/IMG_5538-960x1280.jpg\" alt=\"IMG_5538\" class=\"wp-image-9110\" srcset=\"https:\/\/lafilledecorinthe.com\/wordpress\/wp-content\/uploads\/2018\/08\/IMG_5538-960x1280.jpg 960w, https:\/\/lafilledecorinthe.com\/wordpress\/wp-content\/uploads\/2018\/08\/IMG_5538-510x680.jpg 510w, https:\/\/lafilledecorinthe.com\/wordpress\/wp-content\/uploads\/2018\/08\/IMG_5538-225x300.jpg 225w\" sizes=\"auto, (max-width: 960px) 100vw, 960px\" \/><\/a><figcaption class=\"wp-element-caption\">D\u00f4me\u00a0et fl\u00e8che de la Mole Antonelliana<\/figcaption><\/figure>\n<\/div>\n\n\n<p>La collection d&rsquo;objets de <em>l&rsquo;arch\u00e9ologie du cin\u00e9ma<\/em> est extraordinaire, plaisir de retrouver des valeurs s\u00fbres comme les marionnettes des th\u00e9\u00e2tres d&rsquo;ombres, les vues st\u00e9r\u00e9oscopiques, les lanternes magiques&#8230; plaisir aussi de d\u00e9couvrir des proc\u00e9d\u00e9s comme le paradoxe dioptrique qui joue avec une lentille prismatique.<\/p>\n\n\n<div class=\"wp-block-image\">\n<figure class=\"aligncenter\"><a href=\"https:\/\/lafilledecorinthe.com\/wordpress\/wp-content\/uploads\/2018\/08\/1.jpg\"><img loading=\"lazy\" decoding=\"async\" width=\"1280\" height=\"960\" src=\"https:\/\/lafilledecorinthe.com\/wordpress\/wp-content\/uploads\/2018\/08\/1-1280x960.jpg\" alt=\"1\" class=\"wp-image-9113\" srcset=\"https:\/\/lafilledecorinthe.com\/wordpress\/wp-content\/uploads\/2018\/08\/1-1280x960.jpg 1280w, https:\/\/lafilledecorinthe.com\/wordpress\/wp-content\/uploads\/2018\/08\/1-680x510.jpg 680w, https:\/\/lafilledecorinthe.com\/wordpress\/wp-content\/uploads\/2018\/08\/1-400x300.jpg 400w\" sizes=\"auto, (max-width: 1280px) 100vw, 1280px\" \/><\/a><figcaption class=\"wp-element-caption\">Le th\u00e9\u00e2tre d&rsquo;ombres construit par Carlo Pinelli, vers 1940<\/figcaption><\/figure>\n<\/div>\n\n<div class=\"wp-block-image\">\n<figure class=\"aligncenter\"><a href=\"https:\/\/lafilledecorinthe.com\/wordpress\/wp-content\/uploads\/2018\/08\/2.jpg\"><img loading=\"lazy\" decoding=\"async\" width=\"1280\" height=\"960\" src=\"https:\/\/lafilledecorinthe.com\/wordpress\/wp-content\/uploads\/2018\/08\/2-1280x960.jpg\" alt=\"2\" class=\"wp-image-9114\" srcset=\"https:\/\/lafilledecorinthe.com\/wordpress\/wp-content\/uploads\/2018\/08\/2-1280x960.jpg 1280w, https:\/\/lafilledecorinthe.com\/wordpress\/wp-content\/uploads\/2018\/08\/2-680x510.jpg 680w, https:\/\/lafilledecorinthe.com\/wordpress\/wp-content\/uploads\/2018\/08\/2-400x300.jpg 400w\" sizes=\"auto, (max-width: 1280px) 100vw, 1280px\" \/><\/a><figcaption class=\"wp-element-caption\">Image pour un Paradoxe Dioptrique. L&rsquo;effet est \u00e0 voir sur place, impossible \u00e0 photographier !<\/figcaption><\/figure>\n<\/div>\n\n<div class=\"wp-block-image\">\n<figure class=\"aligncenter\"><a href=\"https:\/\/lafilledecorinthe.com\/wordpress\/wp-content\/uploads\/2018\/08\/4.jpg\"><img loading=\"lazy\" decoding=\"async\" width=\"1280\" height=\"960\" src=\"https:\/\/lafilledecorinthe.com\/wordpress\/wp-content\/uploads\/2018\/08\/4-1280x960.jpg\" alt=\"4\" class=\"wp-image-9115\" srcset=\"https:\/\/lafilledecorinthe.com\/wordpress\/wp-content\/uploads\/2018\/08\/4-1280x960.jpg 1280w, https:\/\/lafilledecorinthe.com\/wordpress\/wp-content\/uploads\/2018\/08\/4-680x510.jpg 680w, https:\/\/lafilledecorinthe.com\/wordpress\/wp-content\/uploads\/2018\/08\/4-400x300.jpg 400w\" sizes=\"auto, (max-width: 1280px) 100vw, 1280px\" \/><\/a><figcaption class=\"wp-element-caption\">Une bo\u00eete d&rsquo;optique et&#8230;<\/figcaption><\/figure>\n<\/div>\n\n<div class=\"wp-block-image\">\n<figure class=\"aligncenter\"><a href=\"https:\/\/lafilledecorinthe.com\/wordpress\/wp-content\/uploads\/2018\/08\/3.jpg\"><img loading=\"lazy\" decoding=\"async\" width=\"1280\" height=\"960\" src=\"https:\/\/lafilledecorinthe.com\/wordpress\/wp-content\/uploads\/2018\/08\/3-1280x960.jpg\" alt=\"3\" class=\"wp-image-9116\" srcset=\"https:\/\/lafilledecorinthe.com\/wordpress\/wp-content\/uploads\/2018\/08\/3-1280x960.jpg 1280w, https:\/\/lafilledecorinthe.com\/wordpress\/wp-content\/uploads\/2018\/08\/3-680x510.jpg 680w, https:\/\/lafilledecorinthe.com\/wordpress\/wp-content\/uploads\/2018\/08\/3-400x300.jpg 400w\" sizes=\"auto, (max-width: 1280px) 100vw, 1280px\" \/><\/a><figcaption class=\"wp-element-caption\">&#8230; une de ses vues !<\/figcaption><\/figure>\n<\/div>\n\n<div class=\"wp-block-image\">\n<figure class=\"aligncenter\"><a href=\"https:\/\/lafilledecorinthe.com\/wordpress\/wp-content\/uploads\/2018\/08\/5.jpg\"><img loading=\"lazy\" decoding=\"async\" width=\"1280\" height=\"960\" src=\"https:\/\/lafilledecorinthe.com\/wordpress\/wp-content\/uploads\/2018\/08\/5-1280x960.jpg\" alt=\"5\" class=\"wp-image-9119\" srcset=\"https:\/\/lafilledecorinthe.com\/wordpress\/wp-content\/uploads\/2018\/08\/5-1280x960.jpg 1280w, https:\/\/lafilledecorinthe.com\/wordpress\/wp-content\/uploads\/2018\/08\/5-680x510.jpg 680w, https:\/\/lafilledecorinthe.com\/wordpress\/wp-content\/uploads\/2018\/08\/5-400x300.jpg 400w\" sizes=\"auto, (max-width: 1280px) 100vw, 1280px\" \/><\/a><figcaption class=\"wp-element-caption\">vues st\u00e9r\u00e9oscopiques<\/figcaption><\/figure>\n<\/div>\n\n\n<p>L&rsquo;interaction est une autre force du mus\u00e9e, les visiteurs explorent les dispositifs,&nbsp;joie de voir son image invers\u00e9e dans une chambre noire g\u00e9ante, de regarder dans l&rsquo;oeilleton du kin\u00e9toscope d&rsquo;Edison, de jouer avec les effets sp\u00e9ciaux&#8230;<\/p>\n\n\n<div class=\"wp-block-image\">\n<figure class=\"aligncenter\"><a href=\"https:\/\/lafilledecorinthe.com\/wordpress\/wp-content\/uploads\/2018\/08\/IMG_5570.jpg\"><img loading=\"lazy\" decoding=\"async\" width=\"1280\" height=\"960\" src=\"https:\/\/lafilledecorinthe.com\/wordpress\/wp-content\/uploads\/2018\/08\/IMG_5570-1280x960.jpg\" alt=\"IMG_5570\" class=\"wp-image-9120\" srcset=\"https:\/\/lafilledecorinthe.com\/wordpress\/wp-content\/uploads\/2018\/08\/IMG_5570-1280x960.jpg 1280w, https:\/\/lafilledecorinthe.com\/wordpress\/wp-content\/uploads\/2018\/08\/IMG_5570-680x510.jpg 680w, https:\/\/lafilledecorinthe.com\/wordpress\/wp-content\/uploads\/2018\/08\/IMG_5570-400x300.jpg 400w\" sizes=\"auto, (max-width: 1280px) 100vw, 1280px\" \/><\/a><figcaption class=\"wp-element-caption\">Le st\u00e9nop\u00e9 de la chambre noire<\/figcaption><\/figure>\n<\/div>\n\n<div class=\"wp-block-image\">\n<figure class=\"aligncenter\"><a href=\"https:\/\/lafilledecorinthe.com\/wordpress\/wp-content\/uploads\/2018\/08\/IMG_5573.jpg\"><img loading=\"lazy\" decoding=\"async\" width=\"1280\" height=\"960\" src=\"https:\/\/lafilledecorinthe.com\/wordpress\/wp-content\/uploads\/2018\/08\/IMG_5573-1280x960.jpg\" alt=\"le d\u00e9cor invers\u00e9\" class=\"wp-image-9121\" srcset=\"https:\/\/lafilledecorinthe.com\/wordpress\/wp-content\/uploads\/2018\/08\/IMG_5573-1280x960.jpg 1280w, https:\/\/lafilledecorinthe.com\/wordpress\/wp-content\/uploads\/2018\/08\/IMG_5573-680x510.jpg 680w, https:\/\/lafilledecorinthe.com\/wordpress\/wp-content\/uploads\/2018\/08\/IMG_5573-400x300.jpg 400w\" sizes=\"auto, (max-width: 1280px) 100vw, 1280px\" \/><\/a><figcaption class=\"wp-element-caption\">le d\u00e9cor invers\u00e9<\/figcaption><\/figure>\n<\/div>\n\n<div class=\"wp-block-image\">\n<figure class=\"aligncenter\"><a href=\"https:\/\/lafilledecorinthe.com\/wordpress\/wp-content\/uploads\/2018\/08\/IMG_5575.jpg\"><img loading=\"lazy\" decoding=\"async\" width=\"960\" height=\"1280\" src=\"https:\/\/lafilledecorinthe.com\/wordpress\/wp-content\/uploads\/2018\/08\/IMG_5575-960x1280.jpg\" alt=\"IMG_5575\" class=\"wp-image-9124\" srcset=\"https:\/\/lafilledecorinthe.com\/wordpress\/wp-content\/uploads\/2018\/08\/IMG_5575-960x1280.jpg 960w, https:\/\/lafilledecorinthe.com\/wordpress\/wp-content\/uploads\/2018\/08\/IMG_5575-510x680.jpg 510w, https:\/\/lafilledecorinthe.com\/wordpress\/wp-content\/uploads\/2018\/08\/IMG_5575-225x300.jpg 225w\" sizes=\"auto, (max-width: 960px) 100vw, 960px\" \/><\/a><figcaption class=\"wp-element-caption\">Sans les mains !<\/figcaption><\/figure>\n<\/div>\n\n\n<p>Les anciens spectacles sont aussi revisit\u00e9s avec une r\u00e9interpr\u00e9tation de la Fantasmagorie de Robertson et de la premi\u00e8re projection des vues des fr\u00e8res Lumi\u00e8re. Dommage que la reconstitution du th\u00e9\u00e2tre optique d&rsquo;Emile Reynaud reste statique !&nbsp; &nbsp; &nbsp; &nbsp; &nbsp; &nbsp; &nbsp; &nbsp; &nbsp; &nbsp; &nbsp; &nbsp; &nbsp; &nbsp; &nbsp; &nbsp; &nbsp; &nbsp; &nbsp; &nbsp; Le deuxi\u00e8me \u00e9tage rend hommage aux professionnels qui font fonctionner <em>La Machine du Cin\u00e9ma <\/em>\u00e0 travers photos, affiches, dessins et multiples objets. L&rsquo;envie de voir les films qui leur sont li\u00e9s est d\u00e9multipli\u00e9e \u00e0 l&rsquo;infini&#8230; Le cin\u00e9ma n\u00e9o-r\u00e9aliste est particuli\u00e8rement mis \u00e0 l&rsquo;honneur.<\/p>\n\n\n<div class=\"wp-block-image\">\n<figure class=\"aligncenter\"><a href=\"https:\/\/lafilledecorinthe.com\/wordpress\/wp-content\/uploads\/2018\/08\/IMG_5680.jpg\"><img loading=\"lazy\" decoding=\"async\" width=\"1280\" height=\"960\" src=\"https:\/\/lafilledecorinthe.com\/wordpress\/wp-content\/uploads\/2018\/08\/IMG_5680-1280x960.jpg\" alt=\"IMG_5680\" class=\"wp-image-9128\" srcset=\"https:\/\/lafilledecorinthe.com\/wordpress\/wp-content\/uploads\/2018\/08\/IMG_5680-1280x960.jpg 1280w, https:\/\/lafilledecorinthe.com\/wordpress\/wp-content\/uploads\/2018\/08\/IMG_5680-680x510.jpg 680w, https:\/\/lafilledecorinthe.com\/wordpress\/wp-content\/uploads\/2018\/08\/IMG_5680-400x300.jpg 400w\" sizes=\"auto, (max-width: 1280px) 100vw, 1280px\" \/><\/a><figcaption class=\"wp-element-caption\">\u00ab\u00a0Riz amer\u00a0\u00bb de De Santis, 1949<\/figcaption><\/figure>\n<\/div>\n\n<div class=\"wp-block-image\">\n<figure class=\"aligncenter\"><a href=\"https:\/\/lafilledecorinthe.com\/wordpress\/wp-content\/uploads\/2018\/08\/IMG_5695.jpg\"><img loading=\"lazy\" decoding=\"async\" width=\"1280\" height=\"960\" src=\"https:\/\/lafilledecorinthe.com\/wordpress\/wp-content\/uploads\/2018\/08\/IMG_5695-1280x960.jpg\" alt=\"IMG_5695\" class=\"wp-image-9129\" srcset=\"https:\/\/lafilledecorinthe.com\/wordpress\/wp-content\/uploads\/2018\/08\/IMG_5695-1280x960.jpg 1280w, https:\/\/lafilledecorinthe.com\/wordpress\/wp-content\/uploads\/2018\/08\/IMG_5695-680x510.jpg 680w, https:\/\/lafilledecorinthe.com\/wordpress\/wp-content\/uploads\/2018\/08\/IMG_5695-400x300.jpg 400w\" sizes=\"auto, (max-width: 1280px) 100vw, 1280px\" \/><\/a><figcaption class=\"wp-element-caption\">\u00ab\u00a0Bellisima\u00a0\u00bb de Visconti, 1951<\/figcaption><\/figure>\n<\/div>\n\n<div class=\"wp-block-image\">\n<figure class=\"aligncenter\"><a href=\"https:\/\/lafilledecorinthe.com\/wordpress\/wp-content\/uploads\/2018\/08\/IMG_5754.jpg\"><img loading=\"lazy\" decoding=\"async\" width=\"1280\" height=\"960\" src=\"https:\/\/lafilledecorinthe.com\/wordpress\/wp-content\/uploads\/2018\/08\/IMG_5754-1280x960.jpg\" alt=\"IMG_5754\" class=\"wp-image-9131\" srcset=\"https:\/\/lafilledecorinthe.com\/wordpress\/wp-content\/uploads\/2018\/08\/IMG_5754-1280x960.jpg 1280w, https:\/\/lafilledecorinthe.com\/wordpress\/wp-content\/uploads\/2018\/08\/IMG_5754-680x510.jpg 680w, https:\/\/lafilledecorinthe.com\/wordpress\/wp-content\/uploads\/2018\/08\/IMG_5754-400x300.jpg 400w\" sizes=\"auto, (max-width: 1280px) 100vw, 1280px\" \/><\/a><figcaption class=\"wp-element-caption\">Cellulo de Bruno Bozzetto<\/figcaption><\/figure>\n<\/div>\n\n<div class=\"wp-block-image\">\n<figure class=\"aligncenter\"><a href=\"https:\/\/lafilledecorinthe.com\/wordpress\/wp-content\/uploads\/2018\/08\/IMG_5724.jpg\"><img loading=\"lazy\" decoding=\"async\" width=\"1280\" height=\"960\" src=\"https:\/\/lafilledecorinthe.com\/wordpress\/wp-content\/uploads\/2018\/08\/IMG_5724-1280x960.jpg\" alt=\"IMG_5724\" class=\"wp-image-9134\" srcset=\"https:\/\/lafilledecorinthe.com\/wordpress\/wp-content\/uploads\/2018\/08\/IMG_5724-1280x960.jpg 1280w, https:\/\/lafilledecorinthe.com\/wordpress\/wp-content\/uploads\/2018\/08\/IMG_5724-680x510.jpg 680w, https:\/\/lafilledecorinthe.com\/wordpress\/wp-content\/uploads\/2018\/08\/IMG_5724-400x300.jpg 400w\" sizes=\"auto, (max-width: 1280px) 100vw, 1280px\" \/><\/a><\/figure>\n<\/div>\n\n\n<p>La grande salle&nbsp;du temple (l&rsquo;\u00e9difice devait accueillir \u00e0 l&rsquo;origine une synagogue) avec ses&nbsp;chaises longues rouges permet un repos bien venu&nbsp;avant de d\u00e9couvrir l&rsquo;exposition temporaire consacr\u00e9e \u00e0 la <a href=\"http:\/\/www.museocinema.it\/it\/mostre\/soundframes-cinema-e-musica-mostra\">musique<\/a>. Le parcours&nbsp;qui s&rsquo;\u00e9l\u00e8ve sur la fameuse rampe h\u00e9lico\u00efdale est passionnant !<\/p>\n\n\n\n<p>J&rsquo;esp\u00e9rais profiter de ce mini-s\u00e9jour dans une grande ville italienne pour me procurer des albums de Emanuele Luzzati. Nous sommes all\u00e9s dans 5 librairies et&#8230; je rentre bredouille ! Une charmante libraire jeunesse me dit, d\u00e9sol\u00e9e, que Luzzati a plus de succ\u00e8s \u00e0 l&rsquo;\u00e9tranger que dans son propre pays !<\/p>\n","protected":false},"excerpt":{"rendered":"<p>Pour quitter la fra\u00eecheur du parc national du Grand Paradis et affronter une grande ville comme Turin, il fallait une solide motivation&nbsp;: visiter le mus\u00e9e national du cin\u00e9ma. Ce lieu envo\u00fbtant cr\u00e9\u00e9 en 1958 par la chercheuse Maria Adriana Prolo fait corps avec le b\u00e2timent de la Mole Antonelliana, v\u00e9ritable phare dans la ville. La&#8230;<\/p>\n","protected":false},"author":2,"featured_media":9107,"comment_status":"open","ping_status":"open","sticky":false,"template":"","format":"standard","meta":{"_kad_post_transparent":"","_kad_post_title":"","_kad_post_layout":"","_kad_post_sidebar_id":"","_kad_post_content_style":"","_kad_post_vertical_padding":"","_kad_post_feature":"","_kad_post_feature_position":"","_kad_post_header":false,"_kad_post_footer":false,"_kad_post_classname":"","footnotes":""},"categories":[6],"tags":[1701,1699,1700],"class_list":["post-9106","post","type-post","status-publish","format-standard","has-post-thumbnail","hentry","category-blog","tag-mole-antonelliana","tag-musee-national-du-cinema","tag-turin"],"_links":{"self":[{"href":"https:\/\/lafilledecorinthe.com\/wordpress\/wp-json\/wp\/v2\/posts\/9106","targetHints":{"allow":["GET"]}}],"collection":[{"href":"https:\/\/lafilledecorinthe.com\/wordpress\/wp-json\/wp\/v2\/posts"}],"about":[{"href":"https:\/\/lafilledecorinthe.com\/wordpress\/wp-json\/wp\/v2\/types\/post"}],"author":[{"embeddable":true,"href":"https:\/\/lafilledecorinthe.com\/wordpress\/wp-json\/wp\/v2\/users\/2"}],"replies":[{"embeddable":true,"href":"https:\/\/lafilledecorinthe.com\/wordpress\/wp-json\/wp\/v2\/comments?post=9106"}],"version-history":[{"count":20,"href":"https:\/\/lafilledecorinthe.com\/wordpress\/wp-json\/wp\/v2\/posts\/9106\/revisions"}],"predecessor-version":[{"id":14287,"href":"https:\/\/lafilledecorinthe.com\/wordpress\/wp-json\/wp\/v2\/posts\/9106\/revisions\/14287"}],"wp:featuredmedia":[{"embeddable":true,"href":"https:\/\/lafilledecorinthe.com\/wordpress\/wp-json\/wp\/v2\/media\/9107"}],"wp:attachment":[{"href":"https:\/\/lafilledecorinthe.com\/wordpress\/wp-json\/wp\/v2\/media?parent=9106"}],"wp:term":[{"taxonomy":"category","embeddable":true,"href":"https:\/\/lafilledecorinthe.com\/wordpress\/wp-json\/wp\/v2\/categories?post=9106"},{"taxonomy":"post_tag","embeddable":true,"href":"https:\/\/lafilledecorinthe.com\/wordpress\/wp-json\/wp\/v2\/tags?post=9106"}],"curies":[{"name":"wp","href":"https:\/\/api.w.org\/{rel}","templated":true}]}}