{"id":9080,"date":"2018-08-05T13:43:38","date_gmt":"2018-08-05T12:43:38","guid":{"rendered":"http:\/\/lafilledecorinthe.com\/wordpress\/?p=9080"},"modified":"2025-12-04T14:08:04","modified_gmt":"2025-12-04T13:08:04","slug":"la-pie-voleuse-maternelle-et-cinema-95","status":"publish","type":"post","link":"https:\/\/lafilledecorinthe.com\/wordpress\/2018\/08\/la-pie-voleuse-maternelle-et-cinema-95\/","title":{"rendered":"\u00ab\u00a0La pie voleuse\u00a0\u00bb,  Maternelle et cin\u00e9ma 95"},"content":{"rendered":"\n<p class=\"p1\"><em><span class=\"s1\">Chacun de nous renferme quelque chose de son enfance, lorsque j&rsquo;\u00e9labore un livre, un spectacle pour enfants, un jeu, une comptine, je cherche cette petite partie qui est rest\u00e9e en moi.<\/span><\/em><br><em><span class=\"s1\">Dans chaque culture il y a beaucoup de choses, j&rsquo;ai choisi, peut-\u00eatre, les plus joyeuses.\u00a0 \u00a0 \u00a0 <\/span><\/em>Emanuele Luzzati cit\u00e9 dans le livre <em>La mia scena \u00e8 un bosco<\/em> de Andrea Mancini, 2003<\/p>\n\n\n\n<p class=\"p1\"><em>La pie voleuse<\/em> est programm\u00e9e dans le Val d&rsquo;Oise dans le cadre du projet \u00ab\u00a0Maternelle et cin\u00e9ma\u00a0\u00bb 2018-2019\u00a0<br>Document :\u00a0<a href=\"https:\/\/lafilledecorinthe.com\/wordpress\/wp-content\/uploads\/2018\/06\/pour-aller-plus-loin-.pdf\">pour aller plus loin<\/a><\/p>\n\n\n<div class=\"wp-block-image\">\n<figure class=\"aligncenter\"><a href=\"https:\/\/lafilledecorinthe.com\/wordpress\/wp-content\/uploads\/2018\/06\/LItalienne.png\"><img loading=\"lazy\" decoding=\"async\" width=\"1280\" height=\"974\" src=\"https:\/\/lafilledecorinthe.com\/wordpress\/wp-content\/uploads\/2018\/06\/LItalienne-1280x974.png\" alt=\"L'Italienne\" class=\"wp-image-9090\" srcset=\"https:\/\/lafilledecorinthe.com\/wordpress\/wp-content\/uploads\/2018\/06\/LItalienne-1280x974.png 1280w, https:\/\/lafilledecorinthe.com\/wordpress\/wp-content\/uploads\/2018\/06\/LItalienne-680x517.png 680w, https:\/\/lafilledecorinthe.com\/wordpress\/wp-content\/uploads\/2018\/06\/LItalienne-394x300.png 394w, https:\/\/lafilledecorinthe.com\/wordpress\/wp-content\/uploads\/2018\/06\/LItalienne.png 1504w\" sizes=\"auto, (max-width: 1280px) 100vw, 1280px\" \/><\/a><figcaption class=\"wp-element-caption\">L&rsquo;italienne \u00e0 Alger (L&rsquo;italiana in Algeri) par Luzzati et Gianini, 1964<\/figcaption><\/figure>\n<\/div>\n\n\n<p>Documents :&nbsp;<a href=\"https:\/\/lafilledecorinthe.com\/wordpress\/wp-content\/uploads\/2018\/06\/lintroduction-litalienne-a\u0300-Alger-.pdf\">l&rsquo;introduction &#8211; l&rsquo;italienne a\u0300 Alger<\/a>,&nbsp;<a href=\"https:\/\/lafilledecorinthe.com\/wordpress\/wp-content\/uploads\/2018\/06\/Le-duo-\u00ab-Papageno-Papagena-\u00bb-.pdf\">Le duo \u00ab&nbsp;Papageno &#8211; Papagena&nbsp;\u00bb<\/a><\/p>\n\n\n<div class=\"wp-block-image\">\n<figure class=\"aligncenter\"><a href=\"https:\/\/lafilledecorinthe.com\/wordpress\/wp-content\/uploads\/2018\/06\/tous-contre-1.png\"><img loading=\"lazy\" decoding=\"async\" width=\"1280\" height=\"976\" src=\"https:\/\/lafilledecorinthe.com\/wordpress\/wp-content\/uploads\/2018\/06\/tous-contre-1-1280x976.png\" alt=\"tous contre 1\" class=\"wp-image-9093\" srcset=\"https:\/\/lafilledecorinthe.com\/wordpress\/wp-content\/uploads\/2018\/06\/tous-contre-1-1280x976.png 1280w, https:\/\/lafilledecorinthe.com\/wordpress\/wp-content\/uploads\/2018\/06\/tous-contre-1-680x519.png 680w, https:\/\/lafilledecorinthe.com\/wordpress\/wp-content\/uploads\/2018\/06\/tous-contre-1-393x300.png 393w, https:\/\/lafilledecorinthe.com\/wordpress\/wp-content\/uploads\/2018\/06\/tous-contre-1.png 1500w\" sizes=\"auto, (max-width: 1280px) 100vw, 1280px\" \/><\/a><figcaption class=\"wp-element-caption\">Polichinelle (Pulcinella) par Luzzati et Gianini, 1973<\/figcaption><\/figure>\n<\/div>\n\n\n<p>Document :&nbsp;<a href=\"https:\/\/lafilledecorinthe.com\/wordpress\/wp-content\/uploads\/2018\/06\/Pulcinella-Polichinelle-.pdf\">Pulcinella &#8211; Polichinelle<\/a><\/p>\n\n\n\n<figure class=\"wp-block-embed is-type-video is-provider-youtube wp-block-embed-youtube wp-embed-aspect-4-3 wp-has-aspect-ratio\"><div class=\"wp-block-embed__wrapper\">\n<iframe loading=\"lazy\" title=\"Eduardo De Filippo in  l&#039;arte  di Pulcinella.\" width=\"720\" height=\"540\" src=\"https:\/\/www.youtube.com\/embed\/_ReLgwA0J3Y?start=3&#038;feature=oembed\" frameborder=\"0\" allow=\"accelerometer; autoplay; clipboard-write; encrypted-media; gyroscope; picture-in-picture; web-share\" referrerpolicy=\"strict-origin-when-cross-origin\" allowfullscreen><\/iframe>\n<\/div><\/figure>\n\n\n<div class=\"wp-block-image\">\n<figure class=\"aligncenter\"><a href=\"https:\/\/lafilledecorinthe.com\/wordpress\/wp-content\/uploads\/2018\/06\/gianini-luzzati-gazza-ladra-8frame.jpg\"><img loading=\"lazy\" decoding=\"async\" width=\"1240\" height=\"650\" src=\"https:\/\/lafilledecorinthe.com\/wordpress\/wp-content\/uploads\/2018\/06\/gianini-luzzati-gazza-ladra-8frame.jpg\" alt=\"gianini-luzzati-gazza-ladra-8frame\" class=\"wp-image-9095\" srcset=\"https:\/\/lafilledecorinthe.com\/wordpress\/wp-content\/uploads\/2018\/06\/gianini-luzzati-gazza-ladra-8frame.jpg 1240w, https:\/\/lafilledecorinthe.com\/wordpress\/wp-content\/uploads\/2018\/06\/gianini-luzzati-gazza-ladra-8frame-680x356.jpg 680w, https:\/\/lafilledecorinthe.com\/wordpress\/wp-content\/uploads\/2018\/06\/gianini-luzzati-gazza-ladra-8frame-500x262.jpg 500w\" sizes=\"auto, (max-width: 1240px) 100vw, 1240px\" \/><\/a><figcaption class=\"wp-element-caption\">La pie voleuse (La gazza ladra), 1964<\/figcaption><\/figure>\n<\/div>\n\n\n<p>Documents :&nbsp;<a href=\"https:\/\/lafilledecorinthe.com\/wordpress\/wp-content\/uploads\/2018\/06\/introduction-La-pie-voleuse-.pdf\">introduction-La pie voleuse<\/a>,&nbsp;<a href=\"https:\/\/lafilledecorinthe.com\/wordpress\/wp-content\/uploads\/2018\/06\/images-se\u0301quentielles-.pdf\">images se\u0301quentielles<\/a><\/p>\n","protected":false},"excerpt":{"rendered":"<p>Chacun de nous renferme quelque chose de son enfance, lorsque j&rsquo;\u00e9labore un livre, un spectacle pour enfants, un jeu, une comptine, je cherche cette petite partie qui est rest\u00e9e en moi.Dans chaque culture il y a beaucoup de choses, j&rsquo;ai choisi, peut-\u00eatre, les plus joyeuses.\u00a0 \u00a0 \u00a0 Emanuele Luzzati cit\u00e9 dans le livre La mia&#8230;<\/p>\n","protected":false},"author":2,"featured_media":9083,"comment_status":"open","ping_status":"open","sticky":false,"template":"","format":"standard","meta":{"_kad_post_transparent":"","_kad_post_title":"","_kad_post_layout":"","_kad_post_sidebar_id":"","_kad_post_content_style":"","_kad_post_vertical_padding":"","_kad_post_feature":"","_kad_post_feature_position":"","_kad_post_header":false,"_kad_post_footer":false,"_kad_post_classname":"","footnotes":""},"categories":[8],"tags":[],"class_list":["post-9080","post","type-post","status-publish","format-standard","has-post-thumbnail","hentry","category-formations-adultes"],"_links":{"self":[{"href":"https:\/\/lafilledecorinthe.com\/wordpress\/wp-json\/wp\/v2\/posts\/9080","targetHints":{"allow":["GET"]}}],"collection":[{"href":"https:\/\/lafilledecorinthe.com\/wordpress\/wp-json\/wp\/v2\/posts"}],"about":[{"href":"https:\/\/lafilledecorinthe.com\/wordpress\/wp-json\/wp\/v2\/types\/post"}],"author":[{"embeddable":true,"href":"https:\/\/lafilledecorinthe.com\/wordpress\/wp-json\/wp\/v2\/users\/2"}],"replies":[{"embeddable":true,"href":"https:\/\/lafilledecorinthe.com\/wordpress\/wp-json\/wp\/v2\/comments?post=9080"}],"version-history":[{"count":12,"href":"https:\/\/lafilledecorinthe.com\/wordpress\/wp-json\/wp\/v2\/posts\/9080\/revisions"}],"predecessor-version":[{"id":14552,"href":"https:\/\/lafilledecorinthe.com\/wordpress\/wp-json\/wp\/v2\/posts\/9080\/revisions\/14552"}],"wp:featuredmedia":[{"embeddable":true,"href":"https:\/\/lafilledecorinthe.com\/wordpress\/wp-json\/wp\/v2\/media\/9083"}],"wp:attachment":[{"href":"https:\/\/lafilledecorinthe.com\/wordpress\/wp-json\/wp\/v2\/media?parent=9080"}],"wp:term":[{"taxonomy":"category","embeddable":true,"href":"https:\/\/lafilledecorinthe.com\/wordpress\/wp-json\/wp\/v2\/categories?post=9080"},{"taxonomy":"post_tag","embeddable":true,"href":"https:\/\/lafilledecorinthe.com\/wordpress\/wp-json\/wp\/v2\/tags?post=9080"}],"curies":[{"name":"wp","href":"https:\/\/api.w.org\/{rel}","templated":true}]}}