{"id":9027,"date":"2018-05-23T21:34:57","date_gmt":"2018-05-23T20:34:57","guid":{"rendered":"http:\/\/lafilledecorinthe.com\/wordpress\/?p=9027"},"modified":"2025-12-07T07:47:36","modified_gmt":"2025-12-07T06:47:36","slug":"grenouilles-et-compagnie-au-select-dantony","status":"publish","type":"post","link":"https:\/\/lafilledecorinthe.com\/wordpress\/2018\/05\/grenouilles-et-compagnie-au-select-dantony\/","title":{"rendered":"\u00ab\u00a0Grenouilles et compagnie\u00a0\u00bb au S\u00e9lect d&rsquo;Antony"},"content":{"rendered":"\n<p>L&rsquo;association <a href=\"https:\/\/www.cinemapublic.org\/-diffusion-de-programmes-.html\">Cin\u00e9ma Public<\/a> fait circuler en hors-les-murs post-festival deux jolis programmes&nbsp; de courts m\u00e9trages d\u00e9di\u00e9s aux tr\u00e8s jeunes spectateurs. Malgr\u00e9 un soleil printanier, les familles d&rsquo;Antony \u00e9taient au rendez-vous pour d\u00e9couvrir <em>Grenouilles et compagnie <\/em>dans leur cin\u00e9ma de quartier. La projection \u00e9tait suivi d&rsquo;un atelier au cours duquel parents et enfants ont&nbsp;fait bouger des grenouilles en origami. BRAVO \u00e0 tous les participants !<\/p>\n\n\n\n<figure class=\"wp-block-embed is-type-video is-provider-vimeo wp-block-embed-vimeo wp-embed-aspect-16-9 wp-has-aspect-ratio\"><div class=\"wp-block-embed__wrapper\">\n<iframe loading=\"lazy\" title=\"grenouilles\" src=\"https:\/\/player.vimeo.com\/video\/271549163?dnt=1&amp;app_id=122963\" width=\"720\" height=\"405\" frameborder=\"0\" allow=\"autoplay; fullscreen; picture-in-picture; clipboard-write; encrypted-media; web-share\" referrerpolicy=\"strict-origin-when-cross-origin\"><\/iframe>\n<\/div><\/figure>\n\n\n\n<p>Merci \u00e0 Brigitte pour l&rsquo;enregistrement m\u00e9lodieux des coassements de grenouilles !<\/p>\n","protected":false},"excerpt":{"rendered":"<p>L&rsquo;association Cin\u00e9ma Public fait circuler en hors-les-murs post-festival deux jolis programmes&nbsp; de courts m\u00e9trages d\u00e9di\u00e9s aux tr\u00e8s jeunes spectateurs. Malgr\u00e9 un soleil printanier, les familles d&rsquo;Antony \u00e9taient au rendez-vous pour d\u00e9couvrir Grenouilles et compagnie dans leur cin\u00e9ma de quartier. La projection \u00e9tait suivi d&rsquo;un atelier au cours duquel parents et enfants ont&nbsp;fait bouger des grenouilles&#8230;<\/p>\n","protected":false},"author":2,"featured_media":9028,"comment_status":"open","ping_status":"open","sticky":false,"template":"","format":"standard","meta":{"_kad_post_transparent":"","_kad_post_title":"","_kad_post_layout":"","_kad_post_sidebar_id":"","_kad_post_content_style":"","_kad_post_vertical_padding":"","_kad_post_feature":"","_kad_post_feature_position":"","_kad_post_header":false,"_kad_post_footer":false,"_kad_post_classname":"","footnotes":""},"categories":[7],"tags":[982,974,1680,981],"class_list":["post-9027","post","type-post","status-publish","format-standard","has-post-thumbnail","hentry","category-ateliers-enfants","tag-antony","tag-cinema-public","tag-grenouilles-et-compagnie","tag-select"],"_links":{"self":[{"href":"https:\/\/lafilledecorinthe.com\/wordpress\/wp-json\/wp\/v2\/posts\/9027","targetHints":{"allow":["GET"]}}],"collection":[{"href":"https:\/\/lafilledecorinthe.com\/wordpress\/wp-json\/wp\/v2\/posts"}],"about":[{"href":"https:\/\/lafilledecorinthe.com\/wordpress\/wp-json\/wp\/v2\/types\/post"}],"author":[{"embeddable":true,"href":"https:\/\/lafilledecorinthe.com\/wordpress\/wp-json\/wp\/v2\/users\/2"}],"replies":[{"embeddable":true,"href":"https:\/\/lafilledecorinthe.com\/wordpress\/wp-json\/wp\/v2\/comments?post=9027"}],"version-history":[{"count":6,"href":"https:\/\/lafilledecorinthe.com\/wordpress\/wp-json\/wp\/v2\/posts\/9027\/revisions"}],"predecessor-version":[{"id":14846,"href":"https:\/\/lafilledecorinthe.com\/wordpress\/wp-json\/wp\/v2\/posts\/9027\/revisions\/14846"}],"wp:featuredmedia":[{"embeddable":true,"href":"https:\/\/lafilledecorinthe.com\/wordpress\/wp-json\/wp\/v2\/media\/9028"}],"wp:attachment":[{"href":"https:\/\/lafilledecorinthe.com\/wordpress\/wp-json\/wp\/v2\/media?parent=9027"}],"wp:term":[{"taxonomy":"category","embeddable":true,"href":"https:\/\/lafilledecorinthe.com\/wordpress\/wp-json\/wp\/v2\/categories?post=9027"},{"taxonomy":"post_tag","embeddable":true,"href":"https:\/\/lafilledecorinthe.com\/wordpress\/wp-json\/wp\/v2\/tags?post=9027"}],"curies":[{"name":"wp","href":"https:\/\/api.w.org\/{rel}","templated":true}]}}