{"id":8976,"date":"2018-04-11T08:10:49","date_gmt":"2018-04-11T07:10:49","guid":{"rendered":"http:\/\/lafilledecorinthe.com\/wordpress\/?p=8976"},"modified":"2025-12-07T07:51:17","modified_gmt":"2025-12-07T06:51:17","slug":"atelier-enfances-au-cinema-les-trois-brigands","status":"publish","type":"post","link":"https:\/\/lafilledecorinthe.com\/wordpress\/2018\/04\/atelier-enfances-au-cinema-les-trois-brigands\/","title":{"rendered":"Atelier \u00ab\u00a0Enfances au Cin\u00e9ma\u00a0\u00bb, Les Trois Brigands"},"content":{"rendered":"\n<p>Les classes maternelles, inscrites dans le dispositif <em><a href=\"http:\/\/www.enfancesaucinema.net\/\" target=\"_blank\" rel=\"noopener\">Enfances au cin\u00e9ma<\/a>, <\/em>ont \u00e9t\u00e9&nbsp;accueillies \u00e0 trois reprises dans leur cin\u00e9ma de quartier. Les enfants ont d\u00e9couvert ainsi deux programmes de courts m\u00e9trages et le long m\u00e9trage de Hayo Freitas, <em>Les Trois Brigands<\/em>.&nbsp; A la suite de&nbsp;cette derni\u00e8re projection, cinq classes ont particip\u00e9&nbsp;&nbsp;\u00e0 un atelier <em>De l&rsquo;album au film, <\/em>permettant<em>&nbsp;<\/em>aux \u00e9l\u00e8ves de comparer le film \u00e0 l&rsquo;album d&rsquo;origine cr\u00e9\u00e9 par l&rsquo;artiste Tomi Ungerer.<\/p>\n\n\n\n<p>Apr\u00e8s une relecture de l&rsquo;album les enfants ont recherch\u00e9 comment le r\u00e9alisateur avait pu faire un film de plus d&rsquo;une heure \u00e0 partir de cette&nbsp;courte histoire. Des photogrammes et des extraits du film&nbsp;ont guid\u00e9 les enfants&#8230;<\/p>\n\n\n<div class=\"wp-block-image\">\n<figure class=\"aligncenter\"><a href=\"https:\/\/lafilledecorinthe.com\/wordpress\/wp-content\/uploads\/2018\/04\/Bonnes-vacances-.jpg\"><img loading=\"lazy\" decoding=\"async\" width=\"1280\" height=\"907\" src=\"https:\/\/lafilledecorinthe.com\/wordpress\/wp-content\/uploads\/2018\/04\/Bonnes-vacances--1280x907.jpg\" alt=\"Bonnes vacances !\" class=\"wp-image-9000\" srcset=\"https:\/\/lafilledecorinthe.com\/wordpress\/wp-content\/uploads\/2018\/04\/Bonnes-vacances--1280x907.jpg 1280w, https:\/\/lafilledecorinthe.com\/wordpress\/wp-content\/uploads\/2018\/04\/Bonnes-vacances--680x482.jpg 680w, https:\/\/lafilledecorinthe.com\/wordpress\/wp-content\/uploads\/2018\/04\/Bonnes-vacances--424x300.jpg 424w\" sizes=\"auto, (max-width: 1280px) 100vw, 1280px\" \/><\/a><figcaption class=\"wp-element-caption\">La classe de MS-GS de l&rsquo;\u00e9cole du Capitaine Lagache \/ Cin\u00e9ma des Cin\u00e9astes<\/figcaption><\/figure>\n<\/div>\n\n<div class=\"wp-block-image\">\n<figure class=\"aligncenter\"><a href=\"https:\/\/lafilledecorinthe.com\/wordpress\/wp-content\/uploads\/2018\/04\/L1120238-1.jpg\"><img loading=\"lazy\" decoding=\"async\" width=\"1280\" height=\"1233\" src=\"https:\/\/lafilledecorinthe.com\/wordpress\/wp-content\/uploads\/2018\/04\/L1120238-1-1280x1233.jpg\" alt=\"L1120238 (1)\" class=\"wp-image-8981\" srcset=\"https:\/\/lafilledecorinthe.com\/wordpress\/wp-content\/uploads\/2018\/04\/L1120238-1-1280x1233.jpg 1280w, https:\/\/lafilledecorinthe.com\/wordpress\/wp-content\/uploads\/2018\/04\/L1120238-1-680x655.jpg 680w, https:\/\/lafilledecorinthe.com\/wordpress\/wp-content\/uploads\/2018\/04\/L1120238-1-311x300.jpg 311w\" sizes=\"auto, (max-width: 1280px) 100vw, 1280px\" \/><\/a><figcaption class=\"wp-element-caption\">La classe de PS-MS de l&rsquo;\u00e9cole Pierre Bullet \/ Cin\u00e9ma Le Brady<\/figcaption><\/figure>\n<\/div>\n\n<div class=\"wp-block-image\">\n<figure class=\"aligncenter\"><a href=\"https:\/\/lafilledecorinthe.com\/wordpress\/wp-content\/uploads\/2018\/04\/13-a.jpg\"><img loading=\"lazy\" decoding=\"async\" width=\"1280\" height=\"960\" src=\"https:\/\/lafilledecorinthe.com\/wordpress\/wp-content\/uploads\/2018\/04\/13-a-1280x960.jpg\" alt=\"13-a\" class=\"wp-image-8982\" srcset=\"https:\/\/lafilledecorinthe.com\/wordpress\/wp-content\/uploads\/2018\/04\/13-a-1280x960.jpg 1280w, https:\/\/lafilledecorinthe.com\/wordpress\/wp-content\/uploads\/2018\/04\/13-a-680x510.jpg 680w, https:\/\/lafilledecorinthe.com\/wordpress\/wp-content\/uploads\/2018\/04\/13-a-400x300.jpg 400w\" sizes=\"auto, (max-width: 1280px) 100vw, 1280px\" \/><\/a><figcaption class=\"wp-element-caption\">La classe de MS-GS de l&rsquo;\u00e9cole Dunoy \/ Cin\u00e9ma l&rsquo;Escurial<\/figcaption><\/figure>\n<\/div>\n\n\n<p>Les enfants ont ensuite anim\u00e9 deux images fixes. Vive les jouets&nbsp;et les illusions optiques !<\/p>\n\n\n<div class=\"wp-block-image\">\n<figure class=\"aligncenter\"><a href=\"https:\/\/lafilledecorinthe.com\/wordpress\/wp-content\/uploads\/2018\/04\/4e\u0301me.jpg\"><img loading=\"lazy\" decoding=\"async\" width=\"1280\" height=\"960\" src=\"https:\/\/lafilledecorinthe.com\/wordpress\/wp-content\/uploads\/2018\/04\/4e\u0301me-1280x960.jpg\" alt=\"4e\u0301me\" class=\"wp-image-8984\" srcset=\"https:\/\/lafilledecorinthe.com\/wordpress\/wp-content\/uploads\/2018\/04\/4e\u0301me-1280x960.jpg 1280w, https:\/\/lafilledecorinthe.com\/wordpress\/wp-content\/uploads\/2018\/04\/4e\u0301me-680x510.jpg 680w, https:\/\/lafilledecorinthe.com\/wordpress\/wp-content\/uploads\/2018\/04\/4e\u0301me-400x300.jpg 400w\" sizes=\"auto, (max-width: 1280px) 100vw, 1280px\" \/><\/a><figcaption class=\"wp-element-caption\">La classe de MS de l&rsquo;\u00e9cole des Hospitali\u00e8res Saint-Gervais \/ Cin\u00e9ma Lumino<\/figcaption><\/figure>\n<\/div>\n\n<div class=\"wp-block-image\">\n<figure class=\"aligncenter\"><a href=\"https:\/\/lafilledecorinthe.com\/wordpress\/wp-content\/uploads\/2018\/04\/18.jpg\"><img loading=\"lazy\" decoding=\"async\" width=\"1280\" height=\"960\" src=\"https:\/\/lafilledecorinthe.com\/wordpress\/wp-content\/uploads\/2018\/04\/18-1280x960.jpg\" alt=\"18\" class=\"wp-image-8985\" srcset=\"https:\/\/lafilledecorinthe.com\/wordpress\/wp-content\/uploads\/2018\/04\/18-1280x960.jpg 1280w, https:\/\/lafilledecorinthe.com\/wordpress\/wp-content\/uploads\/2018\/04\/18-680x510.jpg 680w, https:\/\/lafilledecorinthe.com\/wordpress\/wp-content\/uploads\/2018\/04\/18-400x300.jpg 400w\" sizes=\"auto, (max-width: 1280px) 100vw, 1280px\" \/><\/a><figcaption class=\"wp-element-caption\">La classe de MS-GS de l&rsquo;\u00e9cole Vauvenargues \/ Cin\u00e9ma des Cin\u00e9astes<\/figcaption><\/figure>\n<\/div>\n\n\n<p>Une petite fille cr\u00e9atrice a&nbsp;invent\u00e9&nbsp;son propre feuilletoscope. Un tr\u00e8s grand bravo \u00e0 elle !<\/p>\n\n\n<div class=\"wp-block-image\">\n<figure class=\"aligncenter\"><a href=\"https:\/\/lafilledecorinthe.com\/wordpress\/wp-content\/uploads\/2018\/04\/IMG_2896.jpg\"><img loading=\"lazy\" decoding=\"async\" width=\"1280\" height=\"960\" src=\"https:\/\/lafilledecorinthe.com\/wordpress\/wp-content\/uploads\/2018\/04\/IMG_2896-1280x960.jpg\" alt=\"IMG_2896\" class=\"wp-image-8987\" srcset=\"https:\/\/lafilledecorinthe.com\/wordpress\/wp-content\/uploads\/2018\/04\/IMG_2896-1280x960.jpg 1280w, https:\/\/lafilledecorinthe.com\/wordpress\/wp-content\/uploads\/2018\/04\/IMG_2896-680x510.jpg 680w, https:\/\/lafilledecorinthe.com\/wordpress\/wp-content\/uploads\/2018\/04\/IMG_2896-400x300.jpg 400w\" sizes=\"auto, (max-width: 1280px) 100vw, 1280px\" \/><\/a><figcaption class=\"wp-element-caption\">La classe de MS-GS de l&rsquo;\u00e9cole du Capitaine Lagache \/ Cin\u00e9ma des Cin\u00e9astes<\/figcaption><\/figure>\n<\/div>\n\n\n<figure class=\"wp-block-embed is-type-video is-provider-vimeo wp-block-embed-vimeo wp-embed-aspect-16-9 wp-has-aspect-ratio\"><div class=\"wp-block-embed__wrapper\">\n<iframe loading=\"lazy\" title=\"Les Trois Brigands\" src=\"https:\/\/player.vimeo.com\/video\/264199651?dnt=1&amp;app_id=122963\" width=\"720\" height=\"405\" frameborder=\"0\" allow=\"autoplay; fullscreen; picture-in-picture; clipboard-write; encrypted-media; web-share\" referrerpolicy=\"strict-origin-when-cross-origin\"><\/iframe>\n<\/div><\/figure>\n","protected":false},"excerpt":{"rendered":"<p>Les classes maternelles, inscrites dans le dispositif Enfances au cin\u00e9ma, ont \u00e9t\u00e9&nbsp;accueillies \u00e0 trois reprises dans leur cin\u00e9ma de quartier. Les enfants ont d\u00e9couvert ainsi deux programmes de courts m\u00e9trages et le long m\u00e9trage de Hayo Freitas, Les Trois Brigands.&nbsp; A la suite de&nbsp;cette derni\u00e8re projection, cinq classes ont particip\u00e9&nbsp;&nbsp;\u00e0 un atelier De l&rsquo;album au&#8230;<\/p>\n","protected":false},"author":2,"featured_media":8977,"comment_status":"open","ping_status":"open","sticky":false,"template":"","format":"standard","meta":{"_kad_post_transparent":"","_kad_post_title":"","_kad_post_layout":"","_kad_post_sidebar_id":"","_kad_post_content_style":"","_kad_post_vertical_padding":"","_kad_post_feature":"","_kad_post_feature_position":"","_kad_post_header":false,"_kad_post_footer":false,"_kad_post_classname":"","footnotes":""},"categories":[7],"tags":[358,353,1671,1551,1550],"class_list":["post-8976","post","type-post","status-publish","format-standard","has-post-thumbnail","hentry","category-ateliers-enfants","tag-de-lalbum-au-film","tag-enfances-au-cinema","tag-hayo-freitas","tag-les-trois-brigands","tag-tomi-ungerer"],"_links":{"self":[{"href":"https:\/\/lafilledecorinthe.com\/wordpress\/wp-json\/wp\/v2\/posts\/8976","targetHints":{"allow":["GET"]}}],"collection":[{"href":"https:\/\/lafilledecorinthe.com\/wordpress\/wp-json\/wp\/v2\/posts"}],"about":[{"href":"https:\/\/lafilledecorinthe.com\/wordpress\/wp-json\/wp\/v2\/types\/post"}],"author":[{"embeddable":true,"href":"https:\/\/lafilledecorinthe.com\/wordpress\/wp-json\/wp\/v2\/users\/2"}],"replies":[{"embeddable":true,"href":"https:\/\/lafilledecorinthe.com\/wordpress\/wp-json\/wp\/v2\/comments?post=8976"}],"version-history":[{"count":14,"href":"https:\/\/lafilledecorinthe.com\/wordpress\/wp-json\/wp\/v2\/posts\/8976\/revisions"}],"predecessor-version":[{"id":14850,"href":"https:\/\/lafilledecorinthe.com\/wordpress\/wp-json\/wp\/v2\/posts\/8976\/revisions\/14850"}],"wp:featuredmedia":[{"embeddable":true,"href":"https:\/\/lafilledecorinthe.com\/wordpress\/wp-json\/wp\/v2\/media\/8977"}],"wp:attachment":[{"href":"https:\/\/lafilledecorinthe.com\/wordpress\/wp-json\/wp\/v2\/media?parent=8976"}],"wp:term":[{"taxonomy":"category","embeddable":true,"href":"https:\/\/lafilledecorinthe.com\/wordpress\/wp-json\/wp\/v2\/categories?post=8976"},{"taxonomy":"post_tag","embeddable":true,"href":"https:\/\/lafilledecorinthe.com\/wordpress\/wp-json\/wp\/v2\/tags?post=8976"}],"curies":[{"name":"wp","href":"https:\/\/api.w.org\/{rel}","templated":true}]}}