{"id":8956,"date":"2018-04-23T08:10:55","date_gmt":"2018-04-23T07:10:55","guid":{"rendered":"http:\/\/lafilledecorinthe.com\/wordpress\/?p=8956"},"modified":"2025-12-07T07:50:35","modified_gmt":"2025-12-07T06:50:35","slug":"le-livre-de-la-jungle-au-festival-les-yeux-ouverts","status":"publish","type":"post","link":"https:\/\/lafilledecorinthe.com\/wordpress\/2018\/04\/le-livre-de-la-jungle-au-festival-les-yeux-ouverts\/","title":{"rendered":"\u00ab\u00a0Le Livre de la Jungle\u00a0\u00bb au festival \u00ab\u00a0Les Yeux Ouverts\u00a0\u00bb"},"content":{"rendered":"\n<p><em>\u00ab\u00a0Le Livre de la Jungle\u00a0\u00bb adapt\u00e9 des contes de Rudyard Kipling suscitait encore plus de difficult\u00e9s puisqu&rsquo;il mettait en sc\u00e8ne<\/em>\u00a0<em>des animaux vivants et des gens. Une jungle indienne fut cr\u00e9\u00e9e sur les terrains du studio. Vincent d\u00e9pensa beaucoup d&rsquo;argent pour fabriquer Kaa, l&rsquo;\u00e9norme python aquatique parlant, qui \u00e9tait fait en caoutchouc tendu sur un ch\u00e2ssis articul\u00e9 et mis en mouvement par des accessoiristes avec des c\u00e2bles dissimul\u00e9s sous l&rsquo;eau. Kaa devint une hantise pour tout le monde tellement il \u00e9tait difficile de le mouvoir d&rsquo;une mani\u00e8re r\u00e9aliste.\u00a0\u00bb\u00a0 \u00a0 \u00a0 \u00a0 \u00a0 \u00a0 Des vies de r\u00eave, Histoire d&rsquo;une famille<\/em> de Michael Korda, Robert Laffont, 1981 <br><\/p>\n\n\n\n<p>Sous un ciel bleu estival, la superbe affiche d&rsquo;Alain Kokor\u00a0se d\u00e9tache,\u00a0elle annonce avec humour\u00a0la deuxi\u00e8me \u00e9dition du festival jeune public <a href=\"https:\/\/lafilledecorinthe.com\/wordpress\/wp-content\/uploads\/2018\/04\/Les-Yeux-Ouverts-.pdf\">Les Yeux Ouverts<\/a>\u00a0organis\u00e9e par l&rsquo;association\u00a0<a href=\"https:\/\/www.havredecinema.fr\/\" target=\"_blank\" rel=\"noopener\">Havre de Cin\u00e9ma<\/a>.<\/p>\n\n\n<div class=\"wp-block-image\">\n<figure class=\"aligncenter\"><a href=\"https:\/\/lafilledecorinthe.com\/wordpress\/wp-content\/uploads\/2018\/04\/IMG_3146.jpg\"><img loading=\"lazy\" decoding=\"async\" width=\"1280\" height=\"960\" src=\"https:\/\/lafilledecorinthe.com\/wordpress\/wp-content\/uploads\/2018\/04\/IMG_3146-1280x960.jpg\" alt=\"IMG_3146\" class=\"wp-image-9008\" srcset=\"https:\/\/lafilledecorinthe.com\/wordpress\/wp-content\/uploads\/2018\/04\/IMG_3146-1280x960.jpg 1280w, https:\/\/lafilledecorinthe.com\/wordpress\/wp-content\/uploads\/2018\/04\/IMG_3146-680x510.jpg 680w, https:\/\/lafilledecorinthe.com\/wordpress\/wp-content\/uploads\/2018\/04\/IMG_3146-400x300.jpg 400w\" sizes=\"auto, (max-width: 1280px) 100vw, 1280px\" \/><\/a><\/figure>\n<\/div>\n\n\n<p><\/p>\n\n\n\n<p>Pour plus de 200 enfants, ces 10 jours sont le point d&rsquo;orgue d&rsquo;un projet men\u00e9 avec leur classe, <em>La Petite Ecole de Cin\u00e9ma,<\/em> au cours duquel ils ont appris \u00e0 \u00eatre un spectateur averti en passant de l&rsquo;autre c\u00f4t\u00e9 de l&rsquo;\u00e9cran et de la cam\u00e9ra.<br>Dans ce cadre privil\u00e9gi\u00e9, j&rsquo;ai eu la chance d&rsquo;accueillir 8 classes d&rsquo;\u00e9coliers et de coll\u00e9giens dans la m\u00e9diath\u00e8que Niemeyer pour un \u00e9change anim\u00e9 sur &#8230;<br><em>Comment montrer l&rsquo;impossible au cin\u00e9ma ?<\/em><\/p>\n\n\n<div class=\"wp-block-image\">\n<figure class=\"aligncenter\"><a href=\"https:\/\/lafilledecorinthe.com\/wordpress\/wp-content\/uploads\/2018\/04\/IMG_3084.jpg\"><img loading=\"lazy\" decoding=\"async\" width=\"1280\" height=\"960\" src=\"https:\/\/lafilledecorinthe.com\/wordpress\/wp-content\/uploads\/2018\/04\/IMG_3084-1280x960.jpg\" alt=\"IMG_3084\" class=\"wp-image-9016\" srcset=\"https:\/\/lafilledecorinthe.com\/wordpress\/wp-content\/uploads\/2018\/04\/IMG_3084-1280x960.jpg 1280w, https:\/\/lafilledecorinthe.com\/wordpress\/wp-content\/uploads\/2018\/04\/IMG_3084-680x510.jpg 680w, https:\/\/lafilledecorinthe.com\/wordpress\/wp-content\/uploads\/2018\/04\/IMG_3084-400x300.jpg 400w\" sizes=\"auto, (max-width: 1280px) 100vw, 1280px\" \/><\/a><figcaption class=\"wp-element-caption\">M\u00e9diath\u00e8que Niemeyer du Havre<\/figcaption><\/figure>\n<\/div>\n\n\n<p>L&rsquo;adaptation <em>Du Livre de la Jungle<\/em> de Rudyard Kipling par les fr\u00e8res Korda en 1942, vue par l&rsquo;ensemble des classes au <a href=\"http:\/\/www.cinema-le-studio.fr\/\" target=\"_blank\" rel=\"noopener\">Cin\u00e9ma Le Studio<\/a>,&nbsp;a \u00e9t\u00e9 le d\u00e9clencheur pour un voyage dans l&rsquo;histoire du cin\u00e9ma&#8230; Si l\u2019imagination des romanciers est sans limite, qu\u2019en est-il pour le cin\u00e9ma ? Comment les r\u00e9alisateurs ont-ils mis en sc\u00e8ne la cohabitation entre Mowgli et les animaux sauvages&nbsp;? Cohabitation qui nous fait r\u00eaver mais \u00f4 combien dangereuse dans la r\u00e9alit\u00e9 ! Extraits de films, photographies et making-of soutenaient l&rsquo;\u00e9change&#8230;<\/p>\n\n\n<div class=\"wp-block-image\">\n<figure class=\"aligncenter\"><a href=\"https:\/\/lafilledecorinthe.com\/wordpress\/wp-content\/uploads\/2018\/04\/1-e1524466379811.jpg\"><img loading=\"lazy\" decoding=\"async\" width=\"1280\" height=\"960\" src=\"https:\/\/lafilledecorinthe.com\/wordpress\/wp-content\/uploads\/2018\/04\/1-1280x960.jpg\" alt=\"avec la classe ULIS du Coll\u00e8ge des Ormeaux\" class=\"wp-image-9019\"\/><\/a><figcaption class=\"wp-element-caption\">avec la classe ULIS du Coll\u00e8ge des Ormeaux<\/figcaption><\/figure>\n<\/div>\n\n<div class=\"wp-block-image\">\n<figure class=\"aligncenter\"><a href=\"https:\/\/lafilledecorinthe.com\/wordpress\/wp-content\/uploads\/2018\/04\/2-e1524466574150.jpg\"><img loading=\"lazy\" decoding=\"async\" width=\"1280\" height=\"960\" src=\"https:\/\/lafilledecorinthe.com\/wordpress\/wp-content\/uploads\/2018\/04\/2-1280x960.jpg\" alt=\"... avec la classe de CM2 de l'\u00e9cole Raspail\" class=\"wp-image-9020\"\/><\/a><\/figure>\n<\/div>\n\n\n<p><\/p>\n\n\n<div class=\"wp-block-image\">\n<figure class=\"aligncenter\"><a href=\"https:\/\/lafilledecorinthe.com\/wordpress\/wp-content\/uploads\/2018\/04\/3-e1524466711790.jpg\"><img loading=\"lazy\" decoding=\"async\" width=\"1280\" height=\"960\" src=\"https:\/\/lafilledecorinthe.com\/wordpress\/wp-content\/uploads\/2018\/04\/3-1280x960.jpg\" alt=\"... avec la classe de CM2 de l'\u00e9cole Raspail\" class=\"wp-image-9021\"\/><\/a><figcaption class=\"wp-element-caption\">&#8230; avec la classe de CM2 de l&rsquo;\u00e9cole Raspail<\/figcaption><\/figure>\n<\/div>","protected":false},"excerpt":{"rendered":"<p>\u00ab\u00a0Le Livre de la Jungle\u00a0\u00bb adapt\u00e9 des contes de Rudyard Kipling suscitait encore plus de difficult\u00e9s puisqu&rsquo;il mettait en sc\u00e8ne\u00a0des animaux vivants et des gens. Une jungle indienne fut cr\u00e9\u00e9e sur les terrains du studio. Vincent d\u00e9pensa beaucoup d&rsquo;argent pour fabriquer Kaa, l&rsquo;\u00e9norme python aquatique parlant, qui \u00e9tait fait en caoutchouc tendu sur un ch\u00e2ssis&#8230;<\/p>\n","protected":false},"author":2,"featured_media":8997,"comment_status":"open","ping_status":"open","sticky":false,"template":"","format":"standard","meta":{"_kad_post_transparent":"","_kad_post_title":"","_kad_post_layout":"","_kad_post_sidebar_id":"","_kad_post_content_style":"","_kad_post_vertical_padding":"","_kad_post_feature":"","_kad_post_feature_position":"","_kad_post_header":false,"_kad_post_footer":false,"_kad_post_classname":"","footnotes":""},"categories":[7],"tags":[1677,1679,1676,1672,1673,1678,1675,1674],"class_list":["post-8956","post","type-post","status-publish","format-standard","has-post-thumbnail","hentry","category-ateliers-enfants","tag-alain-kokor","tag-cinema-le-studio","tag-havre-de-cinema","tag-le-livre-de-la-jungle","tag-les-yeux-ouverts","tag-mediatheque-niemeyer","tag-rudyard-kipling","tag-zoltan-korda"],"_links":{"self":[{"href":"https:\/\/lafilledecorinthe.com\/wordpress\/wp-json\/wp\/v2\/posts\/8956","targetHints":{"allow":["GET"]}}],"collection":[{"href":"https:\/\/lafilledecorinthe.com\/wordpress\/wp-json\/wp\/v2\/posts"}],"about":[{"href":"https:\/\/lafilledecorinthe.com\/wordpress\/wp-json\/wp\/v2\/types\/post"}],"author":[{"embeddable":true,"href":"https:\/\/lafilledecorinthe.com\/wordpress\/wp-json\/wp\/v2\/users\/2"}],"replies":[{"embeddable":true,"href":"https:\/\/lafilledecorinthe.com\/wordpress\/wp-json\/wp\/v2\/comments?post=8956"}],"version-history":[{"count":26,"href":"https:\/\/lafilledecorinthe.com\/wordpress\/wp-json\/wp\/v2\/posts\/8956\/revisions"}],"predecessor-version":[{"id":14848,"href":"https:\/\/lafilledecorinthe.com\/wordpress\/wp-json\/wp\/v2\/posts\/8956\/revisions\/14848"}],"wp:featuredmedia":[{"embeddable":true,"href":"https:\/\/lafilledecorinthe.com\/wordpress\/wp-json\/wp\/v2\/media\/8997"}],"wp:attachment":[{"href":"https:\/\/lafilledecorinthe.com\/wordpress\/wp-json\/wp\/v2\/media?parent=8956"}],"wp:term":[{"taxonomy":"category","embeddable":true,"href":"https:\/\/lafilledecorinthe.com\/wordpress\/wp-json\/wp\/v2\/categories?post=8956"},{"taxonomy":"post_tag","embeddable":true,"href":"https:\/\/lafilledecorinthe.com\/wordpress\/wp-json\/wp\/v2\/tags?post=8956"}],"curies":[{"name":"wp","href":"https:\/\/api.w.org\/{rel}","templated":true}]}}