{"id":8926,"date":"2018-03-24T11:29:10","date_gmt":"2018-03-24T10:29:10","guid":{"rendered":"http:\/\/lafilledecorinthe.com\/wordpress\/?p=8926"},"modified":"2025-12-04T14:30:54","modified_gmt":"2025-12-04T13:30:54","slug":"ecole-et-cinema-dans-la-meuse","status":"publish","type":"post","link":"https:\/\/lafilledecorinthe.com\/wordpress\/2018\/03\/ecole-et-cinema-dans-la-meuse\/","title":{"rendered":"\u00ab\u00a0Ecole et cin\u00e9ma\u00a0\u00bb dans la Meuse"},"content":{"rendered":"\n<p><\/p>\n\n\n\n<p><strong>Projection-conf\u00e9rence :<\/strong><br><em>Monsieur et monsieur<\/em> de\u00a0Bretislav Pojar, 1965-1973<br>Cin\u00e9ma <em>Fran\u00e7ois Truffaut<\/em> de Commercy<br>Lundi 26 mars 2018<br><em>Monsieur et monsieur<\/em>\u00a0de\u00a0Bretislav Pojar, 1965-1973<br><em>Le Gar\u00e7on et le monde <\/em>de Al\u00ea Abreu, 2013<br>Cin\u00e9ma <em>Colis\u00e9e<\/em> de Bar-le-Duc<br>Jeudi 5 avril 2018<\/p>\n\n\n\n<p>Pour aller plus loin :&nbsp;<a href=\"https:\/\/lafilledecorinthe.com\/wordpress\/wp-content\/uploads\/2018\/03\/Bibliographiesitographie-1.pdf\">Bibliographie \/ sitographie<\/a><\/p>\n\n\n<div class=\"wp-block-image\">\n<figure class=\"aligncenter\"><a href=\"https:\/\/lafilledecorinthe.com\/wordpress\/wp-content\/uploads\/2018\/03\/e\u0301cran.jpg\"><img loading=\"lazy\" decoding=\"async\" width=\"1280\" height=\"960\" src=\"https:\/\/lafilledecorinthe.com\/wordpress\/wp-content\/uploads\/2018\/03\/e\u0301cran-1280x960.jpg\" alt=\"e\u0301cran\" class=\"wp-image-8933\" srcset=\"https:\/\/lafilledecorinthe.com\/wordpress\/wp-content\/uploads\/2018\/03\/e\u0301cran-1280x960.jpg 1280w, https:\/\/lafilledecorinthe.com\/wordpress\/wp-content\/uploads\/2018\/03\/e\u0301cran-680x510.jpg 680w, https:\/\/lafilledecorinthe.com\/wordpress\/wp-content\/uploads\/2018\/03\/e\u0301cran-400x300.jpg 400w, https:\/\/lafilledecorinthe.com\/wordpress\/wp-content\/uploads\/2018\/03\/e\u0301cran.jpg 1528w\" sizes=\"auto, (max-width: 1280px) 100vw, 1280px\" \/><\/a><figcaption class=\"wp-element-caption\">Quand on \u00e9tait jeunes&#8230; de Bretislav Pojar et Miroslav Step\u00e1nek<\/figcaption><\/figure>\n<\/div>\n\n\n<p>Documents accompagnant la conf\u00e9rence :&nbsp;<a href=\"https:\/\/lafilledecorinthe.com\/wordpress\/wp-content\/uploads\/2018\/03\/Images-se\u0301quentielles-.pdf\">Images se\u0301quentielles<\/a>,&nbsp;<a href=\"https:\/\/lafilledecorinthe.com\/wordpress\/wp-content\/uploads\/2018\/03\/Petite-lec\u0327on-de-jardinage-.pdf\">Petite lec\u0327on de jardinage<\/a>,&nbsp;<a href=\"https:\/\/lafilledecorinthe.com\/wordpress\/wp-content\/uploads\/2018\/03\/Transformations.pdf\">Transformations<\/a>,&nbsp;<a href=\"https:\/\/lafilledecorinthe.com\/wordpress\/wp-content\/uploads\/2018\/03\/Me\u0301tamorphoses1-.pdf\">Me\u0301tamorphoses1<\/a>,&nbsp;<a href=\"https:\/\/lafilledecorinthe.com\/wordpress\/wp-content\/uploads\/2018\/03\/Me\u0301tamorphoses2-.pdf\">Me\u0301tamorphoses2<\/a><\/p>\n\n\n\n<p><em>The \u00ab\u00a0Teddy\u00a0\u00bb Bears (1907)<\/em>, la s\u00e9quence anim\u00e9e des oursons acrobates : 3&nbsp;mins 30 &#8211; 5 mins 15<\/p>\n\n\n\n<p><iframe loading=\"lazy\" title=\"YouTube video player\" src=\"https:\/\/www.youtube.com\/embed\/xuTDty3RUyo?si=F7g1lLcXqR0Q8Rwh\" width=\"560\" height=\"315\" frameborder=\"0\" allowfullscreen=\"allowfullscreen\"><\/iframe><\/p>\n\n\n<div class=\"wp-block-image\">\n<figure class=\"aligncenter\"><a href=\"https:\/\/lafilledecorinthe.com\/wordpress\/wp-content\/uploads\/2018\/03\/monde_2.jpg\"><img loading=\"lazy\" decoding=\"async\" width=\"889\" height=\"500\" src=\"https:\/\/lafilledecorinthe.com\/wordpress\/wp-content\/uploads\/2018\/03\/monde_2.jpg\" alt=\"monde_2\" class=\"wp-image-8939\" srcset=\"https:\/\/lafilledecorinthe.com\/wordpress\/wp-content\/uploads\/2018\/03\/monde_2.jpg 889w, https:\/\/lafilledecorinthe.com\/wordpress\/wp-content\/uploads\/2018\/03\/monde_2-680x382.jpg 680w, https:\/\/lafilledecorinthe.com\/wordpress\/wp-content\/uploads\/2018\/03\/monde_2-500x281.jpg 500w\" sizes=\"auto, (max-width: 889px) 100vw, 889px\" \/><\/a><figcaption class=\"wp-element-caption\">\u00ab\u00a0Le Gar\u00e7on et le monde\u00a0\u00bb de Al\u00ea Abreu<\/figcaption><\/figure>\n<\/div>\n\n\n<p>Documents&nbsp;accompagnant la conf\u00e9rence :&nbsp;<a href=\"https:\/\/lafilledecorinthe.com\/wordpress\/wp-content\/uploads\/2018\/03\/Les-lieux-de-vie-.pdf\">Les lieux de vie<\/a>,&nbsp;<a href=\"https:\/\/lafilledecorinthe.com\/wordpress\/wp-content\/uploads\/2018\/03\/Came\u0301ra-subjective-.pdf\">Came\u0301ra subjective<\/a>,&nbsp;<a href=\"https:\/\/lafilledecorinthe.com\/wordpress\/wp-content\/uploads\/2018\/03\/De-la-graine-a\u0300-l\u2019arbre\u2026-.pdf\">De la graine a\u0300 l\u2019arbre\u2026<\/a>,&nbsp;<a href=\"https:\/\/lafilledecorinthe.com\/wordpress\/wp-content\/uploads\/2018\/03\/De-la-cueillette....pdf\">De la cueillette&#8230;<\/a>,&nbsp;<a href=\"https:\/\/lafilledecorinthe.com\/wordpress\/wp-content\/uploads\/2018\/03\/La-musique.pdf\">La musique<\/a>,&nbsp;<a href=\"https:\/\/lafilledecorinthe.com\/wordpress\/wp-content\/uploads\/2018\/03\/Un-collage-de-textures-et-de-techniques-d\u2019animations-diffe\u0301rentes-.pdf\">Un collage de textures et de techniques d\u2019animations diffe\u0301rentes<\/a>,&nbsp;<a href=\"https:\/\/lafilledecorinthe.com\/wordpress\/wp-content\/uploads\/2018\/03\/Les-animaux-machines-.pdf\">Les animaux machines<\/a><\/p>\n\n\n\n<p>Performance du GEM (Groupe de Musique Exp\u00e9rimentale) avec la participation exceptionnelle du percussionniste Nan\u00e1 Vasconcelos.<\/p>\n\n\n\n<figure class=\"wp-block-embed is-type-video is-provider-youtube wp-block-embed-youtube wp-embed-aspect-16-9 wp-has-aspect-ratio\"><div class=\"wp-block-embed__wrapper\">\n<iframe loading=\"lazy\" title=\"GEM &amp; Nan\u00e1 Vasconcelos - Xingu (ao vivo) por Tamago\" width=\"720\" height=\"405\" src=\"https:\/\/www.youtube.com\/embed\/TrA_Mg_wluQ?start=220&#038;feature=oembed\" frameborder=\"0\" allow=\"accelerometer; autoplay; clipboard-write; encrypted-media; gyroscope; picture-in-picture; web-share\" referrerpolicy=\"strict-origin-when-cross-origin\" allowfullscreen><\/iframe>\n<\/div><\/figure>\n\n\n\n<figure class=\"wp-block-embed is-type-video is-provider-youtube wp-block-embed-youtube wp-embed-aspect-4-3 wp-has-aspect-ratio\"><div class=\"wp-block-embed__wrapper\">\n<iframe loading=\"lazy\" title=\"Passo\" width=\"720\" height=\"540\" src=\"https:\/\/www.youtube.com\/embed\/8YGnouekupY?feature=oembed\" frameborder=\"0\" allow=\"accelerometer; autoplay; clipboard-write; encrypted-media; gyroscope; picture-in-picture; web-share\" referrerpolicy=\"strict-origin-when-cross-origin\" allowfullscreen><\/iframe>\n<\/div><\/figure>\n","protected":false},"excerpt":{"rendered":"<p>Projection-conf\u00e9rence :Monsieur et monsieur de\u00a0Bretislav Pojar, 1965-1973Cin\u00e9ma Fran\u00e7ois Truffaut de CommercyLundi 26 mars 2018Monsieur et monsieur\u00a0de\u00a0Bretislav Pojar, 1965-1973Le Gar\u00e7on et le monde de Al\u00ea Abreu, 2013Cin\u00e9ma Colis\u00e9e de Bar-le-DucJeudi 5 avril 2018 Pour aller plus loin :&nbsp;Bibliographie \/ sitographie Documents accompagnant la conf\u00e9rence :&nbsp;Images se\u0301quentielles,&nbsp;Petite lec\u0327on de jardinage,&nbsp;Transformations,&nbsp;Me\u0301tamorphoses1,&nbsp;Me\u0301tamorphoses2 The \u00ab\u00a0Teddy\u00a0\u00bb Bears (1907), la s\u00e9quence anim\u00e9e&#8230;<\/p>\n","protected":false},"author":2,"featured_media":8927,"comment_status":"open","ping_status":"open","sticky":false,"template":"","format":"standard","meta":{"_kad_post_transparent":"","_kad_post_title":"","_kad_post_layout":"","_kad_post_sidebar_id":"","_kad_post_content_style":"","_kad_post_vertical_padding":"","_kad_post_feature":"","_kad_post_feature_position":"","_kad_post_header":false,"_kad_post_footer":false,"_kad_post_classname":"","footnotes":""},"categories":[8],"tags":[1667,1565,24,1670,1666,1665,1564,1669,1668],"class_list":["post-8926","post","type-post","status-publish","format-standard","has-post-thumbnail","hentry","category-formations-adultes","tag-ale-abreu","tag-bretislav-pojar","tag-ecole-et-cinema","tag-gem-groupe-de-musique-experimentale","tag-le-garcon-et-le-monde","tag-meuse","tag-monsieur-et-monsieur","tag-nana-vasconcelos","tag-passo"],"_links":{"self":[{"href":"https:\/\/lafilledecorinthe.com\/wordpress\/wp-json\/wp\/v2\/posts\/8926","targetHints":{"allow":["GET"]}}],"collection":[{"href":"https:\/\/lafilledecorinthe.com\/wordpress\/wp-json\/wp\/v2\/posts"}],"about":[{"href":"https:\/\/lafilledecorinthe.com\/wordpress\/wp-json\/wp\/v2\/types\/post"}],"author":[{"embeddable":true,"href":"https:\/\/lafilledecorinthe.com\/wordpress\/wp-json\/wp\/v2\/users\/2"}],"replies":[{"embeddable":true,"href":"https:\/\/lafilledecorinthe.com\/wordpress\/wp-json\/wp\/v2\/comments?post=8926"}],"version-history":[{"count":19,"href":"https:\/\/lafilledecorinthe.com\/wordpress\/wp-json\/wp\/v2\/posts\/8926\/revisions"}],"predecessor-version":[{"id":8932,"href":"https:\/\/lafilledecorinthe.com\/wordpress\/wp-json\/wp\/v2\/posts\/8926\/revisions\/8932"}],"wp:featuredmedia":[{"embeddable":true,"href":"https:\/\/lafilledecorinthe.com\/wordpress\/wp-json\/wp\/v2\/media\/8927"}],"wp:attachment":[{"href":"https:\/\/lafilledecorinthe.com\/wordpress\/wp-json\/wp\/v2\/media?parent=8926"}],"wp:term":[{"taxonomy":"category","embeddable":true,"href":"https:\/\/lafilledecorinthe.com\/wordpress\/wp-json\/wp\/v2\/categories?post=8926"},{"taxonomy":"post_tag","embeddable":true,"href":"https:\/\/lafilledecorinthe.com\/wordpress\/wp-json\/wp\/v2\/tags?post=8926"}],"curies":[{"name":"wp","href":"https:\/\/api.w.org\/{rel}","templated":true}]}}