{"id":8903,"date":"2018-03-21T18:19:28","date_gmt":"2018-03-21T17:19:28","guid":{"rendered":"http:\/\/lafilledecorinthe.com\/wordpress\/?p=8903"},"modified":"2025-12-06T20:53:53","modified_gmt":"2025-12-06T19:53:53","slug":"parcours-de-formation-en-creche-avec-cinemas-93","status":"publish","type":"post","link":"https:\/\/lafilledecorinthe.com\/wordpress\/2018\/03\/parcours-de-formation-en-creche-avec-cinemas-93\/","title":{"rendered":"\u00ab\u00a0Parcours de formation en cr\u00e8che\u00a0\u00bb avec Cin\u00e9mas 93"},"content":{"rendered":"<p><em>\u00ab\u00a0Chanter, lire des livres, danser, peindre, dessiner, photographier, filmer &#8230; tout autant que manger, dormir, bouger, toucher, caresser, babiller, &#8230; pour rire, jouer, r\u00e9fl\u00e9chir, pleurer, lier, d\u00e9lier, cultiver notre \u00eatre vivant &#8230; pour\u00a0d\u00e9couvrir, imaginer, penser, vivre&#8230; pour habiter et repr\u00e9senter le monde, pour lire le monde&#8230; et donner sens avec tous ses sens. Pour cultiver le lien \u00e0 soi et aux autres.\u00a0\u00bb\u00a0 \u00a0 \u00a0 \u00a0 \u00a0 \u00a0 \u00a0 \u00a0 \u00a0 \u00a0 \u00a0 \u00a0 \u00a0 \u00a0 \u00a0 \u00a0 \u00a0 \u00a0 \u00a0 \u00a0 \u00a0 \u00a0 \u00a0 \u00a0 \u00a0 \u00a0 \u00a0 \u00a0 \u00a0 \u00a0 \u00a0 \u00a0 \u00a0 \u00a0 \u00a0 \u00a0 \u00a0 \u00a0 \u00a0 \u00a0<\/em>Extrait du rapport Giampino au gouvernement le 9 mai 2017, \u00ab\u00a0D\u00e9veloppement jeune enfant\u00a0&#8211; Modes d&rsquo;accueil, formation des professionnels\u00a0\u00bb<\/p>\n<p>Le parcours de formation initi\u00e9 l&rsquo;an dernier \u00e0 la <a title=\"\u00ab\u00a0Entre ombre et lumi\u00e8re\u00a0\u00bb \u00e0 la cr\u00e8che Saint-Leu de Villetaneuse\" href=\"https:\/\/lafilledecorinthe.com\/wordpress\/2017\/04\/entre-ombre-et-lumiere-a-la-creche-saint-leu\/\">cr\u00e8che Saint-Leu<\/a> de Villetaneuse a \u00e9t\u00e9 propos\u00e9 cette ann\u00e9e \u00e0 l&rsquo;\u00e9quipe de la cr\u00e8che d\u00e9partementale Dugny. L&rsquo;ensemble du personnel s&rsquo;est retrouv\u00e9 le 16 mars au cin\u00e9ma Andr\u00e9 Malraux du Bourget pour rencontrer Doris Gruel, repr\u00e9sentante du distributeur <a href=\"http:\/\/www.kmbofilms.com\/jeune-public\" target=\"_blank\" rel=\"noopener\">KMBO<\/a>. Des projections de courts m\u00e9trages et des \u00e9changes ont ponctu\u00e9 cette matin\u00e9e riche en d\u00e9couvertes.<\/p>\n<figure id=\"attachment_8907\" aria-describedby=\"caption-attachment-8907\" style=\"width: 450px\" class=\"wp-caption aligncenter\"><a href=\"https:\/\/lafilledecorinthe.com\/wordpress\/wp-content\/uploads\/2018\/03\/LPF.jpg\"><img loading=\"lazy\" decoding=\"async\" class=\"wp-image-8907\" src=\"https:\/\/lafilledecorinthe.com\/wordpress\/wp-content\/uploads\/2018\/03\/LPF-1280x720.jpg\" alt=\"LPF\" width=\"450\" height=\"253\" srcset=\"https:\/\/lafilledecorinthe.com\/wordpress\/wp-content\/uploads\/2018\/03\/LPF.jpg 1280w, https:\/\/lafilledecorinthe.com\/wordpress\/wp-content\/uploads\/2018\/03\/LPF-680x383.jpg 680w, https:\/\/lafilledecorinthe.com\/wordpress\/wp-content\/uploads\/2018\/03\/LPF-500x281.jpg 500w\" sizes=\"auto, (max-width: 450px) 100vw, 450px\" \/><\/a><figcaption id=\"caption-attachment-8907\" class=\"wp-caption-text\">\u00ab\u00a0La Cr\u00e9ation\u00a0\u00bb de Cristina Lastrego et Francesco Testa, Italie, 2010, 10\u2019<\/figcaption><\/figure>\n<p>L&rsquo;apr\u00e8s-midi \u00e9tait consacr\u00e9 \u00e0 la r\u00e9flexion sur l&rsquo;\u00e9laboration d&rsquo;un programme pour les tout-petits. Merci \u00e0 Xavier Grizon de son invitation \u00e0 venir pr\u00e9senter un coup de coeur !\u00a0 \u00a0 \u00a0 \u00a0 \u00a0 Beaucoup de plaisir \u00e0 partager\u00a0sur le tr\u00e8s beau court m\u00e9trage de Uzi et Lotta Geffenblad,\u00a0 <em>Les cadeaux d&rsquo;Aston<\/em>&#8230;<\/p>\n<figure id=\"attachment_8910\" aria-describedby=\"caption-attachment-8910\" style=\"width: 450px\" class=\"wp-caption aligncenter\"><a href=\"https:\/\/lafilledecorinthe.com\/wordpress\/wp-content\/uploads\/2018\/03\/plongeoir.jpg\"><img loading=\"lazy\" decoding=\"async\" class=\"wp-image-8910\" src=\"https:\/\/lafilledecorinthe.com\/wordpress\/wp-content\/uploads\/2018\/03\/plongeoir-1280x723.jpg\" alt=\"plongeoir\" width=\"450\" height=\"254\" srcset=\"https:\/\/lafilledecorinthe.com\/wordpress\/wp-content\/uploads\/2018\/03\/plongeoir-1280x723.jpg 1280w, https:\/\/lafilledecorinthe.com\/wordpress\/wp-content\/uploads\/2018\/03\/plongeoir-680x384.jpg 680w, https:\/\/lafilledecorinthe.com\/wordpress\/wp-content\/uploads\/2018\/03\/plongeoir-500x282.jpg 500w, https:\/\/lafilledecorinthe.com\/wordpress\/wp-content\/uploads\/2018\/03\/plongeoir.jpg 2048w\" sizes=\"auto, (max-width: 450px) 100vw, 450px\" \/><\/a><figcaption id=\"caption-attachment-8910\" class=\"wp-caption-text\">\u00ab\u00a0Les cadeaux d&rsquo;Aston\u00a0\u00bb de Uzi et Lotta Geffenblad, Su\u00e8de, 2012, 9&prime;<\/figcaption><\/figure>\n<p>A l&rsquo;issue de cette journ\u00e9e, l&rsquo;\u00e9quipe s&rsquo;est constitu\u00e9e en diff\u00e9rents groupes pour \u00e9laborer un temps de restitution \u00e0 destination des enfants et de leur famille : constituer un programme de courts m\u00e9trages \u00e0 projeter, am\u00e9nager un espace pour la projection et&#8230; pr\u00e9parer un spectacle d&rsquo;ombres&#8230;\u00a0\u00a0Work in progress !<\/p>\n<figure id=\"attachment_8914\" aria-describedby=\"caption-attachment-8914\" style=\"width: 450px\" class=\"wp-caption aligncenter\"><a href=\"https:\/\/lafilledecorinthe.com\/wordpress\/wp-content\/uploads\/2018\/03\/1.jpg\"><img loading=\"lazy\" decoding=\"async\" class=\"wp-image-8914\" src=\"https:\/\/lafilledecorinthe.com\/wordpress\/wp-content\/uploads\/2018\/03\/1-1280x985.jpg\" alt=\"1\" width=\"450\" height=\"346\" srcset=\"https:\/\/lafilledecorinthe.com\/wordpress\/wp-content\/uploads\/2018\/03\/1-1280x985.jpg 1280w, https:\/\/lafilledecorinthe.com\/wordpress\/wp-content\/uploads\/2018\/03\/1-680x523.jpg 680w, https:\/\/lafilledecorinthe.com\/wordpress\/wp-content\/uploads\/2018\/03\/1-390x300.jpg 390w\" sizes=\"auto, (max-width: 450px) 100vw, 450px\" \/><\/a><figcaption id=\"caption-attachment-8914\" class=\"wp-caption-text\">S\u00e9ance du 20 f\u00e9vrier 2018<\/figcaption><\/figure>\n<figure id=\"attachment_8916\" aria-describedby=\"caption-attachment-8916\" style=\"width: 450px\" class=\"wp-caption aligncenter\"><a href=\"https:\/\/lafilledecorinthe.com\/wordpress\/wp-content\/uploads\/2018\/03\/3.jpg\"><img loading=\"lazy\" decoding=\"async\" class=\"wp-image-8916\" src=\"https:\/\/lafilledecorinthe.com\/wordpress\/wp-content\/uploads\/2018\/03\/3-1280x960.jpg\" alt=\"3\" width=\"450\" height=\"338\" srcset=\"https:\/\/lafilledecorinthe.com\/wordpress\/wp-content\/uploads\/2018\/03\/3-1280x960.jpg 1280w, https:\/\/lafilledecorinthe.com\/wordpress\/wp-content\/uploads\/2018\/03\/3-680x510.jpg 680w, https:\/\/lafilledecorinthe.com\/wordpress\/wp-content\/uploads\/2018\/03\/3-400x300.jpg 400w\" sizes=\"auto, (max-width: 450px) 100vw, 450px\" \/><\/a><figcaption id=\"caption-attachment-8916\" class=\"wp-caption-text\">S\u00e9ance du 23 f\u00e9vrier 2018<\/figcaption><\/figure>\n<figure id=\"attachment_8917\" aria-describedby=\"caption-attachment-8917\" style=\"width: 450px\" class=\"wp-caption aligncenter\"><a href=\"https:\/\/lafilledecorinthe.com\/wordpress\/wp-content\/uploads\/2018\/03\/4.jpg\"><img loading=\"lazy\" decoding=\"async\" class=\"wp-image-8917\" src=\"https:\/\/lafilledecorinthe.com\/wordpress\/wp-content\/uploads\/2018\/03\/4-1280x960.jpg\" alt=\"4\" width=\"450\" height=\"338\" srcset=\"https:\/\/lafilledecorinthe.com\/wordpress\/wp-content\/uploads\/2018\/03\/4-1280x960.jpg 1280w, https:\/\/lafilledecorinthe.com\/wordpress\/wp-content\/uploads\/2018\/03\/4-680x510.jpg 680w, https:\/\/lafilledecorinthe.com\/wordpress\/wp-content\/uploads\/2018\/03\/4-400x300.jpg 400w\" sizes=\"auto, (max-width: 450px) 100vw, 450px\" \/><\/a><figcaption id=\"caption-attachment-8917\" class=\"wp-caption-text\">S\u00e9ance du 23 f\u00e9vrier 2018<\/figcaption><\/figure>\n","protected":false},"excerpt":{"rendered":"<p>\u00ab\u00a0Chanter, lire des livres, danser, peindre, dessiner, photographier, filmer &#8230; tout autant que manger, dormir, bouger, toucher, caresser, babiller, &#8230; pour rire, jouer, r\u00e9fl\u00e9chir, pleurer, lier, d\u00e9lier, cultiver notre \u00eatre vivant &#8230; pour\u00a0d\u00e9couvrir, imaginer, penser, vivre&#8230; pour habiter et repr\u00e9senter le monde, pour lire le monde&#8230; et donner sens avec tous ses sens. Pour cultiver&#8230;<\/p>\n","protected":false},"author":2,"featured_media":14794,"comment_status":"open","ping_status":"open","sticky":false,"template":"","format":"standard","meta":{"_kad_post_transparent":"","_kad_post_title":"","_kad_post_layout":"","_kad_post_sidebar_id":"","_kad_post_content_style":"","_kad_post_vertical_padding":"","_kad_post_feature":"","_kad_post_feature_position":"","_kad_post_header":false,"_kad_post_footer":false,"_kad_post_classname":"","footnotes":""},"categories":[8],"tags":[603,1659,1661,1660,626,1328,1664,1663,303,1662],"class_list":["post-8903","post","type-post","status-publish","format-standard","has-post-thumbnail","hentry","category-formations-adultes","tag-cinemas-93","tag-creche","tag-doris-gruel","tag-dugny","tag-kmbo","tag-les-cadeaux-daston","tag-rapport-giampino","tag-spectacle-dombres","tag-uzi-et-lotta-geffenblad","tag-xavier-grizon"],"_links":{"self":[{"href":"https:\/\/lafilledecorinthe.com\/wordpress\/wp-json\/wp\/v2\/posts\/8903","targetHints":{"allow":["GET"]}}],"collection":[{"href":"https:\/\/lafilledecorinthe.com\/wordpress\/wp-json\/wp\/v2\/posts"}],"about":[{"href":"https:\/\/lafilledecorinthe.com\/wordpress\/wp-json\/wp\/v2\/types\/post"}],"author":[{"embeddable":true,"href":"https:\/\/lafilledecorinthe.com\/wordpress\/wp-json\/wp\/v2\/users\/2"}],"replies":[{"embeddable":true,"href":"https:\/\/lafilledecorinthe.com\/wordpress\/wp-json\/wp\/v2\/comments?post=8903"}],"version-history":[{"count":16,"href":"https:\/\/lafilledecorinthe.com\/wordpress\/wp-json\/wp\/v2\/posts\/8903\/revisions"}],"predecessor-version":[{"id":14793,"href":"https:\/\/lafilledecorinthe.com\/wordpress\/wp-json\/wp\/v2\/posts\/8903\/revisions\/14793"}],"wp:featuredmedia":[{"embeddable":true,"href":"https:\/\/lafilledecorinthe.com\/wordpress\/wp-json\/wp\/v2\/media\/14794"}],"wp:attachment":[{"href":"https:\/\/lafilledecorinthe.com\/wordpress\/wp-json\/wp\/v2\/media?parent=8903"}],"wp:term":[{"taxonomy":"category","embeddable":true,"href":"https:\/\/lafilledecorinthe.com\/wordpress\/wp-json\/wp\/v2\/categories?post=8903"},{"taxonomy":"post_tag","embeddable":true,"href":"https:\/\/lafilledecorinthe.com\/wordpress\/wp-json\/wp\/v2\/tags?post=8903"}],"curies":[{"name":"wp","href":"https:\/\/api.w.org\/{rel}","templated":true}]}}