{"id":882,"date":"2012-06-06T10:18:00","date_gmt":"2012-06-06T09:18:00","guid":{"rendered":"http:\/\/lafilledecorinthe.com\/wordpress\/?p=882"},"modified":"2025-12-10T18:43:47","modified_gmt":"2025-12-10T17:43:47","slug":"felice-varini-entre-asnieres-et-gennevilliers","status":"publish","type":"post","link":"https:\/\/lafilledecorinthe.com\/wordpress\/2012\/06\/felice-varini-entre-asnieres-et-gennevilliers\/","title":{"rendered":"Felice Varini, entre Asni\u00e8res et Gennevilliers"},"content":{"rendered":"\n<p>L&rsquo;art contemporain est au bout de la ligne 13, station Gabriel P\u00e9ri plus exactement. D\u00e8s la sortie du m\u00e9tro, vous \u00eates accueillis par les fl\u00e8ches con\u00e7ues par Daniel Buren qui tels les cailloux blancs du Petit Poucet vous conduisent devant le th\u00e9\u00e2tre de Gennevilliers.<\/p>\n\n\n<div class=\"wp-block-image\">\n<figure class=\"aligncenter size-medium\"><a href=\"https:\/\/lafilledecorinthe.com\/wordpress\/wp-content\/uploads\/2012\/06\/P1040764.jpg\"><img loading=\"lazy\" decoding=\"async\" width=\"680\" height=\"510\" src=\"https:\/\/lafilledecorinthe.com\/wordpress\/wp-content\/uploads\/2012\/06\/P1040764-680x510.jpg\" alt=\"\" class=\"wp-image-884\" srcset=\"https:\/\/lafilledecorinthe.com\/wordpress\/wp-content\/uploads\/2012\/06\/P1040764-680x510.jpg 680w, https:\/\/lafilledecorinthe.com\/wordpress\/wp-content\/uploads\/2012\/06\/P1040764-400x300.jpg 400w, https:\/\/lafilledecorinthe.com\/wordpress\/wp-content\/uploads\/2012\/06\/P1040764.jpg 800w\" sizes=\"auto, (max-width: 680px) 100vw, 680px\" \/><\/a><figcaption class=\"wp-element-caption\">Fl\u00e8che Buren<\/figcaption><\/figure>\n<\/div>\n\n\n<p>Les fa\u00e7ades de l&rsquo;avenue des Gr\u00e9sillons sont \u00e9tranges, des fragments rouges sont coll\u00e9s ici et l\u00e0 sans ordre apparent.<\/p>\n\n\n<div class=\"wp-block-image\">\n<figure class=\"aligncenter size-medium\"><a href=\"https:\/\/lafilledecorinthe.com\/wordpress\/wp-content\/uploads\/2012\/06\/P1040780.jpg\"><img loading=\"lazy\" decoding=\"async\" width=\"680\" height=\"510\" src=\"https:\/\/lafilledecorinthe.com\/wordpress\/wp-content\/uploads\/2012\/06\/P1040780-680x510.jpg\" alt=\"\" class=\"wp-image-885\" srcset=\"https:\/\/lafilledecorinthe.com\/wordpress\/wp-content\/uploads\/2012\/06\/P1040780-680x510.jpg 680w, https:\/\/lafilledecorinthe.com\/wordpress\/wp-content\/uploads\/2012\/06\/P1040780-400x300.jpg 400w, https:\/\/lafilledecorinthe.com\/wordpress\/wp-content\/uploads\/2012\/06\/P1040780.jpg 800w\" sizes=\"auto, (max-width: 680px) 100vw, 680px\" \/><\/a><figcaption class=\"wp-element-caption\">Avenue des Gr\u00e9sillons fragment \u00a0\u00bb six arcs en sc\u00e8ne \u00a0\u00bb de Varini<\/figcaption><\/figure>\n<\/div>\n\n<div class=\"wp-block-image\">\n<figure class=\"aligncenter size-medium\"><a href=\"https:\/\/lafilledecorinthe.com\/wordpress\/wp-content\/uploads\/2012\/06\/P1040775.jpg\"><img loading=\"lazy\" decoding=\"async\" width=\"510\" height=\"680\" src=\"https:\/\/lafilledecorinthe.com\/wordpress\/wp-content\/uploads\/2012\/06\/P1040775-510x680.jpg\" alt=\"\" class=\"wp-image-887\" srcset=\"https:\/\/lafilledecorinthe.com\/wordpress\/wp-content\/uploads\/2012\/06\/P1040775-510x680.jpg 510w, https:\/\/lafilledecorinthe.com\/wordpress\/wp-content\/uploads\/2012\/06\/P1040775-225x300.jpg 225w, https:\/\/lafilledecorinthe.com\/wordpress\/wp-content\/uploads\/2012\/06\/P1040775.jpg 600w\" sizes=\"auto, (max-width: 510px) 100vw, 510px\" \/><\/a><figcaption class=\"wp-element-caption\">Avenue des Gr\u00e9sillons fragment \u00a0\u00bb six arcs en sc\u00e8ne \u00a0\u00bb de Varini<\/figcaption><\/figure>\n<\/div>\n\n\n<p>F\u00e9lice Varini a peint une forme, six arcs de cercle rouges, en utilisant l&rsquo;espace urbain comme support. Il inverse la d\u00e9marche des peintres de la Renaissance. Ceux-ci cherchaient \u00e0 repr\u00e9senter sur une surface plane un espace tridimensionnel en utilisant les lois de la perspective.<\/p>\n\n\n<div class=\"wp-block-image\">\n<figure class=\"aligncenter size-medium\"><a href=\"https:\/\/lafilledecorinthe.com\/wordpress\/wp-content\/uploads\/2012\/06\/archi-imaginaire-XVII-holland.jpg\"><img loading=\"lazy\" decoding=\"async\" width=\"680\" height=\"462\" src=\"https:\/\/lafilledecorinthe.com\/wordpress\/wp-content\/uploads\/2012\/06\/archi-imaginaire-XVII-holland-680x462.jpg\" alt=\"\" class=\"wp-image-897\" srcset=\"https:\/\/lafilledecorinthe.com\/wordpress\/wp-content\/uploads\/2012\/06\/archi-imaginaire-XVII-holland-680x462.jpg 680w, https:\/\/lafilledecorinthe.com\/wordpress\/wp-content\/uploads\/2012\/06\/archi-imaginaire-XVII-holland-441x300.jpg 441w, https:\/\/lafilledecorinthe.com\/wordpress\/wp-content\/uploads\/2012\/06\/archi-imaginaire-XVII-holland.jpg 800w\" sizes=\"auto, (max-width: 680px) 100vw, 680px\" \/><\/a><figcaption class=\"wp-element-caption\">\u00e9cole hollandaise du XVII e si\u00e8cle blog de Gilles Chambon&nbsp; &nbsp; &nbsp; &nbsp; &nbsp; &nbsp; &nbsp; &nbsp; &nbsp; &nbsp; &nbsp; &nbsp; &nbsp; &nbsp; &nbsp; &nbsp; &nbsp; &nbsp; &nbsp; &nbsp; &nbsp; &nbsp; &nbsp; &nbsp; &nbsp; &nbsp; &nbsp; &nbsp; &nbsp; &nbsp; &nbsp; &nbsp; &nbsp; &nbsp; &nbsp; &nbsp; &nbsp; &nbsp; &nbsp; &nbsp; &nbsp; &nbsp; &nbsp; &nbsp; &nbsp; &nbsp; &nbsp; &nbsp; &nbsp; &nbsp; &nbsp; &nbsp; &nbsp; &nbsp; &nbsp; &nbsp; &nbsp; &nbsp; &nbsp; &nbsp; &nbsp; &nbsp; &nbsp; &nbsp; &nbsp; &nbsp; &nbsp;&nbsp;<\/figcaption><\/figure>\n<\/div>\n\n\n<p>Varini, lui, veut donner l&rsquo;impression d&rsquo;une forme \u00e0 deux dimensions sur un support r\u00e9el \u00e0 trois dimensions. Il y parvient en utilisant un point de vue unique que l&rsquo;on peut comparer \u00e0 l&rsquo;oeil photographique. O\u00f9 s&rsquo;est-il plac\u00e9 pour projeter sa forme dans l&rsquo;espace ? Le jeu peut commencer, trouver le point de vue qui va rendre coh\u00e9rents les fragments \u00e9pars. Si le point de vue \u00e0 trouver est fixe, le corps du spectateur est en mouvement, il ex\u00e9cute un v\u00e9ritable ballet pour ajuster position et vision. Mais quelle jubilation quand la forme s&rsquo;impose \u00e0 nos yeux !<\/p>\n\n\n<div class=\"wp-block-image\">\n<figure class=\"aligncenter\"><a href=\"https:\/\/lafilledecorinthe.com\/wordpress\/wp-content\/uploads\/2012\/06\/P1040783.jpg\"><img loading=\"lazy\" decoding=\"async\" width=\"680\" height=\"457\" src=\"https:\/\/lafilledecorinthe.com\/wordpress\/wp-content\/uploads\/2012\/06\/P1040783-680x457.jpg\" alt=\"\" class=\"wp-image-886\" srcset=\"https:\/\/lafilledecorinthe.com\/wordpress\/wp-content\/uploads\/2012\/06\/P1040783-680x457.jpg 680w, https:\/\/lafilledecorinthe.com\/wordpress\/wp-content\/uploads\/2012\/06\/P1040783-446x300.jpg 446w, https:\/\/lafilledecorinthe.com\/wordpress\/wp-content\/uploads\/2012\/06\/P1040783.jpg 800w\" sizes=\"auto, (max-width: 680px) 100vw, 680px\" \/><\/a><figcaption class=\"wp-element-caption\">\u00ab\u00a0Six arcs en sc\u00e8ne\u00a0\u00bb de Varini photo prise le 5 juin 2012<\/figcaption><\/figure>\n<\/div>\n\n\n<p>Voici la photo m\u00e9moire de l&rsquo;exp\u00e9rience, je vais utiliser son imperfection pour vous proposer un autre jeu que j&rsquo;affectionne, le jeu des diff\u00e9rences avec la photo officielle !<\/p>\n\n\n<div class=\"wp-block-image\">\n<figure class=\"aligncenter\"><a href=\"https:\/\/lafilledecorinthe.com\/wordpress\/wp-content\/uploads\/2012\/06\/a-001.jpg\"><img loading=\"lazy\" decoding=\"async\" width=\"680\" height=\"484\" src=\"https:\/\/lafilledecorinthe.com\/wordpress\/wp-content\/uploads\/2012\/06\/a-001-680x484.jpg\" alt=\"\" class=\"wp-image-883\" srcset=\"https:\/\/lafilledecorinthe.com\/wordpress\/wp-content\/uploads\/2012\/06\/a-001-680x484.jpg 680w, https:\/\/lafilledecorinthe.com\/wordpress\/wp-content\/uploads\/2012\/06\/a-001-421x300.jpg 421w, https:\/\/lafilledecorinthe.com\/wordpress\/wp-content\/uploads\/2012\/06\/a-001.jpg 1000w\" sizes=\"auto, (max-width: 680px) 100vw, 680px\" \/><\/a><figcaption class=\"wp-element-caption\">Six arcs en sc\u00e8ne de Felice Varini Photo Andr\u00e9 Morin<\/figcaption><\/figure>\n<\/div>\n\n\n<p>Apr\u00e8s le plaisir du jeu, l&rsquo;envie de mieux conna\u00eetre l&rsquo;<a href=\"http:\/\/www.varini.org\/\" target=\"_blank\" rel=\"noopener\">artiste<\/a> et les diff\u00e9rentes \u00e9tapes de son projet s&rsquo;impose. Le site du <a href=\"http:\/\/www.theatre2gennevilliers.com\/2011-12\/fr\/programme\/261-felice-varini.html\" target=\"_blank\" rel=\"noopener\">T2G<\/a> met \u00e0 notre disposition une riche documentation visuelle.<\/p>\n\n\n\n<p>Ne quittez pas l&rsquo;avenue des Gr\u00e9sillons sans p\u00e9n\u00e9trer \u00e0 l&rsquo;int\u00e9rieur du th\u00e9\u00e2tre, le food&rsquo;art est ferm\u00e9 jusqu&rsquo;en juillet mais des nourritures spirituelles vous attendent au premier \u00e9tage. Depuis son arriv\u00e9e \u00e0 la direction du th\u00e9\u00e2tre, Pascal Rambert entretient un lien fort avec les arts plastiques en invitant notamment&nbsp;des photographes \u00e0 accompagner sa saison culturelle. Supports de communication, les photographies de Val\u00e9rie <a href=\"http:\/\/www.theatre2gennevilliers.com\/2012-13\/fr\/le-lieu-la-ville\/images--valerie-jouve\" target=\"_blank\" rel=\"noopener\">Jouve<\/a> puis de Nan <a href=\"http:\/\/www.theatre2gennevilliers.com\/2011-12\/fr\/le-lieu-la-ville\/la-photo-du-mois--nan-goldin.html\" target=\"_blank\" rel=\"noopener\">Goldin<\/a> ont fleuri dans la ville au lancement de chaque nouvelle saison depuis 2007. Certaines de ces photographies sont expos\u00e9es \u00e0 l&rsquo;int\u00e9rieur du th\u00e9\u00e2tre, \u00e0 d\u00e9couvrir ou \u00e0 revoir !<\/p>\n\n\n<div class=\"wp-block-image\">\n<figure class=\"aligncenter size-medium\"><a href=\"https:\/\/lafilledecorinthe.com\/wordpress\/wp-content\/uploads\/2012\/06\/P1040768.jpg\"><img loading=\"lazy\" decoding=\"async\" width=\"510\" height=\"680\" src=\"https:\/\/lafilledecorinthe.com\/wordpress\/wp-content\/uploads\/2012\/06\/P1040768-510x680.jpg\" alt=\"\" class=\"wp-image-904\" srcset=\"https:\/\/lafilledecorinthe.com\/wordpress\/wp-content\/uploads\/2012\/06\/P1040768-510x680.jpg 510w, https:\/\/lafilledecorinthe.com\/wordpress\/wp-content\/uploads\/2012\/06\/P1040768-225x300.jpg 225w, https:\/\/lafilledecorinthe.com\/wordpress\/wp-content\/uploads\/2012\/06\/P1040768.jpg 600w\" sizes=\"auto, (max-width: 510px) 100vw, 510px\" \/><\/a><figcaption class=\"wp-element-caption\">Photos de Val\u00e9rie Jouve au T2G<\/figcaption><\/figure>\n<\/div>\n\n<div class=\"wp-block-image\">\n<figure class=\"aligncenter size-medium\"><a href=\"https:\/\/lafilledecorinthe.com\/wordpress\/wp-content\/uploads\/2012\/06\/P1040769.jpg\"><img loading=\"lazy\" decoding=\"async\" width=\"680\" height=\"510\" src=\"https:\/\/lafilledecorinthe.com\/wordpress\/wp-content\/uploads\/2012\/06\/P1040769-680x510.jpg\" alt=\"\" class=\"wp-image-905\" srcset=\"https:\/\/lafilledecorinthe.com\/wordpress\/wp-content\/uploads\/2012\/06\/P1040769-680x510.jpg 680w, https:\/\/lafilledecorinthe.com\/wordpress\/wp-content\/uploads\/2012\/06\/P1040769-400x300.jpg 400w, https:\/\/lafilledecorinthe.com\/wordpress\/wp-content\/uploads\/2012\/06\/P1040769.jpg 800w\" sizes=\"auto, (max-width: 680px) 100vw, 680px\" \/><\/a><figcaption class=\"wp-element-caption\">Photos de Nan Goldin au T2G&nbsp;<\/figcaption><\/figure>\n<\/div>\n\n\n<p>&nbsp;<\/p>\n","protected":false},"excerpt":{"rendered":"<p>L&rsquo;art contemporain est au bout de la ligne 13, station Gabriel P\u00e9ri plus exactement. D\u00e8s la sortie du m\u00e9tro, vous \u00eates accueillis par les fl\u00e8ches con\u00e7ues par Daniel Buren qui tels les cailloux blancs du Petit Poucet vous conduisent devant le th\u00e9\u00e2tre de Gennevilliers. Les fa\u00e7ades de l&rsquo;avenue des Gr\u00e9sillons sont \u00e9tranges, des fragments rouges&#8230;<\/p>\n","protected":false},"author":2,"featured_media":889,"comment_status":"open","ping_status":"open","sticky":false,"template":"","format":"standard","meta":{"_kad_post_transparent":"","_kad_post_title":"","_kad_post_layout":"","_kad_post_sidebar_id":"","_kad_post_content_style":"","_kad_post_vertical_padding":"","_kad_post_feature":"","_kad_post_feature_position":"","_kad_post_header":false,"_kad_post_footer":false,"_kad_post_classname":"","footnotes":""},"categories":[6,14],"tags":[121,124,125,122,128,126,77,90,123,127,120],"class_list":["post-882","post","type-post","status-publish","format-standard","has-post-thumbnail","hentry","category-blog","category-decouvertes-artistes","tag-asnieres","tag-avenue-des-gresillons","tag-buren","tag-gennevilliers","tag-nan-goldin","tag-perpective","tag-point-de-vue","tag-street-art","tag-t2g","tag-valerie-jouve","tag-varini"],"_links":{"self":[{"href":"https:\/\/lafilledecorinthe.com\/wordpress\/wp-json\/wp\/v2\/posts\/882","targetHints":{"allow":["GET"]}}],"collection":[{"href":"https:\/\/lafilledecorinthe.com\/wordpress\/wp-json\/wp\/v2\/posts"}],"about":[{"href":"https:\/\/lafilledecorinthe.com\/wordpress\/wp-json\/wp\/v2\/types\/post"}],"author":[{"embeddable":true,"href":"https:\/\/lafilledecorinthe.com\/wordpress\/wp-json\/wp\/v2\/users\/2"}],"replies":[{"embeddable":true,"href":"https:\/\/lafilledecorinthe.com\/wordpress\/wp-json\/wp\/v2\/comments?post=882"}],"version-history":[{"count":26,"href":"https:\/\/lafilledecorinthe.com\/wordpress\/wp-json\/wp\/v2\/posts\/882\/revisions"}],"predecessor-version":[{"id":15543,"href":"https:\/\/lafilledecorinthe.com\/wordpress\/wp-json\/wp\/v2\/posts\/882\/revisions\/15543"}],"wp:featuredmedia":[{"embeddable":true,"href":"https:\/\/lafilledecorinthe.com\/wordpress\/wp-json\/wp\/v2\/media\/889"}],"wp:attachment":[{"href":"https:\/\/lafilledecorinthe.com\/wordpress\/wp-json\/wp\/v2\/media?parent=882"}],"wp:term":[{"taxonomy":"category","embeddable":true,"href":"https:\/\/lafilledecorinthe.com\/wordpress\/wp-json\/wp\/v2\/categories?post=882"},{"taxonomy":"post_tag","embeddable":true,"href":"https:\/\/lafilledecorinthe.com\/wordpress\/wp-json\/wp\/v2\/tags?post=882"}],"curies":[{"name":"wp","href":"https:\/\/api.w.org\/{rel}","templated":true}]}}