{"id":8668,"date":"2017-12-27T22:16:21","date_gmt":"2017-12-27T21:16:21","guid":{"rendered":"http:\/\/lafilledecorinthe.com\/wordpress\/?p=8668"},"modified":"2025-12-09T15:58:09","modified_gmt":"2025-12-09T14:58:09","slug":"henri-georges-clouzot-un-realisateur-en-oeuvres","status":"publish","type":"post","link":"https:\/\/lafilledecorinthe.com\/wordpress\/2017\/12\/henri-georges-clouzot-un-realisateur-en-oeuvres\/","title":{"rendered":"Henri-Georges Clouzot, un r\u00e9alisateur en oeuvres"},"content":{"rendered":"\n<p>Quarante ans apr\u00e8s sa mort, Henri-Georges Clouzot&nbsp;est de retour dans sa ville natale. En \u00e9cho \u00e0 l&rsquo;exposition organis\u00e9e par son oncle au mus\u00e9e Galliera en 1924, <em>L&rsquo;art dans le cin\u00e9ma fran\u00e7ais<\/em>, l&rsquo;exposition du mus\u00e9e Bernard d&rsquo;Agesci de Niort c\u00e9l\u00e8bre l&rsquo;art visuel&nbsp;en lien avec&nbsp;trois films cultes de la&nbsp;derni\u00e8re p\u00e9riode du r\u00e9alisateur :&nbsp;<em>Le Myst\u00e8re Picasso<\/em>, <em>L&rsquo;Enfer<\/em> et <em>La Prisonni\u00e8re<\/em>.<\/p>\n\n\n\n<p><em>\u00ab\u00a0Je ne suis pas un litt\u00e9raire. On le dit, mais c&rsquo;est faux. Quand je commence \u00e0 raconter une histoire, c&rsquo;est toujours en partant d&rsquo;un choc visuel subi, pour aboutir \u00e0 un choc r\u00e9invent\u00e9, \u00e0 une image d\u00e9form\u00e9e et quelquefois, je l&rsquo;esp\u00e8re, efficace.\u00a0\u00bb\u00a0 \u00a0 \u00a0 \u00a0 \u00a0 \u00a0 \u00a0 \u00a0 \u00a0 \u00a0 \u00a0 \u00a0 \u00a0 \u00a0 \u00a0 \u00a0 \u00a0 \u00a0 \u00a0 \u00a0 \u00a0 \u00a0 \u00a0 \u00a0 \u00a0 \u00a0 \u00a0 \u00a0 \u00a0 \u00a0 \u00a0 \u00a0 \u00a0 \u00a0 \u00a0 \u00a0 \u00a0 \u00a0<\/em>H-G<em>\u00a0<\/em>Clouzot \u00e0 Andr\u00e9 Parinaud, Arts, n\u00b0 552<\/p>\n\n\n\n<p>Ce d\u00e9sir de donner \u00e0 voir les images mentales qui l&rsquo;obs\u00e8dent est une constante dans l&rsquo;oeuvre du cin\u00e9aste. Cette&nbsp;pr\u00e9occupation est-elle \u00e0 l&rsquo;origine de sa collaboration avec Pablo Picasso ? Le prologue du <em>Myst\u00e8re Picasso<\/em>&nbsp;pr\u00e9sent dans l&rsquo;exposition permet de le supposer&#8230; \u00ab\u00a0<em>On donnerait cher pour savoir ce qui s&rsquo;est pass\u00e9 dans la t\u00eate de Rimbaud quand il \u00e9crivait Le Bateau ivre&#8230; dans la t\u00eate de Mozart pendant qu&rsquo;il composait la symphonie Jupiter&#8230; pour conna\u00eetre ce m\u00e9canisme secret qui guide le spectateur dans son aventure p\u00e9rilleuse. Gr\u00e2ce \u00e0 Dieu, ce qui est impossible pour la po\u00e9sie et la musique est r\u00e9alisable en peinture&#8230;\u00a0\u00bb&nbsp;<\/em><\/p>\n\n\n<div class=\"wp-block-image\">\n<figure class=\"aligncenter\"><a href=\"https:\/\/lafilledecorinthe.com\/wordpress\/wp-content\/uploads\/2017\/12\/Picasso.jpg\"><img loading=\"lazy\" decoding=\"async\" width=\"725\" height=\"410\" src=\"https:\/\/lafilledecorinthe.com\/wordpress\/wp-content\/uploads\/2017\/12\/Picasso.jpg\" alt=\"Picasso\" class=\"wp-image-8677\" srcset=\"https:\/\/lafilledecorinthe.com\/wordpress\/wp-content\/uploads\/2017\/12\/Picasso.jpg 725w, https:\/\/lafilledecorinthe.com\/wordpress\/wp-content\/uploads\/2017\/12\/Picasso-680x385.jpg 680w, https:\/\/lafilledecorinthe.com\/wordpress\/wp-content\/uploads\/2017\/12\/Picasso-500x283.jpg 500w\" sizes=\"auto, (max-width: 725px) 100vw, 725px\" \/><\/a><figcaption class=\"wp-element-caption\">Photogramme du Myst\u00e8re Picasso de Henri-Georges Clouzot, 1956<\/figcaption><\/figure>\n<\/div>\n\n<div class=\"wp-block-image\">\n<figure class=\"aligncenter\"><a href=\"https:\/\/lafilledecorinthe.com\/wordpress\/wp-content\/uploads\/2017\/12\/IMG_1479.jpg\"><img loading=\"lazy\" decoding=\"async\" width=\"1280\" height=\"1080\" src=\"https:\/\/lafilledecorinthe.com\/wordpress\/wp-content\/uploads\/2017\/12\/IMG_1479-1280x1080.jpg\" alt=\"IMG_1479\" class=\"wp-image-8678\" srcset=\"https:\/\/lafilledecorinthe.com\/wordpress\/wp-content\/uploads\/2017\/12\/IMG_1479-1280x1080.jpg 1280w, https:\/\/lafilledecorinthe.com\/wordpress\/wp-content\/uploads\/2017\/12\/IMG_1479-680x574.jpg 680w, https:\/\/lafilledecorinthe.com\/wordpress\/wp-content\/uploads\/2017\/12\/IMG_1479-356x300.jpg 356w\" sizes=\"auto, (max-width: 1280px) 100vw, 1280px\" \/><\/a><figcaption class=\"wp-element-caption\">\u00ab\u00a0T\u00eate de Faune \u00a0\u00bb de Pablo Picasso, \u00e9t\u00e9 1955<\/figcaption><\/figure>\n<\/div>\n\n<div class=\"wp-block-image\">\n<figure class=\"aligncenter\"><a href=\"https:\/\/lafilledecorinthe.com\/wordpress\/wp-content\/uploads\/2017\/12\/IMG_1494.jpg\"><img loading=\"lazy\" decoding=\"async\" width=\"960\" height=\"1280\" src=\"https:\/\/lafilledecorinthe.com\/wordpress\/wp-content\/uploads\/2017\/12\/IMG_1494-960x1280.jpg\" alt=\"IMG_1494\" class=\"wp-image-8682\" srcset=\"https:\/\/lafilledecorinthe.com\/wordpress\/wp-content\/uploads\/2017\/12\/IMG_1494-960x1280.jpg 960w, https:\/\/lafilledecorinthe.com\/wordpress\/wp-content\/uploads\/2017\/12\/IMG_1494-510x680.jpg 510w, https:\/\/lafilledecorinthe.com\/wordpress\/wp-content\/uploads\/2017\/12\/IMG_1494-225x300.jpg 225w\" sizes=\"auto, (max-width: 960px) 100vw, 960px\" \/><\/a><figcaption class=\"wp-element-caption\">Cahier du Cin\u00e9ma, n\u00b0 60, juin 1956<\/figcaption><\/figure>\n<\/div>\n\n\n<p>L&rsquo;article\u00a0qu&rsquo;Andr\u00e9 Bazin a \u00e9crit dans <em>Les cahiers du cin\u00e9ma<\/em> \u00e0 la sortie du film est expos\u00e9. Sa lecture est passionnante.\u00a0Bazin souligne que seul le cin\u00e9ma est \u00e0 m\u00eame de rendre compte des m\u00e9tamorphoses successives d&rsquo;une\u00a0peinture telle que la concevait Pablo Picasso. Le rapprochement entre la forme du\u00a0film de Clouzot\u00a0et celle des films d&rsquo;animation exp\u00e9rimentaux m&rsquo;int\u00e9resse particuli\u00e8rement. Ce texte sera repris dans le recueil, <em>Qu&rsquo;est-ce que le cin\u00e9ma ?\u00a0<\/em>\u00e9dit\u00e9 aux \u00e9ditions du CERF.<br>&#8230;\u00a0<em>Cette conception ne fonde pas le dessin anim\u00e9 sur l&rsquo;animation \u00e0 post\u00e9riori d&rsquo;un dessin qui aurait virtuellement une existence autonome, mais sur le changement du dessin lui-m\u00eame o\u00f9 plus exactement sur sa m\u00e9tamorphose. L&rsquo;animation n&rsquo;est pas alors pure transformation logique de l&rsquo;espace, elle est de nature temporelle. C&rsquo;est une germination, un bourgeonnement. La forme engendre la forme sans jamais la justifier&#8230;<\/em><br><em>Un film bergsonien : \u00ab\u00a0Le Myst\u00e8re Picasso\u00a0\u00bb<\/em> de Andr\u00e9 Bazin, 1956<\/p>\n\n\n\n<p>Dans <em>L&rsquo;enfer, <\/em>ce<em>&nbsp;<\/em>n&rsquo;est plus<em>&nbsp;<\/em>la conscience d&rsquo;un artiste&nbsp;que Clouzot&nbsp;met en sc\u00e8ne mais celle d&rsquo;un&nbsp;personnage. Son sc\u00e9nario tient en une seule ligne. Marcel (Serge Reggiani) est un homme maladivement jaloux de son \u00e9pouse Odette (Romy Schneider). Clouzot recherche&nbsp; comment traduire plastiquement la n\u00e9vrose de son h\u00e9ros.<\/p>\n\n\n<div class=\"wp-block-image\">\n<figure class=\"aligncenter\"><a href=\"https:\/\/lafilledecorinthe.com\/wordpress\/wp-content\/uploads\/2017\/12\/IMG_1461.jpg\"><img loading=\"lazy\" decoding=\"async\" width=\"1280\" height=\"999\" src=\"https:\/\/lafilledecorinthe.com\/wordpress\/wp-content\/uploads\/2017\/12\/IMG_1461-1280x999.jpg\" alt=\"IMG_1461\" class=\"wp-image-8689\" srcset=\"https:\/\/lafilledecorinthe.com\/wordpress\/wp-content\/uploads\/2017\/12\/IMG_1461-1280x999.jpg 1280w, https:\/\/lafilledecorinthe.com\/wordpress\/wp-content\/uploads\/2017\/12\/IMG_1461-680x531.jpg 680w, https:\/\/lafilledecorinthe.com\/wordpress\/wp-content\/uploads\/2017\/12\/IMG_1461-384x300.jpg 384w\" sizes=\"auto, (max-width: 1280px) 100vw, 1280px\" \/><\/a><figcaption class=\"wp-element-caption\">Photogramme de \u00ab\u00a0L&rsquo;enfer\u00a0\u00bb avec Serge Reggiani, H-G Clozot, 1964, film inachev\u00e9<\/figcaption><\/figure>\n<\/div>\n\n\n<p>Recherche d\u00e9sesp\u00e9r\u00e9e s&rsquo;il en est,&nbsp;l&rsquo;obsession du r\u00e9alisateur rejoignant&nbsp;celle de son personnage. Si le film n&rsquo;a&nbsp;pu \u00eatre achev\u00e9, les photogrammes et les rushs venus jusqu&rsquo;\u00e0 nous gr\u00e2ce au documentaire de Serge Bromberg sont des t\u00e9moins hallucinants de ce d\u00e9sir de filmer l&rsquo;int\u00e9rieur d&rsquo;un cerveau.<\/p>\n\n\n<div class=\"wp-block-image\">\n<figure class=\"aligncenter\"><a href=\"https:\/\/lafilledecorinthe.com\/wordpress\/wp-content\/uploads\/2017\/12\/IMG_1474.jpg\"><img loading=\"lazy\" decoding=\"async\" width=\"1280\" height=\"946\" src=\"https:\/\/lafilledecorinthe.com\/wordpress\/wp-content\/uploads\/2017\/12\/IMG_1474-1280x946.jpg\" alt=\"IMG_1474\" class=\"wp-image-8691\" srcset=\"https:\/\/lafilledecorinthe.com\/wordpress\/wp-content\/uploads\/2017\/12\/IMG_1474-1280x946.jpg 1280w, https:\/\/lafilledecorinthe.com\/wordpress\/wp-content\/uploads\/2017\/12\/IMG_1474-680x503.jpg 680w, https:\/\/lafilledecorinthe.com\/wordpress\/wp-content\/uploads\/2017\/12\/IMG_1474-406x300.jpg 406w\" sizes=\"auto, (max-width: 1280px) 100vw, 1280px\" \/><\/a><figcaption class=\"wp-element-caption\">Photogrammes de \u00ab\u00a0L&rsquo;enfer\u00a0\u00bb, 1964 \/ \u00ab\u00a0H-G Clouzot, un r\u00e9alisateur en oeuvres\u00a0\u00bb, mus\u00e9e Bernard d&rsquo;Agesci<\/figcaption><\/figure>\n<\/div>\n\n\n<p>Apr\u00e8s<em> L&rsquo;enfer, <\/em>l&rsquo;art cin\u00e9tique est&nbsp;\u00e0 nouveau sollicit\u00e9 pour le dernier film de Clouzot.&nbsp;Des oeuvres d&rsquo;Yvaral, d&rsquo;Antonio Asis, de Nicolas Sch\u00f6ffer et de Fran\u00e7ois Morellet \u00e9voquent la galerie fictive de&nbsp;<em>La Prisonni\u00e8re<\/em>.<\/p>\n\n\n<div class=\"wp-block-image\">\n<figure class=\"aligncenter\"><a href=\"https:\/\/lafilledecorinthe.com\/wordpress\/wp-content\/uploads\/2017\/12\/Morellet.jpg\"><img loading=\"lazy\" decoding=\"async\" width=\"1280\" height=\"960\" src=\"https:\/\/lafilledecorinthe.com\/wordpress\/wp-content\/uploads\/2017\/12\/Morellet-1280x960.jpg\" alt=\"Morellet\" class=\"wp-image-8693\" srcset=\"https:\/\/lafilledecorinthe.com\/wordpress\/wp-content\/uploads\/2017\/12\/Morellet-1280x960.jpg 1280w, https:\/\/lafilledecorinthe.com\/wordpress\/wp-content\/uploads\/2017\/12\/Morellet-680x510.jpg 680w, https:\/\/lafilledecorinthe.com\/wordpress\/wp-content\/uploads\/2017\/12\/Morellet-400x300.jpg 400w\" sizes=\"auto, (max-width: 1280px) 100vw, 1280px\" \/><\/a><figcaption class=\"wp-element-caption\">\u00ab\u00a0Sph\u00e8re-trames\u00a0\u00bb de Fran\u00e7ois Morellet, 1962 \/ \u00ab\u00a0H-G Clouzot, un r\u00e9alisateur en oeuvres\u00a0\u00bb, mus\u00e9e Bernard d&rsquo;Agesci<\/figcaption><\/figure>\n<\/div>\n\n\n<p>L&rsquo;exposition se termine par la reconstitution de l&rsquo;appartement de Stan, le directeur de la galerie d&rsquo;art&nbsp;jou\u00e9 par Laurent Tersieff. Joli cadeau&nbsp;offert aux visiteurs de se promener dans un d\u00e9cor de film compos\u00e9 par des oeuvres d&rsquo;art ayant appartenu \u00e0 Clouzot et au galeriste Daniel Cordier.<\/p>\n\n\n<div class=\"wp-block-image\">\n<figure class=\"aligncenter\"><a href=\"https:\/\/lafilledecorinthe.com\/wordpress\/wp-content\/uploads\/2017\/12\/IMG_1491.jpg\"><img loading=\"lazy\" decoding=\"async\" width=\"1280\" height=\"960\" src=\"https:\/\/lafilledecorinthe.com\/wordpress\/wp-content\/uploads\/2017\/12\/IMG_1491-1280x960.jpg\" alt=\"IMG_1491\" class=\"wp-image-8701\" srcset=\"https:\/\/lafilledecorinthe.com\/wordpress\/wp-content\/uploads\/2017\/12\/IMG_1491-1280x960.jpg 1280w, https:\/\/lafilledecorinthe.com\/wordpress\/wp-content\/uploads\/2017\/12\/IMG_1491-680x510.jpg 680w, https:\/\/lafilledecorinthe.com\/wordpress\/wp-content\/uploads\/2017\/12\/IMG_1491-400x300.jpg 400w\" sizes=\"auto, (max-width: 1280px) 100vw, 1280px\" \/><\/a><figcaption class=\"wp-element-caption\">\u00ab\u00a0Le couple\u00a0\u00bb de Meret Oppenheim, 1956 \/ \u00ab\u00a0H-G Clouzot, un r\u00e9alisateur en oeuvres\u00a0\u00bb, mus\u00e9e Bernard d&rsquo;Agesci<\/figcaption><\/figure>\n<\/div>","protected":false},"excerpt":{"rendered":"<p>Quarante ans apr\u00e8s sa mort, Henri-Georges Clouzot&nbsp;est de retour dans sa ville natale. En \u00e9cho \u00e0 l&rsquo;exposition organis\u00e9e par son oncle au mus\u00e9e Galliera en 1924, L&rsquo;art dans le cin\u00e9ma fran\u00e7ais, l&rsquo;exposition du mus\u00e9e Bernard d&rsquo;Agesci de Niort c\u00e9l\u00e8bre l&rsquo;art visuel&nbsp;en lien avec&nbsp;trois films cultes de la&nbsp;derni\u00e8re p\u00e9riode du r\u00e9alisateur :&nbsp;Le Myst\u00e8re Picasso, L&rsquo;Enfer et&#8230;<\/p>\n","protected":false},"author":2,"featured_media":8669,"comment_status":"open","ping_status":"open","sticky":false,"template":"","format":"standard","meta":{"_kad_post_transparent":"","_kad_post_title":"","_kad_post_layout":"","_kad_post_sidebar_id":"","_kad_post_content_style":"","_kad_post_vertical_padding":"","_kad_post_feature":"","_kad_post_feature_position":"","_kad_post_header":false,"_kad_post_footer":false,"_kad_post_classname":"","footnotes":""},"categories":[6,13],"tags":[1618,1613,1621,1616,1617,1615,1619,1614,1178,1620],"class_list":["post-8668","post","type-post","status-publish","format-standard","has-post-thumbnail","hentry","category-blog","category-sorties-culturelles","tag-andre-bazin","tag-henri-georges-clouzot","tag-lart-cinetique","tag-lenfer","tag-la-prisonniere","tag-le-mystere-picasso","tag-les-cahiers-du-cinema","tag-musee-bernard-dagesci","tag-niort","tag-serge-bromberg"],"_links":{"self":[{"href":"https:\/\/lafilledecorinthe.com\/wordpress\/wp-json\/wp\/v2\/posts\/8668","targetHints":{"allow":["GET"]}}],"collection":[{"href":"https:\/\/lafilledecorinthe.com\/wordpress\/wp-json\/wp\/v2\/posts"}],"about":[{"href":"https:\/\/lafilledecorinthe.com\/wordpress\/wp-json\/wp\/v2\/types\/post"}],"author":[{"embeddable":true,"href":"https:\/\/lafilledecorinthe.com\/wordpress\/wp-json\/wp\/v2\/users\/2"}],"replies":[{"embeddable":true,"href":"https:\/\/lafilledecorinthe.com\/wordpress\/wp-json\/wp\/v2\/comments?post=8668"}],"version-history":[{"count":51,"href":"https:\/\/lafilledecorinthe.com\/wordpress\/wp-json\/wp\/v2\/posts\/8668\/revisions"}],"predecessor-version":[{"id":15283,"href":"https:\/\/lafilledecorinthe.com\/wordpress\/wp-json\/wp\/v2\/posts\/8668\/revisions\/15283"}],"wp:featuredmedia":[{"embeddable":true,"href":"https:\/\/lafilledecorinthe.com\/wordpress\/wp-json\/wp\/v2\/media\/8669"}],"wp:attachment":[{"href":"https:\/\/lafilledecorinthe.com\/wordpress\/wp-json\/wp\/v2\/media?parent=8668"}],"wp:term":[{"taxonomy":"category","embeddable":true,"href":"https:\/\/lafilledecorinthe.com\/wordpress\/wp-json\/wp\/v2\/categories?post=8668"},{"taxonomy":"post_tag","embeddable":true,"href":"https:\/\/lafilledecorinthe.com\/wordpress\/wp-json\/wp\/v2\/tags?post=8668"}],"curies":[{"name":"wp","href":"https:\/\/api.w.org\/{rel}","templated":true}]}}