{"id":8627,"date":"2017-12-17T12:19:53","date_gmt":"2017-12-17T11:19:53","guid":{"rendered":"http:\/\/lafilledecorinthe.com\/wordpress\/?p=8627"},"modified":"2025-12-09T16:12:51","modified_gmt":"2025-12-09T15:12:51","slug":"michel-ocelot-au-forum-des-images","status":"publish","type":"post","link":"https:\/\/lafilledecorinthe.com\/wordpress\/2017\/12\/michel-ocelot-au-forum-des-images\/","title":{"rendered":"Michel Ocelot au Forum des Images"},"content":{"rendered":"\n<p>On peut \u00eatre le p\u00e8re de Kirikou et gal\u00e9rer pour trouver le financement de son prochain long m\u00e9trage. Michel Ocelot, invit\u00e9 du <em><a href=\"http:\/\/www.forumdesimages.fr\/les-programmes\/carrefour-du-cinema-danimation-2017\" target=\"_blank\" rel=\"noopener\">Carrefour du cin\u00e9ma d&rsquo;animation<\/a>,&nbsp;<\/em>a cont\u00e9 devant un public conquis la pugnacit\u00e9 qu&rsquo;il a d\u00fb d\u00e9ployer pour faire vivre sa nouvelle h\u00e9ro\u00efne, Dilili.<\/p>\n\n\n<div class=\"wp-block-image\">\n<figure class=\"aligncenter\"><a href=\"https:\/\/lafilledecorinthe.com\/wordpress\/wp-content\/uploads\/2017\/12\/IMG_1357.jpg\"><img loading=\"lazy\" decoding=\"async\" width=\"1280\" height=\"663\" src=\"https:\/\/lafilledecorinthe.com\/wordpress\/wp-content\/uploads\/2017\/12\/IMG_1357-1280x663.jpg\" alt=\"IMG_1357\" class=\"wp-image-8629\" srcset=\"https:\/\/lafilledecorinthe.com\/wordpress\/wp-content\/uploads\/2017\/12\/IMG_1357-1280x663.jpg 1280w, https:\/\/lafilledecorinthe.com\/wordpress\/wp-content\/uploads\/2017\/12\/IMG_1357-680x352.jpg 680w, https:\/\/lafilledecorinthe.com\/wordpress\/wp-content\/uploads\/2017\/12\/IMG_1357-500x259.jpg 500w, https:\/\/lafilledecorinthe.com\/wordpress\/wp-content\/uploads\/2017\/12\/IMG_1357.jpg 1818w\" sizes=\"auto, (max-width: 1280px) 100vw, 1280px\" \/><\/a><figcaption class=\"wp-element-caption\">Dilili<\/figcaption><\/figure>\n<\/div>\n\n\n<p>Convaincu d&rsquo;avoir \u00e9crit un sc\u00e9nario merveilleux, Michel Ocelot\u00a0est quelque peu d\u00e9contenanc\u00e9 (le mot est faible) devant la\u00a0salve de refus qu&rsquo;il essuie lorsqu&rsquo;il pr\u00e9sente son projet aux partenaires historiques de l&rsquo;animation. Trois producteurs, les cha\u00eenes de TV et m\u00eame le CNC retoquent son histoire. Plus \u00e9trange encore, il re\u00e7oit une dizaine de lettres anonymes lui expliquant \u00e0 quel point son sc\u00e9nario est mauvais.<br>Mis \u00e0 part la parenth\u00e8se enchant\u00e9e de la production d&rsquo;<a href=\"https:\/\/www.afca.asso.fr\/ressources\/repertoire-cinema-animation\/768,Azur-et-Asmar\" target=\"_blank\" rel=\"noopener\">Azur et Asmar<\/a>, Michel Ocelot s&rsquo;est toujours battu pour d\u00e9fendre ses histoires et face \u00e0 cette opposition\u00a0g\u00e9n\u00e9rale, loin d&rsquo;abdiquer, il commence sans attendre son film en explorant Paris avec son appareil photo.<\/p>\n\n\n<div class=\"wp-block-image\">\n<figure class=\"aligncenter\"><a href=\"https:\/\/lafilledecorinthe.com\/wordpress\/wp-content\/uploads\/2017\/12\/IMG_1349-e1513496677374.jpg\"><img loading=\"lazy\" decoding=\"async\" width=\"1280\" height=\"870\" src=\"https:\/\/lafilledecorinthe.com\/wordpress\/wp-content\/uploads\/2017\/12\/IMG_1349-1280x870.jpg\" alt=\"Michel Ocelot aux \u00e9gouts de Paris \" class=\"wp-image-8632\"\/><\/a><figcaption class=\"wp-element-caption\">Michel Ocelot\u00a0dans les \u00e9gouts de Paris<\/figcaption><\/figure>\n<\/div>\n\n\n<p>Il parcourt un nombre incroyable de kilom\u00e8tres sur et sous l&rsquo;asphalte parisien et ouvre les portes de lieux&nbsp;illustres ou plus inattendus&nbsp;recueillant&nbsp;ainsi plus de 17000 photos. Tous les d\u00e9cors du film seront&nbsp;r\u00e9alis\u00e9s \u00e0 partir de ces photographies. Michel Ocelot donne \u00e0 voir un Paris de la Belle Epoque entre r\u00eave et r\u00e9alit\u00e9&nbsp;gr\u00e2ce \u00e0&nbsp;d&rsquo;incroyables d\u00e9cors composites.<\/p>\n\n\n<div class=\"wp-block-image\">\n<figure class=\"aligncenter\"><a href=\"https:\/\/lafilledecorinthe.com\/wordpress\/wp-content\/uploads\/2017\/12\/IMG_1370.jpg\"><img loading=\"lazy\" decoding=\"async\" width=\"1280\" height=\"898\" src=\"https:\/\/lafilledecorinthe.com\/wordpress\/wp-content\/uploads\/2017\/12\/IMG_1370-1280x898.jpg\" alt=\"IMG_1370\" class=\"wp-image-8636\" srcset=\"https:\/\/lafilledecorinthe.com\/wordpress\/wp-content\/uploads\/2017\/12\/IMG_1370-1280x898.jpg 1280w, https:\/\/lafilledecorinthe.com\/wordpress\/wp-content\/uploads\/2017\/12\/IMG_1370-680x477.jpg 680w, https:\/\/lafilledecorinthe.com\/wordpress\/wp-content\/uploads\/2017\/12\/IMG_1370-428x300.jpg 428w, https:\/\/lafilledecorinthe.com\/wordpress\/wp-content\/uploads\/2017\/12\/IMG_1370.jpg 1795w\" sizes=\"auto, (max-width: 1280px) 100vw, 1280px\" \/><\/a><figcaption class=\"wp-element-caption\">Le salon de Sarah Bernhardt est compos\u00e9 de tentures de l&rsquo;Op\u00e9ra, de fauteuils du mus\u00e9e d&rsquo;Orsay, d&rsquo;une chaise redessin\u00e9e par Michel Ocelot&#8230;<\/figcaption><\/figure>\n<\/div>\n\n\n<p>Michel Ocelot n&rsquo;aurait pas pu continuer l&rsquo;aventure seul. Lors de la rencontre, il a tenu \u00e0 saluer le soutien ind\u00e9fectible\u00a0de Jacques Bled des <a href=\"http:\/\/www.macguff.com\/fr\/\" target=\"_blank\" rel=\"noopener\">Studios Mac Guff Ligne<\/a>\u00a0et a rendu hommage \u00e0 Virginie Guilminot du studio <a href=\"http:\/\/les-fees-speciales.coop\/\" target=\"_blank\" rel=\"noopener\">Les F\u00e9es Sp\u00e9ciales<\/a>. Le film se fabrique entre Paris, Montpellier et Bruxelles.\u00a0 <br>Avant de montrer quelques extraits du film qui devrait sortir sur nos \u00e9crans en octobre 2018, Michel Ocelot rappelle les \u00e9l\u00e9ments cl\u00e9s de son sc\u00e9nario. Lors de l&rsquo;exposition universelle de 1900, une fillette canaque, Dilili, est confront\u00e9e \u00e0 un myst\u00e8re terrifiant. Un groupe de malfaiteurs appel\u00e9 <em>Les M\u00e2les Ma\u00eetres<\/em> enl\u00e8ve les petites filles de la capitale.<\/p>\n\n\n<div class=\"wp-block-image\">\n<figure class=\"aligncenter\"><a href=\"https:\/\/lafilledecorinthe.com\/wordpress\/wp-content\/uploads\/2017\/12\/image020.jpg\"><img loading=\"lazy\" decoding=\"async\" width=\"1164\" height=\"563\" src=\"https:\/\/lafilledecorinthe.com\/wordpress\/wp-content\/uploads\/2017\/12\/image020.jpg\" alt=\"image020\" class=\"wp-image-8643\" srcset=\"https:\/\/lafilledecorinthe.com\/wordpress\/wp-content\/uploads\/2017\/12\/image020.jpg 1164w, https:\/\/lafilledecorinthe.com\/wordpress\/wp-content\/uploads\/2017\/12\/image020-680x329.jpg 680w, https:\/\/lafilledecorinthe.com\/wordpress\/wp-content\/uploads\/2017\/12\/image020-500x242.jpg 500w\" sizes=\"auto, (max-width: 1164px) 100vw, 1164px\" \/><\/a><figcaption class=\"wp-element-caption\">\u00a9 Nord-Ouest Films\/ Studio O\/ Senator Film\/Art\u00e9mis<\/figcaption><\/figure>\n<\/div>\n\n<div class=\"wp-block-image\">\n<figure class=\"aligncenter\"><a href=\"https:\/\/lafilledecorinthe.com\/wordpress\/wp-content\/uploads\/2017\/12\/image007.jpg\"><img loading=\"lazy\" decoding=\"async\" width=\"1164\" height=\"563\" src=\"https:\/\/lafilledecorinthe.com\/wordpress\/wp-content\/uploads\/2017\/12\/image007.jpg\" alt=\"image007\" class=\"wp-image-8645\" srcset=\"https:\/\/lafilledecorinthe.com\/wordpress\/wp-content\/uploads\/2017\/12\/image007.jpg 1164w, https:\/\/lafilledecorinthe.com\/wordpress\/wp-content\/uploads\/2017\/12\/image007-680x329.jpg 680w, https:\/\/lafilledecorinthe.com\/wordpress\/wp-content\/uploads\/2017\/12\/image007-500x242.jpg 500w\" sizes=\"auto, (max-width: 1164px) 100vw, 1164px\" \/><\/a><figcaption class=\"wp-element-caption\">\u00a9 Nord-Ouest Films\/ Studio O\/ Senator Film\/Art\u00e9mis<\/figcaption><\/figure>\n<\/div>\n\n<div class=\"wp-block-image\">\n<figure class=\"aligncenter\"><a href=\"https:\/\/lafilledecorinthe.com\/wordpress\/wp-content\/uploads\/2017\/12\/dilili_photo1-e1513502588818.jpg\"><img loading=\"lazy\" decoding=\"async\" width=\"450\" height=\"218\" src=\"https:\/\/lafilledecorinthe.com\/wordpress\/wp-content\/uploads\/2017\/12\/dilili_photo1-e1513502588818.jpg\" alt=\"\u00a9 Nors-Ouest Films\/ Studio O\/ Senator Film\/Art\u00e9mis\" class=\"wp-image-8646\"\/><\/a><figcaption class=\"wp-element-caption\">\u00a9 Nord-Ouest Films\/ Studio O\/ Senator Film\/Art\u00e9mis<\/figcaption><\/figure>\n<\/div>\n\n\n<p>Aid\u00e9e dans sa lutte contre le mal par un jeune livreur en triporteur et par une cantatrice interpr\u00e9t\u00e9e par Nathalie Dessay, la jeune Dilili va rencontrer un nombre impressionnant de figures illustres de la Belle \u00c9poque, des artistes, des scientifiques, des politiques&#8230; La part belle est donn\u00e9e aux femmes avec un trio\u00a0\u00e9clectique compos\u00e9 de l&rsquo;actrice Sarah Bernhardt, du prix Nobel de physique Marie Curie et de l&rsquo;anarchiste Louise Michel.<br>Lors des questions du public, Michel Ocelot pr\u00e9cise que son film a \u00e9t\u00e9 pens\u00e9 pour la 3D mais pour des raisons \u00e9conomiques la technique d&rsquo;animation retenue est un savant m\u00e9lange de 3D et de 2D\u00a0r\u00e9alis\u00e9 avec les\u00a0logiciels libres <em>Blender<\/em> et <em>Krita.<\/em><\/p>\n\n\n<div class=\"wp-block-image\">\n<figure class=\"aligncenter\"><a href=\"https:\/\/lafilledecorinthe.com\/wordpress\/wp-content\/uploads\/2017\/12\/IMG_1368.jpg\"><img loading=\"lazy\" decoding=\"async\" width=\"1280\" height=\"844\" src=\"https:\/\/lafilledecorinthe.com\/wordpress\/wp-content\/uploads\/2017\/12\/IMG_1368-1280x844.jpg\" alt=\"IMG_1368\" class=\"wp-image-8653\" srcset=\"https:\/\/lafilledecorinthe.com\/wordpress\/wp-content\/uploads\/2017\/12\/IMG_1368-1280x844.jpg 1280w, https:\/\/lafilledecorinthe.com\/wordpress\/wp-content\/uploads\/2017\/12\/IMG_1368-680x448.jpg 680w, https:\/\/lafilledecorinthe.com\/wordpress\/wp-content\/uploads\/2017\/12\/IMG_1368-455x300.jpg 455w, https:\/\/lafilledecorinthe.com\/wordpress\/wp-content\/uploads\/2017\/12\/IMG_1368.jpg 1856w\" sizes=\"auto, (max-width: 1280px) 100vw, 1280px\" \/><\/a><figcaption class=\"wp-element-caption\">Dans cette s\u00e9quence du Bateau-Lavoir, deux personnages sont anim\u00e9s en 3D, les autres en 2D&#8230; Ils ne font juste pas la m\u00eame chose&#8230;<\/figcaption><\/figure>\n<\/div>\n\n\n<p>En attendant la sortie du film, on peut faire une petite balade parisienne en suivant les pas de Michel Ocelot. Il nous souffle la premi\u00e8re \u00e9tape, le square Rappe dans le&nbsp;7\u00e8me arrondissement \u00e0 la d\u00e9couverture de l&rsquo;architecte Jules Lavirotte.<\/p>\n","protected":false},"excerpt":{"rendered":"<p>On peut \u00eatre le p\u00e8re de Kirikou et gal\u00e9rer pour trouver le financement de son prochain long m\u00e9trage. Michel Ocelot, invit\u00e9 du Carrefour du cin\u00e9ma d&rsquo;animation,&nbsp;a cont\u00e9 devant un public conquis la pugnacit\u00e9 qu&rsquo;il a d\u00fb d\u00e9ployer pour faire vivre sa nouvelle h\u00e9ro\u00efne, Dilili. Convaincu d&rsquo;avoir \u00e9crit un sc\u00e9nario merveilleux, Michel Ocelot\u00a0est quelque peu d\u00e9contenanc\u00e9&#8230;<\/p>\n","protected":false},"author":2,"featured_media":15301,"comment_status":"open","ping_status":"open","sticky":false,"template":"","format":"standard","meta":{"_kad_post_transparent":"","_kad_post_title":"","_kad_post_layout":"","_kad_post_sidebar_id":"","_kad_post_content_style":"","_kad_post_vertical_padding":"","_kad_post_feature":"","_kad_post_feature_position":"","_kad_post_header":false,"_kad_post_footer":false,"_kad_post_classname":"","footnotes":""},"categories":[6],"tags":[655,1606,22,1607,1612,1610,1019,1611,1608,1609],"class_list":["post-8627","post","type-post","status-publish","format-standard","has-post-thumbnail","hentry","category-blog","tag-carrefour-du-cinema-danimation","tag-dilili-a-paris","tag-forum-des-images","tag-jacques-bled","tag-jules-lavirotte","tag-les-fees-speciales","tag-michel-ocelot","tag-nathalie-dessay","tag-studios-mac-guff-ligne","tag-virginie-guilminot"],"_links":{"self":[{"href":"https:\/\/lafilledecorinthe.com\/wordpress\/wp-json\/wp\/v2\/posts\/8627","targetHints":{"allow":["GET"]}}],"collection":[{"href":"https:\/\/lafilledecorinthe.com\/wordpress\/wp-json\/wp\/v2\/posts"}],"about":[{"href":"https:\/\/lafilledecorinthe.com\/wordpress\/wp-json\/wp\/v2\/types\/post"}],"author":[{"embeddable":true,"href":"https:\/\/lafilledecorinthe.com\/wordpress\/wp-json\/wp\/v2\/users\/2"}],"replies":[{"embeddable":true,"href":"https:\/\/lafilledecorinthe.com\/wordpress\/wp-json\/wp\/v2\/comments?post=8627"}],"version-history":[{"count":27,"href":"https:\/\/lafilledecorinthe.com\/wordpress\/wp-json\/wp\/v2\/posts\/8627\/revisions"}],"predecessor-version":[{"id":15303,"href":"https:\/\/lafilledecorinthe.com\/wordpress\/wp-json\/wp\/v2\/posts\/8627\/revisions\/15303"}],"wp:featuredmedia":[{"embeddable":true,"href":"https:\/\/lafilledecorinthe.com\/wordpress\/wp-json\/wp\/v2\/media\/15301"}],"wp:attachment":[{"href":"https:\/\/lafilledecorinthe.com\/wordpress\/wp-json\/wp\/v2\/media?parent=8627"}],"wp:term":[{"taxonomy":"category","embeddable":true,"href":"https:\/\/lafilledecorinthe.com\/wordpress\/wp-json\/wp\/v2\/categories?post=8627"},{"taxonomy":"post_tag","embeddable":true,"href":"https:\/\/lafilledecorinthe.com\/wordpress\/wp-json\/wp\/v2\/tags?post=8627"}],"curies":[{"name":"wp","href":"https:\/\/api.w.org\/{rel}","templated":true}]}}