{"id":8613,"date":"2017-12-18T15:48:08","date_gmt":"2017-12-18T14:48:08","guid":{"rendered":"http:\/\/lafilledecorinthe.com\/wordpress\/?p=8613"},"modified":"2025-12-04T13:31:42","modified_gmt":"2025-12-04T12:31:42","slug":"ecole-et-cinema-79-un-animal-des-animaux","status":"publish","type":"post","link":"https:\/\/lafilledecorinthe.com\/wordpress\/2017\/12\/ecole-et-cinema-79-un-animal-des-animaux\/","title":{"rendered":"\u00ab\u00a0Ecole et cin\u00e9ma 79\u00a0\u00bb       Un animal, des animaux"},"content":{"rendered":"\n<p><\/p>\n\n\n\n<p><em>&#8230; Mais arr\u00eatons-nous un instant pour nous demander ce qu&rsquo;est un mus\u00e9e. Est-ce une collection de glands et de feuilles sur une terrasse, ou un gigantesque b\u00e2timent construit \u00e0 prix d&rsquo;or pour h\u00e9berger les objets les plus rares et les plus beaux sur Terre ? La r\u00e9ponse est bien s\u00fbr : les deux. Un mus\u00e9e est une collection d&rsquo;objets pr\u00e9sent\u00e9s avec le plus grand soin de mani\u00e8re \u00e0 raconter une histoire extraordinaire&#8230; Le conservateur remplit une fonction importante, car c&rsquo;est lui qui d\u00e9cide de ce qui a sa place dans le mus\u00e9e. Il d\u00e9cide ensuite de la mani\u00e8re exacte dont ces objets seront expos\u00e9s. En un sens, toute personne qui fait sa propre collection chez elle est un conservateur. Lorsque vous choisissez comment pr\u00e9senter vos affaires, o\u00f9 accrocher telle ou telle gravure et dans quel ordre ranger vos livres, vous entrez dans la m\u00eame cat\u00e9gorie qu&rsquo;un conservateur de mus\u00e9e.<\/em><br><em>Black Out<\/em> de Brian Selznick, Bayard Jeunesse, 2012<\/p>\n\n\n\n<p><strong>\u00a0Projection-conf\u00e9rence :<\/strong><br><em>Un animal, des animaux<\/em><strong>\u00a0<\/strong>de Nicolas Philibert<br>Cin\u00e9ma du Moulin du Roc de Niort<br>Mercredi 20 d\u00e9cembre 2017<\/p>\n\n\n\n<p>Documents accompagnant la conf\u00e9rence :&nbsp;<a href=\"https:\/\/lafilledecorinthe.com\/wordpress\/wp-content\/uploads\/2017\/12\/Pour-aller-plus-loin1.pdf\">Pour aller plus loin<\/a>,&nbsp;<a href=\"https:\/\/lafilledecorinthe.com\/wordpress\/wp-content\/uploads\/2017\/12\/regard-sur-les-ze\u0300bres-.pdf\">regard sur les ze\u0300bres<\/a><\/p>\n\n\n<div class=\"wp-block-image\">\n<figure class=\"aligncenter\"><a href=\"https:\/\/lafilledecorinthe.com\/wordpress\/wp-content\/uploads\/2017\/12\/Black-Out.jpg\"><img loading=\"lazy\" decoding=\"async\" width=\"580\" height=\"452\" src=\"https:\/\/lafilledecorinthe.com\/wordpress\/wp-content\/uploads\/2017\/12\/Black-Out.jpg\" alt=\"Black Out de Brian Selznick,  2012\" class=\"wp-image-8621\" srcset=\"https:\/\/lafilledecorinthe.com\/wordpress\/wp-content\/uploads\/2017\/12\/Black-Out.jpg 580w, https:\/\/lafilledecorinthe.com\/wordpress\/wp-content\/uploads\/2017\/12\/Black-Out-385x300.jpg 385w\" sizes=\"auto, (max-width: 580px) 100vw, 580px\" \/><\/a><figcaption class=\"wp-element-caption\">Black Out de Brian Selznick, 2012<\/figcaption><\/figure>\n<\/div>\n\n\n<figure class=\"wp-block-embed is-type-video is-provider-youtube wp-block-embed-youtube wp-embed-aspect-16-9 wp-has-aspect-ratio\"><div class=\"wp-block-embed__wrapper\">\n<iframe loading=\"lazy\" title=\"Le Mus\u00e9e des merveilles - Extrait : La d\u00e9couverte du mus\u00e9e HD VOST\" width=\"720\" height=\"405\" src=\"https:\/\/www.youtube.com\/embed\/MXdVVU2qQoc?feature=oembed\" frameborder=\"0\" allow=\"accelerometer; autoplay; clipboard-write; encrypted-media; gyroscope; picture-in-picture; web-share\" referrerpolicy=\"strict-origin-when-cross-origin\" allowfullscreen><\/iframe>\n<\/div><\/figure>\n\n\n\n<p>D&rsquo;autres ressources <a title=\"\u00ab&nbsp;Ecole et cin\u00e9ma 92\u2033 Un animal, des animaux\" href=\"https:\/\/lafilledecorinthe.com\/wordpress\/2016\/12\/ecole-et-cinema-92-un-animal-des-animaux\/\" target=\"_blank\" rel=\"noopener\">ici<\/a> !<\/p>\n","protected":false},"excerpt":{"rendered":"<p>&#8230; Mais arr\u00eatons-nous un instant pour nous demander ce qu&rsquo;est un mus\u00e9e. Est-ce une collection de glands et de feuilles sur une terrasse, ou un gigantesque b\u00e2timent construit \u00e0 prix d&rsquo;or pour h\u00e9berger les objets les plus rares et les plus beaux sur Terre ? La r\u00e9ponse est bien s\u00fbr : les deux. Un mus\u00e9e&#8230;<\/p>\n","protected":false},"author":2,"featured_media":8623,"comment_status":"open","ping_status":"open","sticky":false,"template":"","format":"standard","meta":{"_kad_post_transparent":"","_kad_post_title":"","_kad_post_layout":"","_kad_post_sidebar_id":"","_kad_post_content_style":"","_kad_post_vertical_padding":"","_kad_post_feature":"","_kad_post_feature_position":"","_kad_post_header":false,"_kad_post_footer":false,"_kad_post_classname":"","footnotes":""},"categories":[8],"tags":[1599,78,1176,1600,1177,1405,1601,1598],"class_list":["post-8613","post","type-post","status-publish","format-standard","has-post-thumbnail","hentry","category-formations-adultes","tag-black-out","tag-brian-selznick","tag-ecole-et-cinema-79","tag-le-musee-des-merveilles","tag-moulin-du-roc","tag-nicolas-philibert","tag-todd-haynes","tag-un-animal-des-animaux"],"_links":{"self":[{"href":"https:\/\/lafilledecorinthe.com\/wordpress\/wp-json\/wp\/v2\/posts\/8613","targetHints":{"allow":["GET"]}}],"collection":[{"href":"https:\/\/lafilledecorinthe.com\/wordpress\/wp-json\/wp\/v2\/posts"}],"about":[{"href":"https:\/\/lafilledecorinthe.com\/wordpress\/wp-json\/wp\/v2\/types\/post"}],"author":[{"embeddable":true,"href":"https:\/\/lafilledecorinthe.com\/wordpress\/wp-json\/wp\/v2\/users\/2"}],"replies":[{"embeddable":true,"href":"https:\/\/lafilledecorinthe.com\/wordpress\/wp-json\/wp\/v2\/comments?post=8613"}],"version-history":[{"count":13,"href":"https:\/\/lafilledecorinthe.com\/wordpress\/wp-json\/wp\/v2\/posts\/8613\/revisions"}],"predecessor-version":[{"id":14518,"href":"https:\/\/lafilledecorinthe.com\/wordpress\/wp-json\/wp\/v2\/posts\/8613\/revisions\/14518"}],"wp:featuredmedia":[{"embeddable":true,"href":"https:\/\/lafilledecorinthe.com\/wordpress\/wp-json\/wp\/v2\/media\/8623"}],"wp:attachment":[{"href":"https:\/\/lafilledecorinthe.com\/wordpress\/wp-json\/wp\/v2\/media?parent=8613"}],"wp:term":[{"taxonomy":"category","embeddable":true,"href":"https:\/\/lafilledecorinthe.com\/wordpress\/wp-json\/wp\/v2\/categories?post=8613"},{"taxonomy":"post_tag","embeddable":true,"href":"https:\/\/lafilledecorinthe.com\/wordpress\/wp-json\/wp\/v2\/tags?post=8613"}],"curies":[{"name":"wp","href":"https:\/\/api.w.org\/{rel}","templated":true}]}}