{"id":8576,"date":"2018-03-16T20:55:55","date_gmt":"2018-03-16T19:55:55","guid":{"rendered":"http:\/\/lafilledecorinthe.com\/wordpress\/?p=8576"},"modified":"2025-12-06T07:25:20","modified_gmt":"2025-12-06T06:25:20","slug":"ecole-et-cinema-92-la-barbe-a-papa","status":"publish","type":"post","link":"https:\/\/lafilledecorinthe.com\/wordpress\/2018\/03\/ecole-et-cinema-92-la-barbe-a-papa\/","title":{"rendered":"\u00ab\u00a0Ecole et Cin\u00e9ma 92\u00a0\u00bb La Barbe \u00e0 papa"},"content":{"rendered":"\n<p><\/p>\n\n\n\n<p><em>\u00ab\u00a0&#8230; les bons films sont rarement bien-pensants, c&rsquo;est-\u00e0-dire imm\u00e9diatement digestes et recyclables en id\u00e9es simples et id\u00e9ologiquement correctes.\u00a0\u00bb<\/em><br>Alain Bergala, <em>L&rsquo;hypoth\u00e8se cin\u00e9ma<\/em>, 2002<\/p>\n\n\n\n<p><strong>Projection &#8211; conf\u00e9rence :<\/strong><br><em>La Barbe \u00e0 papa<\/em> <em>(Paper Moon)<\/em> de<strong>\u00a0<\/strong>Peter Bogdanovich, 1973<br>Co-anim\u00e9e avec Claire Frayssignes<br>Cin\u00e9ma\u00a0<em>Jean Vigo<\/em>\u00a0de Gennevilliers<br>Samedi 17 mars 2018<br>Cin\u00e9ma\u00a0<em>Le Rex<\/em>\u00a0de Ch\u00e2tenay-Malabry<br>Samedi 7 avril 2018<\/p>\n\n\n\n<p>Documents accompagnant la conf\u00e9rence :\u00a0<a href=\"https:\/\/lafilledecorinthe.com\/wordpress\/wp-content\/uploads\/2018\/03\/Pour-aller-plus-loin-.pdf\">Pour aller plus loin<\/a>,\u00a0<a href=\"https:\/\/lafilledecorinthe.com\/wordpress\/wp-content\/uploads\/2018\/03\/Paper-Moon-et-les-anne\u0301es-30-aux-Etats-Unis.pdf\">Paper Moon et les anne\u0301es 30 aux Etats-Unis<\/a>,\u00a0<a href=\"https:\/\/lafilledecorinthe.com\/wordpress\/wp-content\/uploads\/2018\/03\/Sur-la-route-.pdf\">Sur la route<\/a><br>Documents \u00e9labor\u00e9s par Claire\u00a0Frayssignes :\u00a0<a href=\"https:\/\/lafilledecorinthe.com\/wordpress\/wp-content\/uploads\/2018\/03\/La-Grande-De\u0301pression.pdf\">La Grande De\u0301pression<\/a>,\u00a0<a href=\"https:\/\/lafilledecorinthe.com\/wordpress\/wp-content\/uploads\/2018\/03\/La-Prohibition-aux-Etats-Unis.pdf\">La Prohibition aux Etats-Unis<\/a>,\u00a0<a href=\"https:\/\/lafilledecorinthe.com\/wordpress\/wp-content\/uploads\/2018\/03\/Les-raisins-de-la-cole\u0300re-extrait.pdf\">Les raisins de la cole\u0300re extrait<\/a>,\u00a0<a href=\"https:\/\/lafilledecorinthe.com\/wordpress\/wp-content\/uploads\/2018\/03\/La-boi\u0302te-dAddie-pour-enseignants.pdf\">La boi\u0302te d&rsquo;Addie pour enseignants<\/a>,\u00a0<a href=\"https:\/\/lafilledecorinthe.com\/wordpress\/wp-content\/uploads\/2018\/03\/Image-ricochet.pdf\">Image ricochet<\/a><\/p>\n\n\n\n<p>Superbes photos de plateau et quelques vid\u00e9os du tournage&nbsp;dans lesquelles la complicit\u00e9 entre Ryan et Tatum O&rsquo;Neal \u00e9clate !<\/p>\n\n\n\n<figure class=\"wp-block-embed is-type-video is-provider-youtube wp-block-embed-youtube wp-embed-aspect-16-9 wp-has-aspect-ratio\"><div class=\"wp-block-embed__wrapper\">\n<iframe loading=\"lazy\" title=\"PAPER MOON (1973) RARE OUTTAKES and CANDID PHOTOS\" width=\"720\" height=\"405\" src=\"https:\/\/www.youtube.com\/embed\/2uquoJUfmU8?feature=oembed\" frameborder=\"0\" allow=\"accelerometer; autoplay; clipboard-write; encrypted-media; gyroscope; picture-in-picture; web-share\" referrerpolicy=\"strict-origin-when-cross-origin\" allowfullscreen><\/iframe>\n<\/div><\/figure>\n\n\n\n<p>Tatum O&rsquo;Neal re\u00e7oit l&rsquo;oscar de meilleur \u00ab\u00a0second r\u00f4le\u00a0\u00bb !!!<\/p>\n\n\n\n<figure class=\"wp-block-embed is-type-video is-provider-youtube wp-block-embed-youtube wp-embed-aspect-4-3 wp-has-aspect-ratio\"><div class=\"wp-block-embed__wrapper\">\n<iframe loading=\"lazy\" title=\"Tatum O&#039;Neal Wins Supporting Actress: 1974 Oscars\" width=\"720\" height=\"540\" src=\"https:\/\/www.youtube.com\/embed\/tf2J8hktI5Y?feature=oembed\" frameborder=\"0\" allow=\"accelerometer; autoplay; clipboard-write; encrypted-media; gyroscope; picture-in-picture; web-share\" referrerpolicy=\"strict-origin-when-cross-origin\" allowfullscreen><\/iframe>\n<\/div><\/figure>\n\n\n\n<p>Et aussi&#8230;<\/p>\n\n\n<div class=\"wp-block-image\">\n<figure class=\"aligncenter\"><a href=\"https:\/\/lafilledecorinthe.com\/wordpress\/wp-content\/uploads\/2018\/03\/1935.jpg\"><img loading=\"lazy\" decoding=\"async\" width=\"500\" height=\"444\" src=\"https:\/\/lafilledecorinthe.com\/wordpress\/wp-content\/uploads\/2018\/03\/1935.jpg\" alt=\"1935\" class=\"wp-image-8886\" srcset=\"https:\/\/lafilledecorinthe.com\/wordpress\/wp-content\/uploads\/2018\/03\/1935.jpg 500w, https:\/\/lafilledecorinthe.com\/wordpress\/wp-content\/uploads\/2018\/03\/1935-338x300.jpg 338w\" sizes=\"auto, (max-width: 500px) 100vw, 500px\" \/><\/a><figcaption class=\"wp-element-caption\">Shirley Temple avec la photo du pr\u00e9sident Roosevelt d\u00e9dicac\u00e9e \u00e0 son nom, 1935<\/figcaption><\/figure>\n<\/div>\n\n<div class=\"wp-block-image\">\n<figure class=\"aligncenter\"><a href=\"https:\/\/lafilledecorinthe.com\/wordpress\/wp-content\/uploads\/2018\/03\/Lewis-Hine.jpeg\"><img loading=\"lazy\" decoding=\"async\" width=\"580\" height=\"464\" src=\"https:\/\/lafilledecorinthe.com\/wordpress\/wp-content\/uploads\/2018\/03\/Lewis-Hine.jpeg\" alt=\"Lewis Hine\" class=\"wp-image-8890\" srcset=\"https:\/\/lafilledecorinthe.com\/wordpress\/wp-content\/uploads\/2018\/03\/Lewis-Hine.jpeg 580w, https:\/\/lafilledecorinthe.com\/wordpress\/wp-content\/uploads\/2018\/03\/Lewis-Hine-375x300.jpeg 375w\" sizes=\"auto, (max-width: 580px) 100vw, 580px\" \/><\/a><figcaption class=\"wp-element-caption\">Jeunes marchands de journaux de Lewis Hine, Saint Louis, 1910<\/figcaption><\/figure>\n<\/div>\n\n<div class=\"wp-block-image\">\n<figure class=\"aligncenter\"><a href=\"https:\/\/lafilledecorinthe.com\/wordpress\/wp-content\/uploads\/2018\/03\/les-raisins-de-la-cole\u0300re.jpg\"><img loading=\"lazy\" decoding=\"async\" width=\"1280\" height=\"962\" src=\"https:\/\/lafilledecorinthe.com\/wordpress\/wp-content\/uploads\/2018\/03\/les-raisins-de-la-cole\u0300re-1280x962.jpg\" alt=\"les raisins de la cole\u0300re\" class=\"wp-image-8891\" srcset=\"https:\/\/lafilledecorinthe.com\/wordpress\/wp-content\/uploads\/2018\/03\/les-raisins-de-la-cole\u0300re-1280x962.jpg 1280w, https:\/\/lafilledecorinthe.com\/wordpress\/wp-content\/uploads\/2018\/03\/les-raisins-de-la-cole\u0300re-680x511.jpg 680w, https:\/\/lafilledecorinthe.com\/wordpress\/wp-content\/uploads\/2018\/03\/les-raisins-de-la-cole\u0300re-399x300.jpg 399w, https:\/\/lafilledecorinthe.com\/wordpress\/wp-content\/uploads\/2018\/03\/les-raisins-de-la-cole\u0300re.jpg 1531w\" sizes=\"auto, (max-width: 1280px) 100vw, 1280px\" \/><\/a><figcaption class=\"wp-element-caption\">Les raisins de la col\u00e8re de John Ford, 1940<\/figcaption><\/figure>\n<\/div>\n\n\n<figure class=\"wp-block-embed is-type-video is-provider-youtube wp-block-embed-youtube wp-embed-aspect-4-3 wp-has-aspect-ratio\"><div class=\"wp-block-embed__wrapper\">\n<iframe loading=\"lazy\" title=\"&quot;It&#039;s Only a Paper Moon&quot; The Nat King Cole Trio\" width=\"720\" height=\"540\" src=\"https:\/\/www.youtube.com\/embed\/Qc5RMYvXOhA?feature=oembed\" frameborder=\"0\" allow=\"accelerometer; autoplay; clipboard-write; encrypted-media; gyroscope; picture-in-picture; web-share\" referrerpolicy=\"strict-origin-when-cross-origin\" allowfullscreen><\/iframe>\n<\/div><\/figure>\n","protected":false},"excerpt":{"rendered":"<p>\u00ab\u00a0&#8230; les bons films sont rarement bien-pensants, c&rsquo;est-\u00e0-dire imm\u00e9diatement digestes et recyclables en id\u00e9es simples et id\u00e9ologiquement correctes.\u00a0\u00bbAlain Bergala, L&rsquo;hypoth\u00e8se cin\u00e9ma, 2002 Projection &#8211; conf\u00e9rence :La Barbe \u00e0 papa (Paper Moon) de\u00a0Peter Bogdanovich, 1973Co-anim\u00e9e avec Claire FrayssignesCin\u00e9ma\u00a0Jean Vigo\u00a0de GennevilliersSamedi 17 mars 2018Cin\u00e9ma\u00a0Le Rex\u00a0de Ch\u00e2tenay-MalabrySamedi 7 avril 2018 Documents accompagnant la conf\u00e9rence :\u00a0Pour aller plus loin,\u00a0Paper&#8230;<\/p>\n","protected":false},"author":2,"featured_media":8880,"comment_status":"open","ping_status":"open","sticky":false,"template":"","format":"standard","meta":{"_kad_post_transparent":"","_kad_post_title":"","_kad_post_layout":"","_kad_post_sidebar_id":"","_kad_post_content_style":"","_kad_post_vertical_padding":"","_kad_post_feature":"","_kad_post_feature_position":"","_kad_post_header":false,"_kad_post_footer":false,"_kad_post_classname":"","footnotes":""},"categories":[8],"tags":[1246,373,1657,1046,1649,1656,1655,1650,1651,1653,1652,1654,1658],"class_list":["post-8576","post","type-post","status-publish","format-standard","has-post-thumbnail","hentry","category-formations-adultes","tag-claire-frayssignes","tag-ecole-et-cinema-92","tag-its-only-a-paper-moon","tag-john-ford","tag-la-barbe-a-papa","tag-les-raisins-de-la-colere","tag-lewis-hine","tag-paper-moon","tag-peter-bogdanovich","tag-roosevelt","tag-ryan-et-tatum-oneal","tag-shirley-temple","tag-the-nat-king-cole-trio"],"_links":{"self":[{"href":"https:\/\/lafilledecorinthe.com\/wordpress\/wp-json\/wp\/v2\/posts\/8576","targetHints":{"allow":["GET"]}}],"collection":[{"href":"https:\/\/lafilledecorinthe.com\/wordpress\/wp-json\/wp\/v2\/posts"}],"about":[{"href":"https:\/\/lafilledecorinthe.com\/wordpress\/wp-json\/wp\/v2\/types\/post"}],"author":[{"embeddable":true,"href":"https:\/\/lafilledecorinthe.com\/wordpress\/wp-json\/wp\/v2\/users\/2"}],"replies":[{"embeddable":true,"href":"https:\/\/lafilledecorinthe.com\/wordpress\/wp-json\/wp\/v2\/comments?post=8576"}],"version-history":[{"count":18,"href":"https:\/\/lafilledecorinthe.com\/wordpress\/wp-json\/wp\/v2\/posts\/8576\/revisions"}],"predecessor-version":[{"id":14709,"href":"https:\/\/lafilledecorinthe.com\/wordpress\/wp-json\/wp\/v2\/posts\/8576\/revisions\/14709"}],"wp:featuredmedia":[{"embeddable":true,"href":"https:\/\/lafilledecorinthe.com\/wordpress\/wp-json\/wp\/v2\/media\/8880"}],"wp:attachment":[{"href":"https:\/\/lafilledecorinthe.com\/wordpress\/wp-json\/wp\/v2\/media?parent=8576"}],"wp:term":[{"taxonomy":"category","embeddable":true,"href":"https:\/\/lafilledecorinthe.com\/wordpress\/wp-json\/wp\/v2\/categories?post=8576"},{"taxonomy":"post_tag","embeddable":true,"href":"https:\/\/lafilledecorinthe.com\/wordpress\/wp-json\/wp\/v2\/tags?post=8576"}],"curies":[{"name":"wp","href":"https:\/\/api.w.org\/{rel}","templated":true}]}}