{"id":8571,"date":"2017-12-09T21:44:37","date_gmt":"2017-12-09T20:44:37","guid":{"rendered":"http:\/\/lafilledecorinthe.com\/wordpress\/?p=8571"},"modified":"2025-12-04T20:31:26","modified_gmt":"2025-12-04T19:31:26","slug":"maternelle-et-cinema-en-seine-et-marne","status":"publish","type":"post","link":"https:\/\/lafilledecorinthe.com\/wordpress\/2017\/12\/maternelle-et-cinema-en-seine-et-marne\/","title":{"rendered":"\u00ab\u00a0Maternelle et cin\u00e9ma\u00a0\u00bb en Seine-et-Marne"},"content":{"rendered":"<div class=\"wp-block-image\">\n<figure class=\"aligncenter\"><a href=\"https:\/\/lafilledecorinthe.com\/wordpress\/wp-content\/uploads\/2017\/12\/couv.jpg\"><img loading=\"lazy\" decoding=\"async\" width=\"1280\" height=\"937\" src=\"https:\/\/lafilledecorinthe.com\/wordpress\/wp-content\/uploads\/2017\/12\/couv-1280x937.jpg\" alt=\"couv\" class=\"wp-image-8574\" srcset=\"https:\/\/lafilledecorinthe.com\/wordpress\/wp-content\/uploads\/2017\/12\/couv-1280x937.jpg 1280w, https:\/\/lafilledecorinthe.com\/wordpress\/wp-content\/uploads\/2017\/12\/couv-680x498.jpg 680w, https:\/\/lafilledecorinthe.com\/wordpress\/wp-content\/uploads\/2017\/12\/couv-410x300.jpg 410w, https:\/\/lafilledecorinthe.com\/wordpress\/wp-content\/uploads\/2017\/12\/couv.jpg 1538w\" sizes=\"auto, (max-width: 1280px) 100vw, 1280px\" \/><\/a><\/figure>\n<\/div>\n\n\n<p><em>\u00ab\u00a0Ce n&rsquo;est pas la r\u00e9alit\u00e9 qui compte dans un film, mais ce que l&rsquo;imagination peut en faire.\u00a0\u00bb&nbsp;<\/em> &nbsp; &nbsp; &nbsp; &nbsp; &nbsp; &nbsp; &nbsp; &nbsp; &nbsp; &nbsp; &nbsp; &nbsp; &nbsp; &nbsp; &nbsp; &nbsp; &nbsp; &nbsp; &nbsp; &nbsp; &nbsp; &nbsp; &nbsp; &nbsp; &nbsp; &nbsp; Charlie Chaplin, <em>Histoire de ma vie<\/em>, Edition Laffont, 2002<\/p>\n\n\n\n<p><strong>Projection-conf\u00e9rence :<\/strong><br><em>La bo\u00eete \u00e0 malice<\/em><br><em>Voyages de r\u00eave<\/em><br>Cin\u00e9ma Espace Pr\u00e9vert de Savigny-le-Temple<br>Samedi 9 d\u00e9cembre 2017<\/p>\n\n\n\n<p>Document accompagnant la conf\u00e9rence :&nbsp;<a href=\"https:\/\/lafilledecorinthe.com\/wordpress\/wp-content\/uploads\/2017\/12\/pour-aller-plus-loin...pdf\">pour aller plus loin..<\/a><\/p>\n\n\n<div class=\"wp-block-image\">\n<figure class=\"aligncenter\"><a href=\"https:\/\/lafilledecorinthe.com\/wordpress\/wp-content\/uploads\/2017\/12\/Poisson_3.jpg\"><img loading=\"lazy\" decoding=\"async\" width=\"747\" height=\"576\" src=\"https:\/\/lafilledecorinthe.com\/wordpress\/wp-content\/uploads\/2017\/12\/Poisson_3.jpg\" alt=\"Poisson_3\" class=\"wp-image-8577\" srcset=\"https:\/\/lafilledecorinthe.com\/wordpress\/wp-content\/uploads\/2017\/12\/Poisson_3.jpg 747w, https:\/\/lafilledecorinthe.com\/wordpress\/wp-content\/uploads\/2017\/12\/Poisson_3-680x524.jpg 680w, https:\/\/lafilledecorinthe.com\/wordpress\/wp-content\/uploads\/2017\/12\/Poisson_3-389x300.jpg 389w\" sizes=\"auto, (max-width: 747px) 100vw, 747px\" \/><\/a><figcaption class=\"wp-element-caption\">\u00ab\u00a0Imagination \u00ab\u00a0, K\u00f4ji Yamamura, 1993<\/figcaption><\/figure>\n<\/div>\n\n\n<figure class=\"wp-block-embed is-type-video is-provider-youtube wp-block-embed-youtube wp-embed-aspect-16-9 wp-has-aspect-ratio\"><div class=\"wp-block-embed__wrapper\">\n<iframe loading=\"lazy\" title=\"Making of &quot;Pacusi&quot;\u3000\u300c\u30cf\u309a\u30af\u30b7\u300d\u30e1\u30fc\u30ad\u30f3\u30af\u3099\" width=\"720\" height=\"405\" src=\"https:\/\/www.youtube.com\/embed\/_zqv6d1x4YU?start=2&#038;feature=oembed\" frameborder=\"0\" allow=\"accelerometer; autoplay; clipboard-write; encrypted-media; gyroscope; picture-in-picture; web-share\" referrerpolicy=\"strict-origin-when-cross-origin\" allowfullscreen><\/iframe>\n<\/div><\/figure>\n\n\n\n<p>Photogrammes :&nbsp;<a href=\"https:\/\/lafilledecorinthe.com\/wordpress\/wp-content\/uploads\/2017\/12\/Images-se\u0301quentielles-.pdf\">Images se\u0301quentielles<\/a>,&nbsp;<a href=\"https:\/\/lafilledecorinthe.com\/wordpress\/wp-content\/uploads\/2017\/12\/me\u0301tamorphoses-.pdf\">me\u0301tamorphoses<\/a>.<\/p>\n\n\n\n<p><em>Rencontre fortuite<\/em> autour d&rsquo;un&nbsp;chapeau et d&rsquo;un parapluie&#8230;<\/p>\n\n\n<div class=\"wp-block-image\">\n<figure class=\"aligncenter\"><a href=\"https:\/\/lafilledecorinthe.com\/wordpress\/wp-content\/uploads\/2017\/12\/para2.jpg\"><img loading=\"lazy\" decoding=\"async\" width=\"1280\" height=\"957\" src=\"https:\/\/lafilledecorinthe.com\/wordpress\/wp-content\/uploads\/2017\/12\/para2-1280x957.jpg\" alt=\"para2\" class=\"wp-image-8588\" srcset=\"https:\/\/lafilledecorinthe.com\/wordpress\/wp-content\/uploads\/2017\/12\/para2-1280x957.jpg 1280w, https:\/\/lafilledecorinthe.com\/wordpress\/wp-content\/uploads\/2017\/12\/para2-680x508.jpg 680w, https:\/\/lafilledecorinthe.com\/wordpress\/wp-content\/uploads\/2017\/12\/para2-401x300.jpg 401w, https:\/\/lafilledecorinthe.com\/wordpress\/wp-content\/uploads\/2017\/12\/para2.jpg 1621w\" sizes=\"auto, (max-width: 1280px) 100vw, 1280px\" \/><\/a><figcaption class=\"wp-element-caption\">\u00ab\u00a0Imagination \u00ab\u00a0, K\u00f4ji Yamamura, 1993<\/figcaption><\/figure>\n<\/div>\n\n<div class=\"wp-block-image\">\n<figure class=\"aligncenter\"><a href=\"https:\/\/lafilledecorinthe.com\/wordpress\/wp-content\/uploads\/2017\/12\/chapeau.jpg\"><img loading=\"lazy\" decoding=\"async\" width=\"1280\" height=\"959\" src=\"https:\/\/lafilledecorinthe.com\/wordpress\/wp-content\/uploads\/2017\/12\/chapeau-1280x959.jpg\" alt=\"chapeau\" class=\"wp-image-8589\" srcset=\"https:\/\/lafilledecorinthe.com\/wordpress\/wp-content\/uploads\/2017\/12\/chapeau-1280x959.jpg 1280w, https:\/\/lafilledecorinthe.com\/wordpress\/wp-content\/uploads\/2017\/12\/chapeau-680x509.jpg 680w, https:\/\/lafilledecorinthe.com\/wordpress\/wp-content\/uploads\/2017\/12\/chapeau-401x300.jpg 401w, https:\/\/lafilledecorinthe.com\/wordpress\/wp-content\/uploads\/2017\/12\/chapeau.jpg 1617w\" sizes=\"auto, (max-width: 1280px) 100vw, 1280px\" \/><\/a><figcaption class=\"wp-element-caption\">\u00ab\u00a0Imagination \u00ab\u00a0, K\u00f4ji Yamamura, 1993<\/figcaption><\/figure>\n<\/div>\n\n<div class=\"wp-block-image\">\n<figure class=\"aligncenter\"><a href=\"https:\/\/lafilledecorinthe.com\/wordpress\/wp-content\/uploads\/2017\/12\/les-vacances-de-hegel.jpg\"><img loading=\"lazy\" decoding=\"async\" width=\"412\" height=\"500\" src=\"https:\/\/lafilledecorinthe.com\/wordpress\/wp-content\/uploads\/2017\/12\/les-vacances-de-hegel.jpg\" alt=\"les-vacances-de-hegel\" class=\"wp-image-8590\" srcset=\"https:\/\/lafilledecorinthe.com\/wordpress\/wp-content\/uploads\/2017\/12\/les-vacances-de-hegel.jpg 412w, https:\/\/lafilledecorinthe.com\/wordpress\/wp-content\/uploads\/2017\/12\/les-vacances-de-hegel-247x300.jpg 247w\" sizes=\"auto, (max-width: 412px) 100vw, 412px\" \/><\/a><figcaption class=\"wp-element-caption\">Les vacances de Hegel, Ren\u00e9 Magritte, 1958<\/figcaption><\/figure>\n<\/div>\n\n<div class=\"wp-block-image\">\n<figure class=\"aligncenter\"><a href=\"https:\/\/lafilledecorinthe.com\/wordpress\/wp-content\/uploads\/2017\/12\/IMG_1287.jpg\"><img loading=\"lazy\" decoding=\"async\" width=\"1185\" height=\"1280\" src=\"https:\/\/lafilledecorinthe.com\/wordpress\/wp-content\/uploads\/2017\/12\/IMG_1287-1185x1280.jpg\" alt=\"IMG_1287\" class=\"wp-image-8591\" srcset=\"https:\/\/lafilledecorinthe.com\/wordpress\/wp-content\/uploads\/2017\/12\/IMG_1287-1185x1280.jpg 1185w, https:\/\/lafilledecorinthe.com\/wordpress\/wp-content\/uploads\/2017\/12\/IMG_1287-630x680.jpg 630w, https:\/\/lafilledecorinthe.com\/wordpress\/wp-content\/uploads\/2017\/12\/IMG_1287-278x300.jpg 278w\" sizes=\"auto, (max-width: 1185px) 100vw, 1185px\" \/><\/a><figcaption class=\"wp-element-caption\">Chut !, Patrick Couratin, Harlin Quist, 1998<\/figcaption><\/figure>\n<\/div>\n\n\n<p>K\u00f4ji Yamamura, c&rsquo;est aussi <a title=\"Enfances au cin\u00e9ma : \u00e7a grouille chez les insectes !\" href=\"https:\/\/lafilledecorinthe.com\/wordpress\/2014\/05\/enfances-au-cinema-ca-grouille-chez-les-insectes\/\">ici<\/a>,&nbsp;<a title=\"\u00ab&nbsp;Maternelle et cin\u00e9ma&nbsp;\u00bb dans le Val d\u2019Oise\" href=\"https:\/\/lafilledecorinthe.com\/wordpress\/2015\/10\/maternelle-et-cinema-dans-le-val-doise\/\">ici<\/a> ou encore <a title=\"K\u00f4ji Yamamura au Carrefour du cin\u00e9ma d\u2019animation\" href=\"https:\/\/lafilledecorinthe.com\/wordpress\/2013\/12\/koji-yamamura-au-carrefour-de-lanimation\/\">l\u00e0<\/a> !<\/p>\n\n\n<div class=\"wp-block-image\">\n<figure class=\"aligncenter\"><a href=\"https:\/\/lafilledecorinthe.com\/wordpress\/wp-content\/uploads\/2017\/12\/Impression_d_arc_en_ciel4.jpg\"><img loading=\"lazy\" decoding=\"async\" width=\"732\" height=\"535\" src=\"https:\/\/lafilledecorinthe.com\/wordpress\/wp-content\/uploads\/2017\/12\/Impression_d_arc_en_ciel4.jpg\" alt=\"Impression_d_arc_en_ciel4\" class=\"wp-image-8580\" srcset=\"https:\/\/lafilledecorinthe.com\/wordpress\/wp-content\/uploads\/2017\/12\/Impression_d_arc_en_ciel4.jpg 732w, https:\/\/lafilledecorinthe.com\/wordpress\/wp-content\/uploads\/2017\/12\/Impression_d_arc_en_ciel4-680x497.jpg 680w, https:\/\/lafilledecorinthe.com\/wordpress\/wp-content\/uploads\/2017\/12\/Impression_d_arc_en_ciel4-410x300.jpg 410w\" sizes=\"auto, (max-width: 732px) 100vw, 732px\" \/><\/a><figcaption class=\"wp-element-caption\">Impression d\u2019arc en ciel, Gitanjali Rao, 2006<\/figcaption><\/figure>\n<\/div>\n\n\n<p>Photogrammes :&nbsp;<a href=\"https:\/\/lafilledecorinthe.com\/wordpress\/wp-content\/uploads\/2017\/12\/regard-subjectif.pdf\">regard subjectif<\/a><\/p>\n\n\n\n<p><em>Voyages de r\u00eave<\/em>,&nbsp;c&rsquo;est aussi <a title=\"\u00ab&nbsp;Maternelle et cin\u00e9ma&nbsp;\u00bb dans le Cher\" href=\"https:\/\/lafilledecorinthe.com\/wordpress\/2016\/11\/maternelle-et-cinema-dans-le-cher\/\">ici<\/a>&nbsp;et<a title=\"La r\u00e9alisatrice Gitanjali Rao au Forum des images\" href=\"https:\/\/lafilledecorinthe.com\/wordpress\/2017\/02\/la-realisatrice-gitanjali-rao-au-forum-des-images\/\"> l\u00e0<\/a> !<\/p>\n\n\n\n<p>Deux dossiers tr\u00e8s complets r\u00e9alis\u00e9s par les conseillers p\u00e9dagogiques d\u00e9partementaux arts plastiques et visuels du 77 : <a href=\"http:\/\/77lezarts.free.fr\/E_et_MC_1718\/La_boite_a_malice.pdf\">La bo\u00eete \u00e0 malice<\/a>, <a href=\"http:\/\/77lezarts.free.fr\/E_et_MC_1718\/Voyages_de_reve.pdf\">Voyages de r\u00eave<\/a>.<\/p>\n","protected":false},"excerpt":{"rendered":"<p>\u00ab\u00a0Ce n&rsquo;est pas la r\u00e9alit\u00e9 qui compte dans un film, mais ce que l&rsquo;imagination peut en faire.\u00a0\u00bb&nbsp; &nbsp; &nbsp; &nbsp; &nbsp; &nbsp; &nbsp; &nbsp; &nbsp; &nbsp; &nbsp; &nbsp; &nbsp; &nbsp; &nbsp; &nbsp; &nbsp; &nbsp; &nbsp; &nbsp; &nbsp; &nbsp; &nbsp; &nbsp; &nbsp; &nbsp; &nbsp; Charlie Chaplin, Histoire de ma vie, Edition Laffont, 2002 Projection-conf\u00e9rence :La bo\u00eete&#8230;<\/p>\n","protected":false},"author":2,"featured_media":8577,"comment_status":"open","ping_status":"open","sticky":false,"template":"","format":"standard","meta":{"_kad_post_transparent":"","_kad_post_title":"","_kad_post_layout":"","_kad_post_sidebar_id":"","_kad_post_content_style":"","_kad_post_vertical_padding":"","_kad_post_feature":"","_kad_post_feature_position":"","_kad_post_header":false,"_kad_post_footer":false,"_kad_post_classname":"","footnotes":""},"categories":[8],"tags":[1596,1427,1592,1593,304,834,1594,103,965,1595,1591,1342],"class_list":["post-8571","post","type-post","status-publish","format-standard","has-post-thumbnail","hentry","category-formations-adultes","tag-chut","tag-gitanjali-rao","tag-imagination","tag-impression-darc-en-ciel","tag-koji-yamamura","tag-la-boite-a-malice","tag-les-vacances-de-hegel","tag-magritte","tag-maternelle-et-cinema","tag-patrick-couratin","tag-seine-et-marne","tag-voyages-de-reve"],"_links":{"self":[{"href":"https:\/\/lafilledecorinthe.com\/wordpress\/wp-json\/wp\/v2\/posts\/8571","targetHints":{"allow":["GET"]}}],"collection":[{"href":"https:\/\/lafilledecorinthe.com\/wordpress\/wp-json\/wp\/v2\/posts"}],"about":[{"href":"https:\/\/lafilledecorinthe.com\/wordpress\/wp-json\/wp\/v2\/types\/post"}],"author":[{"embeddable":true,"href":"https:\/\/lafilledecorinthe.com\/wordpress\/wp-json\/wp\/v2\/users\/2"}],"replies":[{"embeddable":true,"href":"https:\/\/lafilledecorinthe.com\/wordpress\/wp-json\/wp\/v2\/comments?post=8571"}],"version-history":[{"count":13,"href":"https:\/\/lafilledecorinthe.com\/wordpress\/wp-json\/wp\/v2\/posts\/8571\/revisions"}],"predecessor-version":[{"id":14619,"href":"https:\/\/lafilledecorinthe.com\/wordpress\/wp-json\/wp\/v2\/posts\/8571\/revisions\/14619"}],"wp:featuredmedia":[{"embeddable":true,"href":"https:\/\/lafilledecorinthe.com\/wordpress\/wp-json\/wp\/v2\/media\/8577"}],"wp:attachment":[{"href":"https:\/\/lafilledecorinthe.com\/wordpress\/wp-json\/wp\/v2\/media?parent=8571"}],"wp:term":[{"taxonomy":"category","embeddable":true,"href":"https:\/\/lafilledecorinthe.com\/wordpress\/wp-json\/wp\/v2\/categories?post=8571"},{"taxonomy":"post_tag","embeddable":true,"href":"https:\/\/lafilledecorinthe.com\/wordpress\/wp-json\/wp\/v2\/tags?post=8571"}],"curies":[{"name":"wp","href":"https:\/\/api.w.org\/{rel}","templated":true}]}}