{"id":852,"date":"2012-05-30T12:29:40","date_gmt":"2012-05-30T11:29:40","guid":{"rendered":"http:\/\/lafilledecorinthe.com\/wordpress\/?p=852"},"modified":"2025-12-10T10:59:19","modified_gmt":"2025-12-10T09:59:19","slug":"the-photographers-gallery-a-londres","status":"publish","type":"post","link":"https:\/\/lafilledecorinthe.com\/wordpress\/2012\/05\/the-photographers-gallery-a-londres\/","title":{"rendered":"The photographers&rsquo; gallery \u00e0 Londres"},"content":{"rendered":"\n<p>Ce lieu superbe d\u00e9di\u00e9 \u00e0 la photographie vient de r\u00e9ouvrir ses portes. Si vous avez la chance de fl\u00e2ner dans les rues de Londres, n&rsquo;h\u00e9sitez pas, c&rsquo;est \u00e0 quelques minutes d&rsquo;Oxford Circus, dans une petite rue sombre, Ramillies Street. C&rsquo;est ouvert 7 jours sur 7, c&rsquo;est gratuit et c&rsquo;est passionnant. Vous commencez par monter jusqu&rsquo;au cinqui\u00e8me \u00e9tage de cet immeuble tout en hauteur, trois niveaux sont r\u00e9serv\u00e9s aux salles d&rsquo;exposition.<\/p>\n\n\n\n<p>Jusqu&rsquo;au premier juillet, vous pourrez d\u00e9couvrir le travail de l&rsquo;artiste canadien, <a href=\"http:\/\/www.edwardburtynsky.com\/\">Edward<\/a> <a href=\"http:\/\/www.edwardburtynsky.com\/\">Burtynsky<\/a>. Un diptyque en couleur happe notre regard, des centaines de pompes \u00e0 p\u00e9trole envahissent, saturent l&rsquo;espace. C&rsquo;est beau et angoissant en m\u00eame temps ! Cette contradiction ne nous quittera pas de toute l&rsquo;exposition, Burtynsky documente l&rsquo;impact de l&rsquo;activit\u00e9 p\u00e9troli\u00e8re sur la nature, de son extraction aux cimeti\u00e8res \u00e0 p\u00e9troliers du Bangladesh, par des photos esth\u00e9thiquement irr\u00e9prochables.<\/p>\n\n\n<div class=\"wp-block-image\">\n<figure class=\"aligncenter size-medium\"><a href=\"https:\/\/lafilledecorinthe.com\/wordpress\/wp-content\/uploads\/2012\/05\/P10406691.jpg\"><img loading=\"lazy\" decoding=\"async\" width=\"680\" height=\"510\" src=\"https:\/\/lafilledecorinthe.com\/wordpress\/wp-content\/uploads\/2012\/05\/P10406691-680x510.jpg\" alt=\"\" class=\"wp-image-857\" srcset=\"https:\/\/lafilledecorinthe.com\/wordpress\/wp-content\/uploads\/2012\/05\/P10406691-680x510.jpg 680w, https:\/\/lafilledecorinthe.com\/wordpress\/wp-content\/uploads\/2012\/05\/P10406691-1280x960.jpg 1280w, https:\/\/lafilledecorinthe.com\/wordpress\/wp-content\/uploads\/2012\/05\/P10406691-400x300.jpg 400w\" sizes=\"auto, (max-width: 680px) 100vw, 680px\" \/><\/a><figcaption class=\"wp-element-caption\">Vue de l&rsquo;exposition Burtynsky Mai 2012<\/figcaption><\/figure>\n<\/div>\n\n<div class=\"wp-block-image\">\n<figure class=\"aligncenter size-medium\"><a href=\"https:\/\/lafilledecorinthe.com\/wordpress\/wp-content\/uploads\/2012\/05\/P1040672.jpg\"><img loading=\"lazy\" decoding=\"async\" width=\"680\" height=\"510\" src=\"https:\/\/lafilledecorinthe.com\/wordpress\/wp-content\/uploads\/2012\/05\/P1040672-680x510.jpg\" alt=\"\" class=\"wp-image-856\" srcset=\"https:\/\/lafilledecorinthe.com\/wordpress\/wp-content\/uploads\/2012\/05\/P1040672-680x510.jpg 680w, https:\/\/lafilledecorinthe.com\/wordpress\/wp-content\/uploads\/2012\/05\/P1040672-400x300.jpg 400w, https:\/\/lafilledecorinthe.com\/wordpress\/wp-content\/uploads\/2012\/05\/P1040672.jpg 800w\" sizes=\"auto, (max-width: 680px) 100vw, 680px\" \/><\/a><figcaption class=\"wp-element-caption\">Vue de l&rsquo;exposition Burtynsky Mai 2012<\/figcaption><\/figure>\n<\/div>\n\n\n<p>Le dernier \u00e9tage d&rsquo;exposition montre deux oeuvres d&rsquo;un collectif indien, <a href=\"http:\/\/www.raqsmediacollective.net\/works.aspx\" target=\"_blank\" rel=\"noopener\">Raqs M\u00e9dia Collective<\/a>. Une vid\u00e9o en boucle de 3 min, r\u00e9alis\u00e9e \u00e0 partir d&rsquo;une photographie d&rsquo;archive d&rsquo;un bureau de g\u00e9om\u00e8tres \u00e0 Calcutta, est fascinante ! Voyage po\u00e9tique dans l&rsquo;histoire du m\u00e9dium.<\/p>\n\n\n<div class=\"wp-block-image\">\n<figure class=\"aligncenter\"><a href=\"https:\/\/lafilledecorinthe.com\/wordpress\/wp-content\/uploads\/2012\/05\/a5b1ec8d-e38c-424d-b2b5-dfd3ff32b25b.jpg\"><img loading=\"lazy\" decoding=\"async\" width=\"800\" height=\"600\" src=\"https:\/\/lafilledecorinthe.com\/wordpress\/wp-content\/uploads\/2012\/05\/a5b1ec8d-e38c-424d-b2b5-dfd3ff32b25b.jpg\" alt=\"\" class=\"wp-image-860\" srcset=\"https:\/\/lafilledecorinthe.com\/wordpress\/wp-content\/uploads\/2012\/05\/a5b1ec8d-e38c-424d-b2b5-dfd3ff32b25b.jpg 800w, https:\/\/lafilledecorinthe.com\/wordpress\/wp-content\/uploads\/2012\/05\/a5b1ec8d-e38c-424d-b2b5-dfd3ff32b25b-680x510.jpg 680w, https:\/\/lafilledecorinthe.com\/wordpress\/wp-content\/uploads\/2012\/05\/a5b1ec8d-e38c-424d-b2b5-dfd3ff32b25b-400x300.jpg 400w\" sizes=\"auto, (max-width: 800px) 100vw, 800px\" \/><\/a><figcaption class=\"wp-element-caption\">An Afternoon Unregistered on the Richter Scale, 2011 Video still \u00a9 Raqs Media Collective<\/figcaption><\/figure>\n<\/div>\n\n\n<p>L&rsquo;\u00e9tage suivant est r\u00e9serv\u00e9 aux activit\u00e9s \u00e9ducatives, la cam\u00e9ra obscura n&rsquo;est h\u00e9las pas accessible mais je me console par un dispositif participatif appel\u00e9 Touchstone. Le principe est simple et efficace. Une seule photo est pr\u00e9sent\u00e9e, j&rsquo;ai sous les yeux un caisson lumineux exposant The Giant de Jeff Wall.<\/p>\n\n\n<div class=\"wp-block-image\">\n<figure class=\"aligncenter size-medium\"><a href=\"https:\/\/lafilledecorinthe.com\/wordpress\/wp-content\/uploads\/2012\/05\/P1040674.jpg\"><img loading=\"lazy\" decoding=\"async\" width=\"680\" height=\"510\" src=\"https:\/\/lafilledecorinthe.com\/wordpress\/wp-content\/uploads\/2012\/05\/P1040674-680x510.jpg\" alt=\"\" class=\"wp-image-868\" srcset=\"https:\/\/lafilledecorinthe.com\/wordpress\/wp-content\/uploads\/2012\/05\/P1040674-680x510.jpg 680w, https:\/\/lafilledecorinthe.com\/wordpress\/wp-content\/uploads\/2012\/05\/P1040674-400x300.jpg 400w, https:\/\/lafilledecorinthe.com\/wordpress\/wp-content\/uploads\/2012\/05\/P1040674.jpg 800w\" sizes=\"auto, (max-width: 680px) 100vw, 680px\" \/><\/a><figcaption class=\"wp-element-caption\">The Giant de Jeff Wall, 1992<\/figcaption><\/figure>\n<\/div>\n\n\n<p>Les visiteurs sont invit\u00e9s \u00e0 prendre du temps pour regarder la photographie et pour \u00e9crire simplement ce qu&rsquo;ils voient : what do you see ?<\/p>\n\n\n<div class=\"wp-block-image\">\n<figure class=\"aligncenter size-medium\"><a href=\"https:\/\/lafilledecorinthe.com\/wordpress\/wp-content\/uploads\/2012\/05\/P1040673.jpg\"><img loading=\"lazy\" decoding=\"async\" width=\"680\" height=\"510\" src=\"https:\/\/lafilledecorinthe.com\/wordpress\/wp-content\/uploads\/2012\/05\/P1040673-680x510.jpg\" alt=\"\" class=\"wp-image-867\" srcset=\"https:\/\/lafilledecorinthe.com\/wordpress\/wp-content\/uploads\/2012\/05\/P1040673-680x510.jpg 680w, https:\/\/lafilledecorinthe.com\/wordpress\/wp-content\/uploads\/2012\/05\/P1040673-400x300.jpg 400w, https:\/\/lafilledecorinthe.com\/wordpress\/wp-content\/uploads\/2012\/05\/P1040673.jpg 800w\" sizes=\"auto, (max-width: 680px) 100vw, 680px\" \/><\/a><figcaption class=\"wp-element-caption\">Touchstone The Photographers&rsquo; Gallery Mai 2012<\/figcaption><\/figure>\n<\/div>\n\n<div class=\"wp-block-image\">\n<figure class=\"aligncenter size-medium\"><a href=\"https:\/\/lafilledecorinthe.com\/wordpress\/wp-content\/uploads\/2012\/05\/P1040676.jpg\"><img loading=\"lazy\" decoding=\"async\" width=\"680\" height=\"510\" src=\"https:\/\/lafilledecorinthe.com\/wordpress\/wp-content\/uploads\/2012\/05\/P1040676-680x510.jpg\" alt=\"\" class=\"wp-image-869\" srcset=\"https:\/\/lafilledecorinthe.com\/wordpress\/wp-content\/uploads\/2012\/05\/P1040676-680x510.jpg 680w, https:\/\/lafilledecorinthe.com\/wordpress\/wp-content\/uploads\/2012\/05\/P1040676-400x300.jpg 400w, https:\/\/lafilledecorinthe.com\/wordpress\/wp-content\/uploads\/2012\/05\/P1040676.jpg 800w\" sizes=\"auto, (max-width: 680px) 100vw, 680px\" \/><\/a><figcaption class=\"wp-element-caption\">Touchstone The Photographers&rsquo; Gallery Mai 2012<\/figcaption><\/figure>\n<\/div>\n\n\n<p>Une s\u00e9lection des descriptions sera mise \u00e0 disposition sur le <a href=\"http:\/\/thephotographersgallery.org.uk\/whatdoyousee\" target=\"_blank\" rel=\"noopener\">site<\/a>.<\/p>\n\n\n\n<p>La pr\u00e9sentation du lieu serait incompl\u00e8te si je ne parlais pas du caf\u00e9, de la galerie de vente o\u00f9 j&rsquo;ai pu admirer de belles photos d&rsquo;Elliott Erwitt et de la boutique librairie qui offre une s\u00e9lection originale d&rsquo;appareils photos . J&rsquo;ai craqu\u00e9 pour l&rsquo;anc\u00eatre de l&rsquo;appareil photo, un st\u00e9nop\u00e9 \u00e0 monter. J&rsquo;en reparlerai !<\/p>\n","protected":false},"excerpt":{"rendered":"<p>Ce lieu superbe d\u00e9di\u00e9 \u00e0 la photographie vient de r\u00e9ouvrir ses portes. Si vous avez la chance de fl\u00e2ner dans les rues de Londres, n&rsquo;h\u00e9sitez pas, c&rsquo;est \u00e0 quelques minutes d&rsquo;Oxford Circus, dans une petite rue sombre, Ramillies Street. C&rsquo;est ouvert 7 jours sur 7, c&rsquo;est gratuit et c&rsquo;est passionnant. Vous commencez par monter jusqu&rsquo;au&#8230;<\/p>\n","protected":false},"author":2,"featured_media":854,"comment_status":"open","ping_status":"open","sticky":false,"template":"","format":"standard","meta":{"_kad_post_transparent":"","_kad_post_title":"","_kad_post_layout":"","_kad_post_sidebar_id":"","_kad_post_content_style":"","_kad_post_vertical_padding":"","_kad_post_feature":"","_kad_post_feature_position":"","_kad_post_header":false,"_kad_post_footer":false,"_kad_post_classname":"","footnotes":""},"categories":[6,13],"tags":[114,117,111,116,112,113,107,115,118,119],"class_list":["post-852","post","type-post","status-publish","format-standard","has-post-thumbnail","hentry","category-blog","category-sorties-culturelles","tag-burtynsksy","tag-camera-obscura","tag-galerie-de-photos","tag-jeff-wall","tag-londres","tag-photographers-gallery","tag-photographie","tag-raqs-media-collective","tag-stenope","tag-touchstone"],"_links":{"self":[{"href":"https:\/\/lafilledecorinthe.com\/wordpress\/wp-json\/wp\/v2\/posts\/852","targetHints":{"allow":["GET"]}}],"collection":[{"href":"https:\/\/lafilledecorinthe.com\/wordpress\/wp-json\/wp\/v2\/posts"}],"about":[{"href":"https:\/\/lafilledecorinthe.com\/wordpress\/wp-json\/wp\/v2\/types\/post"}],"author":[{"embeddable":true,"href":"https:\/\/lafilledecorinthe.com\/wordpress\/wp-json\/wp\/v2\/users\/2"}],"replies":[{"embeddable":true,"href":"https:\/\/lafilledecorinthe.com\/wordpress\/wp-json\/wp\/v2\/comments?post=852"}],"version-history":[{"count":25,"href":"https:\/\/lafilledecorinthe.com\/wordpress\/wp-json\/wp\/v2\/posts\/852\/revisions"}],"predecessor-version":[{"id":15378,"href":"https:\/\/lafilledecorinthe.com\/wordpress\/wp-json\/wp\/v2\/posts\/852\/revisions\/15378"}],"wp:featuredmedia":[{"embeddable":true,"href":"https:\/\/lafilledecorinthe.com\/wordpress\/wp-json\/wp\/v2\/media\/854"}],"wp:attachment":[{"href":"https:\/\/lafilledecorinthe.com\/wordpress\/wp-json\/wp\/v2\/media?parent=852"}],"wp:term":[{"taxonomy":"category","embeddable":true,"href":"https:\/\/lafilledecorinthe.com\/wordpress\/wp-json\/wp\/v2\/categories?post=852"},{"taxonomy":"post_tag","embeddable":true,"href":"https:\/\/lafilledecorinthe.com\/wordpress\/wp-json\/wp\/v2\/tags?post=852"}],"curies":[{"name":"wp","href":"https:\/\/api.w.org\/{rel}","templated":true}]}}