{"id":8507,"date":"2017-11-27T13:08:48","date_gmt":"2017-11-27T12:08:48","guid":{"rendered":"http:\/\/lafilledecorinthe.com\/wordpress\/?p=8507"},"modified":"2025-12-06T07:21:28","modified_gmt":"2025-12-06T06:21:28","slug":"maternelle-et-cinema-en-loire-atlantique","status":"publish","type":"post","link":"https:\/\/lafilledecorinthe.com\/wordpress\/2017\/11\/maternelle-et-cinema-en-loire-atlantique\/","title":{"rendered":"\u00ab\u00a0Maternelle et Cin\u00e9ma\u00a0\u00bb en Loire-Atlantique"},"content":{"rendered":"\n<p><em>Nous attachons une importance extr\u00eame \u00e0 cette d\u00e9couverte par les enfants des films dans une \u2018vraie salle de cin\u00e9ma\u2019. Ce qui se construit, dans l\u2019obscurit\u00e9 peupl\u00e9e de silhouettes des spectateurs et des sons de leurs r\u00e9actions est unique. II s\u2019agit d\u2019un spectacle et d\u2019\u00e9motions v\u00e9cues dont le souvenir nous accompagne plus ou moins longtemps selon la force des films. Et l\u2019on sait aujourd\u2019hui l\u2019importance de ces \u00e9motions dans la construction m\u00eame de notre intelligence.<\/em><br>Jean-Pierre Daniel, citation extraite du <a href=\"http:\/\/www.lefildesimages.fr\/histoire-et-enjeux-de-leducation-limage\/\" target=\"_blank\" rel=\"noopener\">texte<\/a> \u00ab\u00a0Histoire et enjeux de l&rsquo;\u00e9ducation \u00e0 l&rsquo;image\u00a0\u00bb<\/p>\n\n\n\n<p><strong>Conf\u00e9rence :<\/strong><br><em>Petites Z&rsquo;escapades<\/em><br><em>Loulou et autres loups<\/em><br>Cin\u00e9ma <em>Le Cin\u00e9matographe<\/em> de Nantes<br>Mercredi 29 novembre 2017<\/p>\n\n\n\n<p>Document accompagnant la conf\u00e9rence :&nbsp;<a href=\"https:\/\/lafilledecorinthe.com\/wordpress\/wp-content\/uploads\/2017\/11\/Pour-aller-plus-loin-6.pdf\">Pour aller plus loin<\/a><\/p>\n\n\n\n<figure class=\"wp-block-embed is-type-video is-provider-youtube wp-block-embed-youtube wp-embed-aspect-16-9 wp-has-aspect-ratio\"><div class=\"wp-block-embed__wrapper\">\n<iframe loading=\"lazy\" title=\"Petites z&#039;escapades | bande annonce\" width=\"720\" height=\"405\" src=\"https:\/\/www.youtube.com\/embed\/elbXLqXYl2E?feature=oembed\" frameborder=\"0\" allow=\"accelerometer; autoplay; clipboard-write; encrypted-media; gyroscope; picture-in-picture; web-share\" referrerpolicy=\"strict-origin-when-cross-origin\" allowfullscreen><\/iframe>\n<\/div><\/figure>\n\n\n\n<p><i>Pour mes courts m\u00e9trages, je ne commence jamais par l\u2019\u00e9criture du sc\u00e9nario. J\u2019ai une image dans la t\u00eate et j\u2019essaye de la dessiner, et c\u2019est ensuite seulement que je construis un r\u00e9cit autour de cette image.<\/i><br>Pierre-Luc Granjon dans \u00ab\u00a0Dessins Anim\u00e9s, Films d\u2019animation, carnets de croquis\u00a0\u00bb de Laura Heit, Editions de La Martini\u00e8re, 2013<\/p>\n\n\n<div class=\"wp-block-image\">\n<figure class=\"aligncenter\"><a href=\"https:\/\/lafilledecorinthe.com\/wordpress\/wp-content\/uploads\/2017\/11\/dessin2.jpg\"><img loading=\"lazy\" decoding=\"async\" width=\"1280\" height=\"785\" src=\"https:\/\/lafilledecorinthe.com\/wordpress\/wp-content\/uploads\/2017\/11\/dessin2-1280x785.jpg\" alt=\"dessin2\" class=\"wp-image-8523\" srcset=\"https:\/\/lafilledecorinthe.com\/wordpress\/wp-content\/uploads\/2017\/11\/dessin2-1280x785.jpg 1280w, https:\/\/lafilledecorinthe.com\/wordpress\/wp-content\/uploads\/2017\/11\/dessin2-680x417.jpg 680w, https:\/\/lafilledecorinthe.com\/wordpress\/wp-content\/uploads\/2017\/11\/dessin2-489x300.jpg 489w, https:\/\/lafilledecorinthe.com\/wordpress\/wp-content\/uploads\/2017\/11\/dessin2.jpg 1860w\" sizes=\"auto, (max-width: 1280px) 100vw, 1280px\" \/><\/a><figcaption class=\"wp-element-caption\">Petite escapade de Pierre-Luc Granjon, 2001<\/figcaption><\/figure>\n<\/div>\n\n\n<p>Photogrammes <em>Petite escapade<\/em> :&nbsp;<a href=\"https:\/\/lafilledecorinthe.com\/wordpress\/wp-content\/uploads\/2017\/11\/de-plus-en-plus-pre\u0300s-.pdf\">de plus en plus pre\u0300s<\/a>&nbsp;,&nbsp;<a href=\"https:\/\/lafilledecorinthe.com\/wordpress\/wp-content\/uploads\/2017\/11\/les-valeurs-de-plans-.pdf\">les valeurs de plans<\/a>&nbsp;et&nbsp;<a href=\"https:\/\/lafilledecorinthe.com\/wordpress\/wp-content\/uploads\/2017\/11\/de-la-re\u0301alite\u0301-a\u0300-la-fiction-.pdf\">de la re\u0301alite\u0301 a\u0300 la fiction<\/a>.<\/p>\n\n\n\n<p>Oeuvres&nbsp;en lien avec <em>Au bout du monde<\/em> de Konstantin Bronzit&#8230;<\/p>\n\n\n<div class=\"wp-block-image\">\n<figure class=\"aligncenter\"><a href=\"https:\/\/lafilledecorinthe.com\/wordpress\/wp-content\/uploads\/2017\/11\/Au_bout_du_monde.jpg\"><img loading=\"lazy\" decoding=\"async\" width=\"1280\" height=\"788\" src=\"https:\/\/lafilledecorinthe.com\/wordpress\/wp-content\/uploads\/2017\/11\/Au_bout_du_monde-1280x788.jpg\" alt=\"Au_bout_du_monde\" class=\"wp-image-8554\" srcset=\"https:\/\/lafilledecorinthe.com\/wordpress\/wp-content\/uploads\/2017\/11\/Au_bout_du_monde-1280x788.jpg 1280w, https:\/\/lafilledecorinthe.com\/wordpress\/wp-content\/uploads\/2017\/11\/Au_bout_du_monde-680x419.jpg 680w, https:\/\/lafilledecorinthe.com\/wordpress\/wp-content\/uploads\/2017\/11\/Au_bout_du_monde-487x300.jpg 487w, https:\/\/lafilledecorinthe.com\/wordpress\/wp-content\/uploads\/2017\/11\/Au_bout_du_monde.jpg 1868w\" sizes=\"auto, (max-width: 1280px) 100vw, 1280px\" \/><\/a><figcaption class=\"wp-element-caption\">Au bout du monde de Konstantin Bronzit, 1999<\/figcaption><\/figure>\n<\/div>\n\n<div class=\"wp-block-image\">\n<figure class=\"aligncenter\"><a href=\"https:\/\/lafilledecorinthe.com\/wordpress\/wp-content\/uploads\/2017\/11\/la_rue_e_vers_l_or.jpg\"><img loading=\"lazy\" decoding=\"async\" width=\"1280\" height=\"934\" src=\"https:\/\/lafilledecorinthe.com\/wordpress\/wp-content\/uploads\/2017\/11\/la_rue_e_vers_l_or-1280x934.jpg\" alt=\"la_rue_e_vers_l_or\" class=\"wp-image-8555\" srcset=\"https:\/\/lafilledecorinthe.com\/wordpress\/wp-content\/uploads\/2017\/11\/la_rue_e_vers_l_or-1280x934.jpg 1280w, https:\/\/lafilledecorinthe.com\/wordpress\/wp-content\/uploads\/2017\/11\/la_rue_e_vers_l_or-680x496.jpg 680w, https:\/\/lafilledecorinthe.com\/wordpress\/wp-content\/uploads\/2017\/11\/la_rue_e_vers_l_or-411x300.jpg 411w, https:\/\/lafilledecorinthe.com\/wordpress\/wp-content\/uploads\/2017\/11\/la_rue_e_vers_l_or.jpg 1568w\" sizes=\"auto, (max-width: 1280px) 100vw, 1280px\" \/><\/a><figcaption class=\"wp-element-caption\">La ru\u00e9e vers l&rsquo;or de Charles Chaplin, 1925-1942<\/figcaption><\/figure>\n<\/div>\n\n<div class=\"wp-block-image\">\n<figure class=\"aligncenter\"><a href=\"https:\/\/lafilledecorinthe.com\/wordpress\/wp-content\/uploads\/2017\/11\/albums.jpg\"><img loading=\"lazy\" decoding=\"async\" width=\"1280\" height=\"960\" src=\"https:\/\/lafilledecorinthe.com\/wordpress\/wp-content\/uploads\/2017\/11\/albums-1280x960.jpg\" alt=\"albums\" class=\"wp-image-8556\" srcset=\"https:\/\/lafilledecorinthe.com\/wordpress\/wp-content\/uploads\/2017\/11\/albums-1280x960.jpg 1280w, https:\/\/lafilledecorinthe.com\/wordpress\/wp-content\/uploads\/2017\/11\/albums-680x510.jpg 680w, https:\/\/lafilledecorinthe.com\/wordpress\/wp-content\/uploads\/2017\/11\/albums-400x300.jpg 400w\" sizes=\"auto, (max-width: 1280px) 100vw, 1280px\" \/><\/a><figcaption class=\"wp-element-caption\">\u00ab\u00a0Bascule\u00a0\u00bb, \u00ab\u00a0Un tout petit coup de main\u00a0\u00bb, \u00ab\u00a0Who is playing with the grey elephant ?\u00a0\u00bb deux albums et un flip-book<\/figcaption><\/figure>\n<\/div>\n\n\n<figure class=\"wp-block-embed is-type-video is-provider-youtube wp-block-embed-youtube wp-embed-aspect-4-3 wp-has-aspect-ratio\"><div class=\"wp-block-embed__wrapper\">\n<iframe loading=\"lazy\" title=\"\u0410\u0442\u0442\u0440\u0430\u043a\u0446\u0438\u043e\u043d | Attraction | Animated Short Film | Cannes International Film Festival 1996\" width=\"720\" height=\"540\" src=\"https:\/\/www.youtube.com\/embed\/h_9N-XQVN0k?feature=oembed\" frameborder=\"0\" allow=\"accelerometer; autoplay; clipboard-write; encrypted-media; gyroscope; picture-in-picture; web-share\" referrerpolicy=\"strict-origin-when-cross-origin\" allowfullscreen><\/iframe>\n<\/div><\/figure>\n\n\n\n<p>&nbsp;<\/p>\n\n\n\n<figure class=\"wp-block-embed is-type-video is-provider-youtube wp-block-embed-youtube wp-embed-aspect-4-3 wp-has-aspect-ratio\"><div class=\"wp-block-embed__wrapper\">\n<iframe loading=\"lazy\" title=\"Loulou et autres loups - Film annonce\" width=\"720\" height=\"540\" src=\"https:\/\/www.youtube.com\/embed\/646KO4jL6M8?start=3&#038;feature=oembed\" frameborder=\"0\" allow=\"accelerometer; autoplay; clipboard-write; encrypted-media; gyroscope; picture-in-picture; web-share\" referrerpolicy=\"strict-origin-when-cross-origin\" allowfullscreen><\/iframe>\n<\/div><\/figure>\n\n\n\n<p><i>J\u2019ai toujours pens\u00e9 que la seule dimension int\u00e9ressante du dessin anim\u00e9 n\u2019\u00e9tait pas le dessin mais la musique et les sons. Un dessin est anim\u00e9 quand il est dynamique, il se suffit \u00e0 lui-m\u00eame, tandis que le son n\u2019est pas rempla\u00e7able. Les dessins de Reiser, par exemple, animer Reiser n\u2019a pas de sens, parce que c\u2019est de la dynamique pure. La vraie dimension, c\u2019est le son, c\u2019est-\u00e0-dire les acteurs, et la vie.youtube 646KO4jL6M8<\/i>Gr\u00e9goire Solotareff,<span class=\"Apple-converted-space\">&nbsp; \u00ab\u00a0<\/span>Solotareff imagier\u00a0\u00bb, \u00e9ditions MeMo, 2008<\/p>\n\n\n<div class=\"wp-block-image\">\n<figure class=\"aligncenter\"><a href=\"https:\/\/lafilledecorinthe.com\/wordpress\/wp-content\/uploads\/2017\/11\/Loulou.jpg\"><img loading=\"lazy\" decoding=\"async\" width=\"1280\" height=\"737\" src=\"https:\/\/lafilledecorinthe.com\/wordpress\/wp-content\/uploads\/2017\/11\/Loulou-1280x737.jpg\" alt=\"Loulou\" class=\"wp-image-8533\" srcset=\"https:\/\/lafilledecorinthe.com\/wordpress\/wp-content\/uploads\/2017\/11\/Loulou-1280x737.jpg 1280w, https:\/\/lafilledecorinthe.com\/wordpress\/wp-content\/uploads\/2017\/11\/Loulou-680x392.jpg 680w, https:\/\/lafilledecorinthe.com\/wordpress\/wp-content\/uploads\/2017\/11\/Loulou-500x288.jpg 500w, https:\/\/lafilledecorinthe.com\/wordpress\/wp-content\/uploads\/2017\/11\/Loulou.jpg 1996w\" sizes=\"auto, (max-width: 1280px) 100vw, 1280px\" \/><\/a><figcaption class=\"wp-element-caption\">Loulou de Serge Elissalde, 2003<\/figcaption><\/figure>\n<\/div>\n\n\n<p>Photogrammes <em>Loulou<\/em> :&nbsp;<a href=\"https:\/\/lafilledecorinthe.com\/wordpress\/wp-content\/uploads\/2017\/11\/de-lalbum-au-film....pdf\">de l&rsquo;album au film&#8230;<\/a>,&nbsp;<a href=\"https:\/\/lafilledecorinthe.com\/wordpress\/wp-content\/uploads\/2017\/11\/de-plus-en-plus-pre\u0300s-1.pdf\">de plus en plus pre\u0300s<\/a>&nbsp;et&nbsp;<a href=\"https:\/\/lafilledecorinthe.com\/wordpress\/wp-content\/uploads\/2017\/11\/grand-petit.pdf\">grand-petit<\/a>.<\/p>\n","protected":false},"excerpt":{"rendered":"<p>Nous attachons une importance extr\u00eame \u00e0 cette d\u00e9couverte par les enfants des films dans une \u2018vraie salle de cin\u00e9ma\u2019. Ce qui se construit, dans l\u2019obscurit\u00e9 peupl\u00e9e de silhouettes des spectateurs et des sons de leurs r\u00e9actions est unique. II s\u2019agit d\u2019un spectacle et d\u2019\u00e9motions v\u00e9cues dont le souvenir nous accompagne plus ou moins longtemps selon&#8230;<\/p>\n","protected":false},"author":2,"featured_media":8549,"comment_status":"open","ping_status":"open","sticky":false,"template":"","format":"standard","meta":{"_kad_post_transparent":"","_kad_post_title":"","_kad_post_layout":"","_kad_post_sidebar_id":"","_kad_post_content_style":"","_kad_post_vertical_padding":"","_kad_post_feature":"","_kad_post_feature_position":"","_kad_post_header":false,"_kad_post_footer":false,"_kad_post_classname":"","footnotes":""},"categories":[8],"tags":[1582,1584,1583,1578,1580,667,1571,1579,1574,1570,1575,1573,965,1171,1572,227,1576,1581],"class_list":["post-8507","post","type-post","status-publish","format-standard","has-post-thumbnail","hentry","category-formations-adultes","tag-who-is-playing-with-the-grey-elephant","tag-alexey-demin","tag-attraction","tag-au-bout-du-monde","tag-bascule","tag-gregoire-solotareff","tag-jean-pierre-daniel","tag-konstantin-bronzit","tag-le-cinematographe","tag-loire-atlantique","tag-loulou","tag-loulou-et-autres-loups","tag-maternelle-et-cinema","tag-petite-escapade","tag-petites-zescapades","tag-pierre-luc-granjon","tag-serge-elissalde","tag-un-tout-petit-coup-de-main"],"_links":{"self":[{"href":"https:\/\/lafilledecorinthe.com\/wordpress\/wp-json\/wp\/v2\/posts\/8507","targetHints":{"allow":["GET"]}}],"collection":[{"href":"https:\/\/lafilledecorinthe.com\/wordpress\/wp-json\/wp\/v2\/posts"}],"about":[{"href":"https:\/\/lafilledecorinthe.com\/wordpress\/wp-json\/wp\/v2\/types\/post"}],"author":[{"embeddable":true,"href":"https:\/\/lafilledecorinthe.com\/wordpress\/wp-json\/wp\/v2\/users\/2"}],"replies":[{"embeddable":true,"href":"https:\/\/lafilledecorinthe.com\/wordpress\/wp-json\/wp\/v2\/comments?post=8507"}],"version-history":[{"count":25,"href":"https:\/\/lafilledecorinthe.com\/wordpress\/wp-json\/wp\/v2\/posts\/8507\/revisions"}],"predecessor-version":[{"id":9554,"href":"https:\/\/lafilledecorinthe.com\/wordpress\/wp-json\/wp\/v2\/posts\/8507\/revisions\/9554"}],"wp:featuredmedia":[{"embeddable":true,"href":"https:\/\/lafilledecorinthe.com\/wordpress\/wp-json\/wp\/v2\/media\/8549"}],"wp:attachment":[{"href":"https:\/\/lafilledecorinthe.com\/wordpress\/wp-json\/wp\/v2\/media?parent=8507"}],"wp:term":[{"taxonomy":"category","embeddable":true,"href":"https:\/\/lafilledecorinthe.com\/wordpress\/wp-json\/wp\/v2\/categories?post=8507"},{"taxonomy":"post_tag","embeddable":true,"href":"https:\/\/lafilledecorinthe.com\/wordpress\/wp-json\/wp\/v2\/tags?post=8507"}],"curies":[{"name":"wp","href":"https:\/\/api.w.org\/{rel}","templated":true}]}}