{"id":8502,"date":"2017-12-01T21:12:22","date_gmt":"2017-12-01T20:12:22","guid":{"rendered":"http:\/\/lafilledecorinthe.com\/wordpress\/?p=8502"},"modified":"2025-12-06T20:51:03","modified_gmt":"2025-12-06T19:51:03","slug":"quand-le-cinema-sadresse-aux-tres-jeunes-spectateurs","status":"publish","type":"post","link":"https:\/\/lafilledecorinthe.com\/wordpress\/2017\/12\/quand-le-cinema-sadresse-aux-tres-jeunes-spectateurs\/","title":{"rendered":"Quand le cin\u00e9ma s\u2019adresse aux tr\u00e8s jeunes spectateurs\u2026"},"content":{"rendered":"<div class=\"wp-block-image\">\n<figure class=\"aligncenter\"><a href=\"https:\/\/lafilledecorinthe.com\/wordpress\/wp-content\/uploads\/2017\/11\/10.jpg\"><img loading=\"lazy\" decoding=\"async\" width=\"988\" height=\"786\" src=\"https:\/\/lafilledecorinthe.com\/wordpress\/wp-content\/uploads\/2017\/11\/10.jpg\" alt=\"10\" class=\"wp-image-8504\" srcset=\"https:\/\/lafilledecorinthe.com\/wordpress\/wp-content\/uploads\/2017\/11\/10.jpg 988w, https:\/\/lafilledecorinthe.com\/wordpress\/wp-content\/uploads\/2017\/11\/10-680x541.jpg 680w, https:\/\/lafilledecorinthe.com\/wordpress\/wp-content\/uploads\/2017\/11\/10-377x300.jpg 377w\" sizes=\"auto, (max-width: 988px) 100vw, 988px\" \/><\/a><figcaption class=\"wp-element-caption\">Photogramme du court m\u00e9trage de Herz Frank, \u00ab\u00a010 minutes de vie\u00a0\u00bb, 1978, Riga Film Museum<\/figcaption><\/figure>\n<\/div>\n\n\n<p><\/p>\n\n\n\n<p><i>\u00ab\u00a0&#8230; Avoir la t\u00eate dans les \u00e9toiles \u00e0 trois ans, c&rsquo;est avoir les pieds sur terre \u00e0 vingt ans.\u00a0\u00bb<\/i><br>Marie-Aude Murail<\/p>\n\n\n\n<p class=\"has-text-align-left\">Invit\u00e9e&nbsp; par le Centre Social et Culturel <a href=\"http:\/\/www.la-passerelle.fr\/\" target=\"_blank\" rel=\"noopener\">La Passerelle<\/a> de Rixheim, j&rsquo;animerai lundi prochain une conf\u00e9rence-d\u00e9bat sur <em>le cin\u00e9ma et les tr\u00e8s jeunes spectateurs<\/em>.<\/p>\n\n\n<div class=\"wp-block-image\">\n<figure class=\"aligncenter size-full is-resized\"><a href=\"https:\/\/lafilledecorinthe.com\/wordpress\/wp-content\/uploads\/2017\/12\/cinema-enfant.jpg\"><img loading=\"lazy\" decoding=\"async\" width=\"300\" height=\"300\" src=\"https:\/\/lafilledecorinthe.com\/wordpress\/wp-content\/uploads\/2017\/12\/cinema-enfant.jpg\" alt=\"cinema-enfant\" class=\"wp-image-8562\" style=\"width:484px;height:auto\" srcset=\"https:\/\/lafilledecorinthe.com\/wordpress\/wp-content\/uploads\/2017\/12\/cinema-enfant.jpg 300w, https:\/\/lafilledecorinthe.com\/wordpress\/wp-content\/uploads\/2017\/12\/cinema-enfant-200x200.jpg 200w\" sizes=\"auto, (max-width: 300px) 100vw, 300px\" \/><\/a><\/figure>\n<\/div>\n\n\n<p class=\"has-text-align-left\"><\/p>\n\n\n\n<p class=\"has-text-align-left\"><em>Les jeunes enfants ne vont pas seuls dans une salle de cin\u00e9ma.<\/em><br><em>Ils sont accompagn\u00e9s par des membres de leur famille ou par des professionnels qui sont les prescripteurs de leurs premi\u00e8res sorties culturelles.<\/em><br><em>Nous questionnerons ensemble cette exp\u00e9rience partag\u00e9e. Quels sont les enjeux pour les jeunes enfants d\u2019une immersion dans un monde imaginaire ? Comment choisir des films adapt\u00e9s aux tout-petits ? Quels sont les liens qui se tissent entre les enfants et les adultes lors de la s\u00e9ance ? Comment pr\u00e9parer la s\u00e9ance et comment la prolonger ?<\/em><\/p>\n\n\n\n<p>Document prolongeant la conf\u00e9rence&nbsp;:&nbsp;<a href=\"https:\/\/lafilledecorinthe.com\/wordpress\/wp-content\/uploads\/2017\/12\/Mes-coups-de-coeurs\u2026.pdf\">Mes coups de coeurs\u2026<\/a><\/p>\n","protected":false},"excerpt":{"rendered":"<p>\u00ab\u00a0&#8230; Avoir la t\u00eate dans les \u00e9toiles \u00e0 trois ans, c&rsquo;est avoir les pieds sur terre \u00e0 vingt ans.\u00a0\u00bbMarie-Aude Murail Invit\u00e9e&nbsp; par le Centre Social et Culturel La Passerelle de Rixheim, j&rsquo;animerai lundi prochain une conf\u00e9rence-d\u00e9bat sur le cin\u00e9ma et les tr\u00e8s jeunes spectateurs. Les jeunes enfants ne vont pas seuls dans une salle de&#8230;<\/p>\n","protected":false},"author":2,"featured_media":14782,"comment_status":"open","ping_status":"open","sticky":false,"template":"","format":"standard","meta":{"_kad_post_transparent":"","_kad_post_title":"","_kad_post_layout":"","_kad_post_sidebar_id":"","_kad_post_content_style":"","_kad_post_vertical_padding":"","_kad_post_feature":"","_kad_post_feature_position":"","_kad_post_header":false,"_kad_post_footer":false,"_kad_post_classname":"","footnotes":""},"categories":[8],"tags":[1585,1590,1588,1587,1589,1586],"class_list":["post-8502","post","type-post","status-publish","format-standard","has-post-thumbnail","hentry","category-formations-adultes","tag-centre-social-et-culturel-la-passerelle","tag-dix-minutes-de-vie","tag-herz-frank","tag-le-cinema-et-les-tres-jeunes-spectateurs","tag-neil-mcglone","tag-rixheim"],"_links":{"self":[{"href":"https:\/\/lafilledecorinthe.com\/wordpress\/wp-json\/wp\/v2\/posts\/8502","targetHints":{"allow":["GET"]}}],"collection":[{"href":"https:\/\/lafilledecorinthe.com\/wordpress\/wp-json\/wp\/v2\/posts"}],"about":[{"href":"https:\/\/lafilledecorinthe.com\/wordpress\/wp-json\/wp\/v2\/types\/post"}],"author":[{"embeddable":true,"href":"https:\/\/lafilledecorinthe.com\/wordpress\/wp-json\/wp\/v2\/users\/2"}],"replies":[{"embeddable":true,"href":"https:\/\/lafilledecorinthe.com\/wordpress\/wp-json\/wp\/v2\/comments?post=8502"}],"version-history":[{"count":17,"href":"https:\/\/lafilledecorinthe.com\/wordpress\/wp-json\/wp\/v2\/posts\/8502\/revisions"}],"predecessor-version":[{"id":14781,"href":"https:\/\/lafilledecorinthe.com\/wordpress\/wp-json\/wp\/v2\/posts\/8502\/revisions\/14781"}],"wp:featuredmedia":[{"embeddable":true,"href":"https:\/\/lafilledecorinthe.com\/wordpress\/wp-json\/wp\/v2\/media\/14782"}],"wp:attachment":[{"href":"https:\/\/lafilledecorinthe.com\/wordpress\/wp-json\/wp\/v2\/media?parent=8502"}],"wp:term":[{"taxonomy":"category","embeddable":true,"href":"https:\/\/lafilledecorinthe.com\/wordpress\/wp-json\/wp\/v2\/categories?post=8502"},{"taxonomy":"post_tag","embeddable":true,"href":"https:\/\/lafilledecorinthe.com\/wordpress\/wp-json\/wp\/v2\/tags?post=8502"}],"curies":[{"name":"wp","href":"https:\/\/api.w.org\/{rel}","templated":true}]}}