{"id":8472,"date":"2017-11-24T09:24:43","date_gmt":"2017-11-24T08:24:43","guid":{"rendered":"http:\/\/lafilledecorinthe.com\/wordpress\/?p=8472"},"modified":"2025-12-06T07:23:50","modified_gmt":"2025-12-06T06:23:50","slug":"maternelle-et-cinema-dans-le-loir-et-cher","status":"publish","type":"post","link":"https:\/\/lafilledecorinthe.com\/wordpress\/2017\/11\/maternelle-et-cinema-dans-le-loir-et-cher\/","title":{"rendered":"\u00ab\u00a0Maternelle et Cin\u00e9ma\u00a0\u00bb dans le Loir-et-Cher"},"content":{"rendered":"\n<p><em>\u00a0\u00bb L&rsquo;enfant et l&rsquo;artiste habitent le m\u00eame pays.<\/em><br><em>Une contr\u00e9e sans fronti\u00e8re.<\/em><br><em>Un lieu de transformations et de m\u00e9tamorphoses.\u00a0\u00bb<\/em><br><em>L&rsquo;Enfance de l&rsquo;Art, <\/em>Elzbieta, Editions du Rouergue, 1997<\/p>\n\n\n\n<p><strong>Projection-conf\u00e9rence :<\/strong><br><em>Jeux d&rsquo;images<\/em> de Norman McLaren<br><em>Monsieur et monsieur<\/em> de B\u0159etislav Pojar<br>Cin\u00e9ma <em>Les Lobis<\/em> de Blois<br>Lundi 27 novembre 2017<\/p>\n\n\n\n<p>Pour la premi\u00e8re \u00e9dition du dispositif <em>Maternelle et Cin\u00e9ma<\/em>&nbsp;dans le Loir-et-Cher deux grands cr\u00e9ateurs-explorateurs sont \u00e0 l&rsquo;honneur, Norman McLaren et B\u0159etislav Pojar ! L&rsquo;agence r\u00e9gionale du Centre-Val de Loire, <a href=\"http:\/\/www.ciclic.fr\/\" target=\"_blank\" rel=\"noopener\">Ciclic,<\/a> soutient cette exp\u00e9rimentation en organisant cette rencontre et en mettant \u00e0 la disposition des classes un ensemble d&rsquo;albums jeunesse sur le th\u00e8me de la m\u00e9tamorphose.<\/p>\n\n\n\n<p>Document accompagnant la conf\u00e9rence :&nbsp;<a href=\"https:\/\/lafilledecorinthe.com\/wordpress\/wp-content\/uploads\/2017\/11\/pour-aller-plus-loin-.pdf\">pour aller plus loin<\/a><\/p>\n\n\n<div class=\"wp-block-image\">\n<figure class=\"aligncenter\"><a href=\"https:\/\/lafilledecorinthe.com\/wordpress\/wp-content\/uploads\/2017\/11\/Caprice_enouleurs.jpg\"><img loading=\"lazy\" decoding=\"async\" width=\"1280\" height=\"960\" src=\"https:\/\/lafilledecorinthe.com\/wordpress\/wp-content\/uploads\/2017\/11\/Caprice_enouleurs-1280x960.jpg\" alt=\"Caprice_enouleurs\" class=\"wp-image-8483\" srcset=\"https:\/\/lafilledecorinthe.com\/wordpress\/wp-content\/uploads\/2017\/11\/Caprice_enouleurs-1280x960.jpg 1280w, https:\/\/lafilledecorinthe.com\/wordpress\/wp-content\/uploads\/2017\/11\/Caprice_enouleurs-680x510.jpg 680w, https:\/\/lafilledecorinthe.com\/wordpress\/wp-content\/uploads\/2017\/11\/Caprice_enouleurs-400x300.jpg 400w, https:\/\/lafilledecorinthe.com\/wordpress\/wp-content\/uploads\/2017\/11\/Caprice_enouleurs.jpg 1440w\" sizes=\"auto, (max-width: 1280px) 100vw, 1280px\" \/><\/a><figcaption class=\"wp-element-caption\">Caprice en couleurs de Norman McLaren et Evelyn Lambart, 1949<\/figcaption><\/figure>\n<\/div>\n\n\n<p>Des photogrammes de <em>Caprice en couleurs<\/em> :\u00a0<a href=\"https:\/\/lafilledecorinthe.com\/wordpress\/wp-content\/uploads\/2017\/11\/formes-simples-.pdf\">formes simples<\/a>,\u00a0<a href=\"https:\/\/lafilledecorinthe.com\/wordpress\/wp-content\/uploads\/2017\/11\/formes-complexes-.pdf\">formes complexes<\/a>,\u00a0<a href=\"https:\/\/lafilledecorinthe.com\/wordpress\/wp-content\/uploads\/2017\/11\/dessins-figuratifs-.pdf\">dessins figuratifs<\/a><br>Deux autres articles sont consacr\u00e9s \u00e0 <em>Jeux d&rsquo;images<\/em>, c&rsquo;est <a title=\"\u00ab\u00a0Maternelle et cin\u00e9ma\u00a0\u00bb dans le Val d\u2019Oise\" href=\"https:\/\/lafilledecorinthe.com\/wordpress\/2015\/10\/maternelle-et-cinema-dans-le-val-doise\/\">ici<\/a> et <a title=\"Ecole et cin\u00e9ma 93 : Jeux d\u2019images de Norman McLaren\" href=\"https:\/\/lafilledecorinthe.com\/wordpress\/2016\/01\/ecole-et-cinema-93-jeux-dimages-de-norman-mclaren\/\">l\u00e0<\/a>.<br>Et aussi, un entretien passionnant avec Evelyn Lambart &#8230;<\/p>\n\n\n\n<p><iframe loading=\"lazy\" src=\"https:\/\/www.onf.ca\/film\/histoire_du_cinema_evelyn_lambart\/embed\/player\/\" width=\"560\" height=\"315\" frameborder=\"0\" allowfullscreen=\"allowfullscreen\"><\/iframe><\/p>\n\n\n\n<p><a href=\"https:\/\/www.onf.ca\/film\/histoire_du_cinema_evelyn_lambart\/\" target=\"_blank\" rel=\"noopener\"><em>Une histoire du cin\u00e9ma : Evelyn Lambart<\/em><\/a>, <a title=\"plus de films par  Joanne Robertson\" href=\"https:\/\/www.onf.ca\/cineastes\/joanne-robertson\/\" target=\"_blank\" rel=\"noopener\">Joanne Robertson<\/a>, <a href=\"https:\/\/www.onf.ca\" target=\"_blank\" rel=\"noopener\">offert par l&rsquo;Office national du film du Canada<\/a><\/p>\n\n\n\n<p>Un texte&nbsp;instructif de Pascal Vimenet sur le <a href=\"http:\/\/books.openedition.org\/pur\/1289?lang=fr\" target=\"_blank\" rel=\"noopener\">Cin\u00e9ma d&rsquo;animation au Canada<\/a> dans lequel on croise Norman McLaren et B\u0159etislav Pojar.<\/p>\n\n\n<div class=\"wp-block-image\">\n<figure class=\"aligncenter\"><a href=\"https:\/\/lafilledecorinthe.com\/wordpress\/wp-content\/uploads\/2017\/11\/chevalier.jpg\"><img loading=\"lazy\" decoding=\"async\" width=\"1280\" height=\"960\" src=\"https:\/\/lafilledecorinthe.com\/wordpress\/wp-content\/uploads\/2017\/11\/chevalier-1280x960.jpg\" alt=\"chevalier\" class=\"wp-image-8495\" srcset=\"https:\/\/lafilledecorinthe.com\/wordpress\/wp-content\/uploads\/2017\/11\/chevalier-1280x960.jpg 1280w, https:\/\/lafilledecorinthe.com\/wordpress\/wp-content\/uploads\/2017\/11\/chevalier-680x510.jpg 680w, https:\/\/lafilledecorinthe.com\/wordpress\/wp-content\/uploads\/2017\/11\/chevalier-400x300.jpg 400w, https:\/\/lafilledecorinthe.com\/wordpress\/wp-content\/uploads\/2017\/11\/chevalier.jpg 1536w\" sizes=\"auto, (max-width: 1280px) 100vw, 1280px\" \/><\/a><figcaption class=\"wp-element-caption\">La pe\u0302che a\u0300 la princesse de Br\u030cetislav Pojar, 1965<\/figcaption><\/figure>\n<\/div>\n\n\n<p>Des photogrammes de<em> <em>La p\u00eache \u00e0 la princesse :&nbsp;<a href=\"https:\/\/lafilledecorinthe.com\/wordpress\/wp-content\/uploads\/2017\/11\/me\u0301tamorphoses1-.pdf\">me\u0301tamorphoses1<\/a>,&nbsp;<a href=\"https:\/\/lafilledecorinthe.com\/wordpress\/wp-content\/uploads\/2017\/11\/me\u0301tamorphoses2-.pdf\">me\u0301tamorphoses2<\/a>&nbsp;,&nbsp; &nbsp; &nbsp; &nbsp;<a href=\"https:\/\/lafilledecorinthe.com\/wordpress\/wp-content\/uploads\/2017\/11\/transformations.pdf\">transformations<\/a><\/em><\/em><\/p>\n\n\n\n<p class=\"p1\"><em><span class=\"s1\">Et aussi&nbsp;<a href=\"http:\/\/www.cinematheque.qc.ca\/fr\/programmation\/projections\/cycle\/bretislav-pojar-la-gestuelle-humaine\" target=\"_blank\" rel=\"noopener\">B\u0159etislav Pojar, la gestuelle humaine <\/a><\/span><\/em><span class=\"s1\">de Marco de Blois&#8230;<\/span><\/p>\n","protected":false},"excerpt":{"rendered":"<p>\u00a0\u00bb L&rsquo;enfant et l&rsquo;artiste habitent le m\u00eame pays.Une contr\u00e9e sans fronti\u00e8re.Un lieu de transformations et de m\u00e9tamorphoses.\u00a0\u00bbL&rsquo;Enfance de l&rsquo;Art, Elzbieta, Editions du Rouergue, 1997 Projection-conf\u00e9rence :Jeux d&rsquo;images de Norman McLarenMonsieur et monsieur de B\u0159etislav PojarCin\u00e9ma Les Lobis de BloisLundi 27 novembre 2017 Pour la premi\u00e8re \u00e9dition du dispositif Maternelle et Cin\u00e9ma&nbsp;dans le Loir-et-Cher deux grands&#8230;<\/p>\n","protected":false},"author":2,"featured_media":8473,"comment_status":"open","ping_status":"open","sticky":false,"template":"","format":"standard","meta":{"_kad_post_transparent":"","_kad_post_title":"","_kad_post_layout":"","_kad_post_sidebar_id":"","_kad_post_content_style":"","_kad_post_vertical_padding":"","_kad_post_feature":"","_kad_post_feature_position":"","_kad_post_header":false,"_kad_post_footer":false,"_kad_post_classname":"","footnotes":""},"categories":[8],"tags":[1566,1565,1111,1340,1569,1110,1109,1568,1563,1577,965,648,1564,570,1567],"class_list":["post-8472","post","type-post","status-publish","format-standard","has-post-thumbnail","hentry","category-formations-adultes","tag-blois-cinema-les-lobis","tag-bretislav-pojar","tag-caprice-en-couleurs","tag-ciclic","tag-elzbieta","tag-evelyn-lambart","tag-jeux-dimages","tag-la-peche-a-la-princesse","tag-loir-et-cher","tag-marco-de-blois","tag-maternelle-et-cinema","tag-metamorphose","tag-monsieur-et-monsieur","tag-norman-mclaren","tag-pascal-vimenet"],"_links":{"self":[{"href":"https:\/\/lafilledecorinthe.com\/wordpress\/wp-json\/wp\/v2\/posts\/8472","targetHints":{"allow":["GET"]}}],"collection":[{"href":"https:\/\/lafilledecorinthe.com\/wordpress\/wp-json\/wp\/v2\/posts"}],"about":[{"href":"https:\/\/lafilledecorinthe.com\/wordpress\/wp-json\/wp\/v2\/types\/post"}],"author":[{"embeddable":true,"href":"https:\/\/lafilledecorinthe.com\/wordpress\/wp-json\/wp\/v2\/users\/2"}],"replies":[{"embeddable":true,"href":"https:\/\/lafilledecorinthe.com\/wordpress\/wp-json\/wp\/v2\/comments?post=8472"}],"version-history":[{"count":31,"href":"https:\/\/lafilledecorinthe.com\/wordpress\/wp-json\/wp\/v2\/posts\/8472\/revisions"}],"predecessor-version":[{"id":14705,"href":"https:\/\/lafilledecorinthe.com\/wordpress\/wp-json\/wp\/v2\/posts\/8472\/revisions\/14705"}],"wp:featuredmedia":[{"embeddable":true,"href":"https:\/\/lafilledecorinthe.com\/wordpress\/wp-json\/wp\/v2\/media\/8473"}],"wp:attachment":[{"href":"https:\/\/lafilledecorinthe.com\/wordpress\/wp-json\/wp\/v2\/media?parent=8472"}],"wp:term":[{"taxonomy":"category","embeddable":true,"href":"https:\/\/lafilledecorinthe.com\/wordpress\/wp-json\/wp\/v2\/categories?post=8472"},{"taxonomy":"post_tag","embeddable":true,"href":"https:\/\/lafilledecorinthe.com\/wordpress\/wp-json\/wp\/v2\/tags?post=8472"}],"curies":[{"name":"wp","href":"https:\/\/api.w.org\/{rel}","templated":true}]}}