{"id":8444,"date":"2017-11-09T12:33:37","date_gmt":"2017-11-09T11:33:37","guid":{"rendered":"http:\/\/lafilledecorinthe.com\/wordpress\/?p=8444"},"modified":"2025-12-06T20:45:14","modified_gmt":"2025-12-06T19:45:14","slug":"la-lanterne-magique-et-lart-de-la-projection","status":"publish","type":"post","link":"https:\/\/lafilledecorinthe.com\/wordpress\/2017\/11\/la-lanterne-magique-et-lart-de-la-projection\/","title":{"rendered":"La lanterne magique et l&rsquo;art de la projection"},"content":{"rendered":"\n<p><em><\/em>Au troisi\u00e8me trimestre, les classes inscrites dans le dispositif<em><a href=\"https:\/\/www.cinemas93.org\/page\/ma-premiere-seance\" target=\"_blank\" rel=\"noopener\"> Ma Premi\u00e8re S\u00e9ance<\/a>&nbsp;<\/em>assisteront \u00e0 un spectacle de lanterne magique<em>&nbsp;<\/em>imagin\u00e9e sp\u00e9cialement pour les tout-petits par la technicienne et historienne Anne Gourdet Mar\u00e8s. Afin d&rsquo;aider les enseignants \u00e0 pr\u00e9parer la d\u00e9couverte de ce spectacle une conf\u00e9rence illustr\u00e9e leur a \u00e9t\u00e9 propos\u00e9e : <em>des ombres projet\u00e9es au th\u00e9\u00e2tre optique<\/em>. Une belle occasion de partager ma passion des objets du pr\u00e9-cin\u00e9ma : marionnette, chambre noire, lanterne magique, praxinoscope&#8230;<\/p>\n\n\n<div class=\"wp-block-image\">\n<figure class=\"aligncenter\"><a href=\"https:\/\/lafilledecorinthe.com\/wordpress\/wp-content\/uploads\/2017\/11\/lanterne1.jpg\"><img loading=\"lazy\" decoding=\"async\" width=\"1280\" height=\"1165\" src=\"https:\/\/lafilledecorinthe.com\/wordpress\/wp-content\/uploads\/2017\/11\/lanterne1-1280x1165.jpg\" alt=\"lanterne1\" class=\"wp-image-8447\" srcset=\"https:\/\/lafilledecorinthe.com\/wordpress\/wp-content\/uploads\/2017\/11\/lanterne1-1280x1165.jpg 1280w, https:\/\/lafilledecorinthe.com\/wordpress\/wp-content\/uploads\/2017\/11\/lanterne1-680x619.jpg 680w, https:\/\/lafilledecorinthe.com\/wordpress\/wp-content\/uploads\/2017\/11\/lanterne1-330x300.jpg 330w\" sizes=\"auto, (max-width: 1280px) 100vw, 1280px\" \/><\/a><\/figure>\n<\/div>\n\n<div class=\"wp-block-image\">\n<figure class=\"aligncenter\"><a href=\"https:\/\/lafilledecorinthe.com\/wordpress\/wp-content\/uploads\/2017\/11\/lanterne2.jpg\"><img loading=\"lazy\" decoding=\"async\" width=\"1280\" height=\"853\" src=\"https:\/\/lafilledecorinthe.com\/wordpress\/wp-content\/uploads\/2017\/11\/lanterne2-1280x853.jpg\" alt=\"lanterne2\" class=\"wp-image-8448\" srcset=\"https:\/\/lafilledecorinthe.com\/wordpress\/wp-content\/uploads\/2017\/11\/lanterne2-1280x853.jpg 1280w, https:\/\/lafilledecorinthe.com\/wordpress\/wp-content\/uploads\/2017\/11\/lanterne2-680x453.jpg 680w, https:\/\/lafilledecorinthe.com\/wordpress\/wp-content\/uploads\/2017\/11\/lanterne2-450x300.jpg 450w\" sizes=\"auto, (max-width: 1280px) 100vw, 1280px\" \/><\/a><\/figure>\n<\/div>\n\n\n<p>Document d&rsquo;accompagnement :&nbsp;<a href=\"https:\/\/lafilledecorinthe.com\/wordpress\/wp-content\/uploads\/2017\/11\/Pour-aller-plus-loin-3.pdf\">Pour aller plus loin<\/a><\/p>\n\n\n\n<p>Les enseignants ont ensuite r\u00e9alis\u00e9 des petites s\u00e9quences anim\u00e9es&#8230;<\/p>\n\n\n\n<figure class=\"wp-block-embed is-type-video is-provider-vimeo wp-block-embed-vimeo wp-embed-aspect-16-9 wp-has-aspect-ratio\"><div class=\"wp-block-embed__wrapper\">\n<iframe loading=\"lazy\" title=\"La savane en folie\" src=\"https:\/\/player.vimeo.com\/video\/242019056?dnt=1&amp;app_id=122963\" width=\"720\" height=\"405\" frameborder=\"0\" allow=\"autoplay; fullscreen; picture-in-picture; clipboard-write; encrypted-media; web-share\" referrerpolicy=\"strict-origin-when-cross-origin\"><\/iframe>\n<\/div><\/figure>\n\n\n\n<p>Musique libre de droit <em>West-Africana,<\/em> <a href=\"https:\/\/www.musicscreen.be\/\" target=\"_blank\" rel=\"noopener\">Music Screen<\/a><\/p>\n","protected":false},"excerpt":{"rendered":"<p>Au troisi\u00e8me trimestre, les classes inscrites dans le dispositif Ma Premi\u00e8re S\u00e9ance&nbsp;assisteront \u00e0 un spectacle de lanterne magique&nbsp;imagin\u00e9e sp\u00e9cialement pour les tout-petits par la technicienne et historienne Anne Gourdet Mar\u00e8s. Afin d&rsquo;aider les enseignants \u00e0 pr\u00e9parer la d\u00e9couverte de ce spectacle une conf\u00e9rence illustr\u00e9e leur a \u00e9t\u00e9 propos\u00e9e : des ombres projet\u00e9es au th\u00e9\u00e2tre optique&#8230;.<\/p>\n","protected":false},"author":2,"featured_media":8446,"comment_status":"open","ping_status":"open","sticky":false,"template":"","format":"standard","meta":{"_kad_post_transparent":"","_kad_post_title":"","_kad_post_layout":"","_kad_post_sidebar_id":"","_kad_post_content_style":"","_kad_post_vertical_padding":"","_kad_post_feature":"","_kad_post_feature_position":"","_kad_post_header":false,"_kad_post_footer":false,"_kad_post_classname":"","footnotes":""},"categories":[8],"tags":[1556,1554,1555,587,600,596],"class_list":["post-8444","post","type-post","status-publish","format-standard","has-post-thumbnail","hentry","category-formations-adultes","tag-anne-gourdet-mares","tag-cinemas93","tag-la-savane-en-folie","tag-lanterne-magique","tag-ma-premiere-seance","tag-music-screen"],"_links":{"self":[{"href":"https:\/\/lafilledecorinthe.com\/wordpress\/wp-json\/wp\/v2\/posts\/8444","targetHints":{"allow":["GET"]}}],"collection":[{"href":"https:\/\/lafilledecorinthe.com\/wordpress\/wp-json\/wp\/v2\/posts"}],"about":[{"href":"https:\/\/lafilledecorinthe.com\/wordpress\/wp-json\/wp\/v2\/types\/post"}],"author":[{"embeddable":true,"href":"https:\/\/lafilledecorinthe.com\/wordpress\/wp-json\/wp\/v2\/users\/2"}],"replies":[{"embeddable":true,"href":"https:\/\/lafilledecorinthe.com\/wordpress\/wp-json\/wp\/v2\/comments?post=8444"}],"version-history":[{"count":8,"href":"https:\/\/lafilledecorinthe.com\/wordpress\/wp-json\/wp\/v2\/posts\/8444\/revisions"}],"predecessor-version":[{"id":14786,"href":"https:\/\/lafilledecorinthe.com\/wordpress\/wp-json\/wp\/v2\/posts\/8444\/revisions\/14786"}],"wp:featuredmedia":[{"embeddable":true,"href":"https:\/\/lafilledecorinthe.com\/wordpress\/wp-json\/wp\/v2\/media\/8446"}],"wp:attachment":[{"href":"https:\/\/lafilledecorinthe.com\/wordpress\/wp-json\/wp\/v2\/media?parent=8444"}],"wp:term":[{"taxonomy":"category","embeddable":true,"href":"https:\/\/lafilledecorinthe.com\/wordpress\/wp-json\/wp\/v2\/categories?post=8444"},{"taxonomy":"post_tag","embeddable":true,"href":"https:\/\/lafilledecorinthe.com\/wordpress\/wp-json\/wp\/v2\/tags?post=8444"}],"curies":[{"name":"wp","href":"https:\/\/api.w.org\/{rel}","templated":true}]}}