{"id":8419,"date":"2017-11-06T22:21:48","date_gmt":"2017-11-06T21:21:48","guid":{"rendered":"http:\/\/lafilledecorinthe.com\/wordpress\/?p=8419"},"modified":"2025-12-04T21:51:21","modified_gmt":"2025-12-04T20:51:21","slug":"mon-premier-cinema-2017-2018","status":"publish","type":"post","link":"https:\/\/lafilledecorinthe.com\/wordpress\/2017\/11\/mon-premier-cinema-2017-2018\/","title":{"rendered":"Mon premier cin\u00e9ma 2017-2018"},"content":{"rendered":"\n<p><strong>Projection-conf\u00e9rence :<\/strong><br>Studio des Ursulines<br>Mardi 7 novembre 2017<\/p>\n\n\n\n<p>L&rsquo;association <a href=\"http:\/\/www.enfancesaucinema.net\/\" target=\"_blank\" rel=\"noopener\">Enfance au cin\u00e9ma<\/a> a&nbsp;pr\u00e9par\u00e9&nbsp;pour les classes maternelles parisiennes un&nbsp;<a href=\"https:\/\/lafilledecorinthe.com\/wordpress\/wp-content\/uploads\/2017\/11\/parcours.pdf\">parcours<\/a>&nbsp;cin\u00e9matographique en trois rendez-vous. Quand le cin\u00e9ma s&rsquo;allie \u00e0 la litt\u00e9rature pour donner aux enfants le go\u00fbt de la vie et la force de combattre les peurs et les pr\u00e9jug\u00e9s&#8230;<\/p>\n\n\n\n<p>Document accompagnant la conf\u00e9rence :&nbsp;<a href=\"https:\/\/lafilledecorinthe.com\/wordpress\/wp-content\/uploads\/2017\/11\/Pour-aller-plus-loin-4.pdf\">Pour aller plus loin<\/a><\/p>\n\n\n<div class=\"wp-block-image\">\n<figure class=\"aligncenter\"><a href=\"https:\/\/lafilledecorinthe.com\/wordpress\/wp-content\/uploads\/2017\/11\/affiche.jpg\"><img loading=\"lazy\" decoding=\"async\" width=\"960\" height=\"1280\" src=\"https:\/\/lafilledecorinthe.com\/wordpress\/wp-content\/uploads\/2017\/11\/affiche-960x1280.jpg\" alt=\"affiche\" class=\"wp-image-8428\" srcset=\"https:\/\/lafilledecorinthe.com\/wordpress\/wp-content\/uploads\/2017\/11\/affiche-960x1280.jpg 960w, https:\/\/lafilledecorinthe.com\/wordpress\/wp-content\/uploads\/2017\/11\/affiche-510x680.jpg 510w, https:\/\/lafilledecorinthe.com\/wordpress\/wp-content\/uploads\/2017\/11\/affiche-225x300.jpg 225w, https:\/\/lafilledecorinthe.com\/wordpress\/wp-content\/uploads\/2017\/11\/affiche.jpg 1200w\" sizes=\"auto, (max-width: 960px) 100vw, 960px\" \/><\/a><\/figure>\n<\/div>\n\n\n<p>Des images s\u00e9quentielles&nbsp;avec&nbsp;<a href=\"https:\/\/lafilledecorinthe.com\/wordpress\/wp-content\/uploads\/2017\/11\/Compte-les-moutons.pdf\">Compte les moutons<\/a>&nbsp;et&nbsp;<a href=\"https:\/\/lafilledecorinthe.com\/wordpress\/wp-content\/uploads\/2017\/11\/La-moufle-.pdf\">La moufle<\/a>, une \u00e9chelle de plans&nbsp;avec&nbsp;<a href=\"https:\/\/lafilledecorinthe.com\/wordpress\/wp-content\/uploads\/2017\/11\/Une-autre-paire-de-manches.pdf\">Une autre paire de manches<\/a><\/p>\n\n\n\n<p>Une autre version anim\u00e9e de <em>La Moufle<\/em> par Natalia Martchenkova, 1996<\/p>\n\n\n\n<p><iframe loading=\"lazy\" title=\"YouTube video player\" src=\"https:\/\/www.youtube.com\/embed\/zNYoWEdJTzk\" width=\"560\" height=\"315\" frameborder=\"0\" allowfullscreen=\"allowfullscreen\"><\/iframe><\/p>\n\n\n<div class=\"wp-block-image\">\n<figure class=\"aligncenter\"><a href=\"https:\/\/lafilledecorinthe.com\/wordpress\/wp-content\/uploads\/2017\/11\/affiche2.jpg\"><img loading=\"lazy\" decoding=\"async\" width=\"964\" height=\"1280\" src=\"https:\/\/lafilledecorinthe.com\/wordpress\/wp-content\/uploads\/2017\/11\/affiche2-964x1280.jpg\" alt=\"affiche2\" class=\"wp-image-8433\" srcset=\"https:\/\/lafilledecorinthe.com\/wordpress\/wp-content\/uploads\/2017\/11\/affiche2-964x1280.jpg 964w, https:\/\/lafilledecorinthe.com\/wordpress\/wp-content\/uploads\/2017\/11\/affiche2-512x680.jpg 512w, https:\/\/lafilledecorinthe.com\/wordpress\/wp-content\/uploads\/2017\/11\/affiche2-226x300.jpg 226w, https:\/\/lafilledecorinthe.com\/wordpress\/wp-content\/uploads\/2017\/11\/affiche2.jpg 1205w\" sizes=\"auto, (max-width: 964px) 100vw, 964px\" \/><\/a><\/figure>\n<\/div>\n\n<div class=\"wp-block-image\">\n<figure class=\"aligncenter\"><a href=\"https:\/\/lafilledecorinthe.com\/wordpress\/wp-content\/uploads\/2017\/11\/Affiche3-e1510002751240.jpg\"><img loading=\"lazy\" decoding=\"async\" width=\"450\" height=\"600\" src=\"https:\/\/lafilledecorinthe.com\/wordpress\/wp-content\/uploads\/2017\/11\/Affiche3-e1510002751240.jpg\" alt=\"Affiche3\" class=\"wp-image-8437\"\/><\/a><\/figure>\n<\/div>\n\n\n<p>Le regard subjectif et la profondeur de champ avec&nbsp;<a href=\"https:\/\/lafilledecorinthe.com\/wordpress\/wp-content\/uploads\/2017\/11\/Les-sept-chevreaux-1.pdf\">Les sept chevreaux 1<\/a>&nbsp;et&nbsp;<a href=\"https:\/\/lafilledecorinthe.com\/wordpress\/wp-content\/uploads\/2017\/11\/Les-sept-chevreaux-2.pdf\">Les sept chevreaux 2<\/a>, un jeu de m\u00e9mory avec&nbsp;<a href=\"https:\/\/lafilledecorinthe.com\/wordpress\/wp-content\/uploads\/2017\/11\/Grandme\u0301chantloup-.pdf\">Grandme\u0301chantloup<\/a>.<\/p>\n\n\n\n<p>Les angles de prise de vue avec&nbsp;<a href=\"https:\/\/lafilledecorinthe.com\/wordpress\/wp-content\/uploads\/2017\/11\/Les-trois-brigands.pdf\">Les trois brigands<\/a>, une histoire de Wilhelm Busch&nbsp;<a href=\"https:\/\/lafilledecorinthe.com\/wordpress\/wp-content\/uploads\/2017\/11\/La-courageuse-fille-du-meunier-.pdf\">La courageuse fille du meunier<\/a><\/p>\n","protected":false},"excerpt":{"rendered":"<p>Projection-conf\u00e9rence :Studio des UrsulinesMardi 7 novembre 2017 L&rsquo;association Enfance au cin\u00e9ma a&nbsp;pr\u00e9par\u00e9&nbsp;pour les classes maternelles parisiennes un&nbsp;parcours&nbsp;cin\u00e9matographique en trois rendez-vous. Quand le cin\u00e9ma s&rsquo;allie \u00e0 la litt\u00e9rature pour donner aux enfants le go\u00fbt de la vie et la force de combattre les peurs et les pr\u00e9jug\u00e9s&#8230; Document accompagnant la conf\u00e9rence :&nbsp;Pour aller plus loin Des&#8230;<\/p>\n","protected":false},"author":2,"featured_media":8421,"comment_status":"open","ping_status":"open","sticky":false,"template":"","format":"standard","meta":{"_kad_post_transparent":"","_kad_post_title":"","_kad_post_layout":"","_kad_post_sidebar_id":"","_kad_post_content_style":"","_kad_post_vertical_padding":"","_kad_post_feature":"","_kad_post_feature_position":"","_kad_post_header":false,"_kad_post_footer":false,"_kad_post_classname":"","footnotes":""},"categories":[8],"tags":[1543,1541,1549,1542,1553,1544,1548,1551,354,1546,1547,1550,1545,1552],"class_list":["post-8419","post","type-post","status-publish","format-standard","has-post-thumbnail","hentry","category-formations-adultes","tag-compte-les-moutons","tag-enfance-au-cinema","tag-grandmechantloup","tag-la-chouette-entre-veille","tag-la-courageuse-fille-du-meunier","tag-la-moufle","tag-les-sept-chevreaux","tag-les-trois-brigands","tag-mon-premier-cinema","tag-natalia-martchenkova","tag-promenons-nous-avec-les-petits-loups","tag-tomi-ungerer","tag-une-autre-paire-de-manches","tag-wilhelm-busch"],"_links":{"self":[{"href":"https:\/\/lafilledecorinthe.com\/wordpress\/wp-json\/wp\/v2\/posts\/8419","targetHints":{"allow":["GET"]}}],"collection":[{"href":"https:\/\/lafilledecorinthe.com\/wordpress\/wp-json\/wp\/v2\/posts"}],"about":[{"href":"https:\/\/lafilledecorinthe.com\/wordpress\/wp-json\/wp\/v2\/types\/post"}],"author":[{"embeddable":true,"href":"https:\/\/lafilledecorinthe.com\/wordpress\/wp-json\/wp\/v2\/users\/2"}],"replies":[{"embeddable":true,"href":"https:\/\/lafilledecorinthe.com\/wordpress\/wp-json\/wp\/v2\/comments?post=8419"}],"version-history":[{"count":12,"href":"https:\/\/lafilledecorinthe.com\/wordpress\/wp-json\/wp\/v2\/posts\/8419\/revisions"}],"predecessor-version":[{"id":14675,"href":"https:\/\/lafilledecorinthe.com\/wordpress\/wp-json\/wp\/v2\/posts\/8419\/revisions\/14675"}],"wp:featuredmedia":[{"embeddable":true,"href":"https:\/\/lafilledecorinthe.com\/wordpress\/wp-json\/wp\/v2\/media\/8421"}],"wp:attachment":[{"href":"https:\/\/lafilledecorinthe.com\/wordpress\/wp-json\/wp\/v2\/media?parent=8419"}],"wp:term":[{"taxonomy":"category","embeddable":true,"href":"https:\/\/lafilledecorinthe.com\/wordpress\/wp-json\/wp\/v2\/categories?post=8419"},{"taxonomy":"post_tag","embeddable":true,"href":"https:\/\/lafilledecorinthe.com\/wordpress\/wp-json\/wp\/v2\/tags?post=8419"}],"curies":[{"name":"wp","href":"https:\/\/api.w.org\/{rel}","templated":true}]}}