{"id":8410,"date":"2017-10-28T20:55:38","date_gmt":"2017-10-28T19:55:38","guid":{"rendered":"http:\/\/lafilledecorinthe.com\/wordpress\/?p=8410"},"modified":"2025-12-07T21:19:38","modified_gmt":"2025-12-07T20:19:38","slug":"les-enfants-dabord-au-jeu-de-paume-14","status":"publish","type":"post","link":"https:\/\/lafilledecorinthe.com\/wordpress\/2017\/10\/les-enfants-dabord-au-jeu-de-paume-14\/","title":{"rendered":"\u00ab\u00a0Les enfants d&rsquo;abord !\u00a0\u00bb au Jeu de Paume    14"},"content":{"rendered":"\n<p><em>L&rsquo;oeil est subjectif, il a plaisir \u00e0 regarder les choses essentielles et d\u00e9laisse compl\u00e8tement le superflu. L&rsquo;appareil photo, lui, a la charge de reproduire la totalit\u00e9 de l&rsquo;image avec nettet\u00e9 et dans le format requis. Il ne diff\u00e9rencie pas l&rsquo;essentiel de l&rsquo;accessoire.&nbsp;<\/em> &nbsp; &nbsp; &nbsp; &nbsp; &nbsp; &nbsp; &nbsp; &nbsp; &nbsp; &nbsp; &nbsp; &nbsp; &nbsp; &nbsp; &nbsp; &nbsp; &nbsp; &nbsp; &nbsp; &nbsp; &nbsp; &nbsp; &nbsp; &nbsp; &nbsp; &nbsp; &nbsp; &nbsp; &nbsp; &nbsp; &nbsp; &nbsp; &nbsp; &nbsp; &nbsp; &nbsp; &nbsp; &nbsp; &nbsp; &nbsp; &nbsp; &nbsp; &nbsp; &nbsp; &nbsp; &nbsp; &nbsp; &nbsp; &nbsp; Albert Renger-Patzsch, 1937<\/p>\n\n\n\n<p>La nouvelle exposition consacr\u00e9e au photographe allemand Albert Renger-Patzsch est l&rsquo;occasion de proposer aux enfants d&rsquo;affiner leur regard sur le monde qui les entoure \u00e0&nbsp;l&rsquo;aide de l&rsquo;objectif d&rsquo;un appareil photo.<\/p>\n\n\n<div class=\"wp-block-image\">\n<figure class=\"aligncenter\"><a href=\"https:\/\/lafilledecorinthe.com\/wordpress\/wp-content\/uploads\/2017\/10\/IMG_0493-e1509219685496.jpg\"><img loading=\"lazy\" decoding=\"async\" width=\"1280\" height=\"960\" src=\"https:\/\/lafilledecorinthe.com\/wordpress\/wp-content\/uploads\/2017\/10\/IMG_0493-1280x960.jpg\" alt=\"D\u00e9couvrir certaines images publi\u00e9es dans le livre &quot; Le monde est beau&quot;.\" class=\"wp-image-8412\"\/><\/a><figcaption class=\"wp-element-caption\">D\u00e9couvrir\u00a0des images publi\u00e9es dans le livre \u00ab\u00a0Le monde est beau\u00a0\u00bb.<\/figcaption><\/figure>\n<\/div>\n\n<div class=\"wp-block-image\">\n<figure class=\"aligncenter\"><a href=\"https:\/\/lafilledecorinthe.com\/wordpress\/wp-content\/uploads\/2017\/10\/IMG_0520.jpg\"><img loading=\"lazy\" decoding=\"async\" width=\"960\" height=\"1280\" src=\"https:\/\/lafilledecorinthe.com\/wordpress\/wp-content\/uploads\/2017\/10\/IMG_0520-960x1280.jpg\" alt=\"IMG_0520\" class=\"wp-image-8414\" srcset=\"https:\/\/lafilledecorinthe.com\/wordpress\/wp-content\/uploads\/2017\/10\/IMG_0520-960x1280.jpg 960w, https:\/\/lafilledecorinthe.com\/wordpress\/wp-content\/uploads\/2017\/10\/IMG_0520-510x680.jpg 510w, https:\/\/lafilledecorinthe.com\/wordpress\/wp-content\/uploads\/2017\/10\/IMG_0520-225x300.jpg 225w\" sizes=\"auto, (max-width: 960px) 100vw, 960px\" \/><\/a><figcaption class=\"wp-element-caption\">Prendre en compte des mots d\u00e9clencheurs pour &#8230;<\/figcaption><\/figure>\n<\/div>\n\n<div class=\"wp-block-image\">\n<figure class=\"aligncenter\"><a href=\"https:\/\/lafilledecorinthe.com\/wordpress\/wp-content\/uploads\/2017\/10\/IMG_0516-e1509219911392.jpg\"><img loading=\"lazy\" decoding=\"async\" width=\"1280\" height=\"960\" src=\"https:\/\/lafilledecorinthe.com\/wordpress\/wp-content\/uploads\/2017\/10\/IMG_0516-1280x960.jpg\" alt=\"Prendre en compte des mots d\u00e9clencheurs\" class=\"wp-image-8413\"\/><\/a><figcaption class=\"wp-element-caption\">&#8230;pour r\u00e9aliser des prises de vue !<\/figcaption><\/figure>\n<\/div>\n\n<div class=\"wp-block-image\">\n<figure class=\"aligncenter\"><a href=\"https:\/\/lafilledecorinthe.com\/wordpress\/wp-content\/uploads\/2017\/10\/IMG_0522-e1509220237631.jpg\"><img loading=\"lazy\" decoding=\"async\" width=\"1280\" height=\"960\" src=\"https:\/\/lafilledecorinthe.com\/wordpress\/wp-content\/uploads\/2017\/10\/IMG_0522-1280x960.jpg\" alt=\"Composer un portfolio num\u00e9rique en ligne\" class=\"wp-image-8416\"\/><\/a><figcaption class=\"wp-element-caption\">Composer un portfolio num\u00e9rique en ligne<\/figcaption><\/figure>\n<\/div>\n\n\n<p>Deux autres ateliers sont programm\u00e9s le samedi 25 novembre \u00e0 11H00 et 15H30 !<\/p>\n","protected":false},"excerpt":{"rendered":"<p>L&rsquo;oeil est subjectif, il a plaisir \u00e0 regarder les choses essentielles et d\u00e9laisse compl\u00e8tement le superflu. L&rsquo;appareil photo, lui, a la charge de reproduire la totalit\u00e9 de l&rsquo;image avec nettet\u00e9 et dans le format requis. Il ne diff\u00e9rencie pas l&rsquo;essentiel de l&rsquo;accessoire.&nbsp; &nbsp; &nbsp; &nbsp; &nbsp; &nbsp; &nbsp; &nbsp; &nbsp; &nbsp; &nbsp; &nbsp; &nbsp; &nbsp;&#8230;<\/p>\n","protected":false},"author":2,"featured_media":8411,"comment_status":"open","ping_status":"open","sticky":false,"template":"","format":"standard","meta":{"_kad_post_transparent":"","_kad_post_title":"","_kad_post_layout":"","_kad_post_sidebar_id":"","_kad_post_content_style":"","_kad_post_vertical_padding":"","_kad_post_feature":"","_kad_post_feature_position":"","_kad_post_header":false,"_kad_post_footer":false,"_kad_post_classname":"","footnotes":""},"categories":[7],"tags":[1540,48,190],"class_list":["post-8410","post","type-post","status-publish","format-standard","has-post-thumbnail","hentry","category-ateliers-enfants","tag-albert-renger-patzsch","tag-jeu-de-paume","tag-les-enfants-dabord"],"_links":{"self":[{"href":"https:\/\/lafilledecorinthe.com\/wordpress\/wp-json\/wp\/v2\/posts\/8410","targetHints":{"allow":["GET"]}}],"collection":[{"href":"https:\/\/lafilledecorinthe.com\/wordpress\/wp-json\/wp\/v2\/posts"}],"about":[{"href":"https:\/\/lafilledecorinthe.com\/wordpress\/wp-json\/wp\/v2\/types\/post"}],"author":[{"embeddable":true,"href":"https:\/\/lafilledecorinthe.com\/wordpress\/wp-json\/wp\/v2\/users\/2"}],"replies":[{"embeddable":true,"href":"https:\/\/lafilledecorinthe.com\/wordpress\/wp-json\/wp\/v2\/comments?post=8410"}],"version-history":[{"count":7,"href":"https:\/\/lafilledecorinthe.com\/wordpress\/wp-json\/wp\/v2\/posts\/8410\/revisions"}],"predecessor-version":[{"id":15012,"href":"https:\/\/lafilledecorinthe.com\/wordpress\/wp-json\/wp\/v2\/posts\/8410\/revisions\/15012"}],"wp:featuredmedia":[{"embeddable":true,"href":"https:\/\/lafilledecorinthe.com\/wordpress\/wp-json\/wp\/v2\/media\/8411"}],"wp:attachment":[{"href":"https:\/\/lafilledecorinthe.com\/wordpress\/wp-json\/wp\/v2\/media?parent=8410"}],"wp:term":[{"taxonomy":"category","embeddable":true,"href":"https:\/\/lafilledecorinthe.com\/wordpress\/wp-json\/wp\/v2\/categories?post=8410"},{"taxonomy":"post_tag","embeddable":true,"href":"https:\/\/lafilledecorinthe.com\/wordpress\/wp-json\/wp\/v2\/tags?post=8410"}],"curies":[{"name":"wp","href":"https:\/\/api.w.org\/{rel}","templated":true}]}}