{"id":8349,"date":"2017-10-06T20:02:15","date_gmt":"2017-10-06T19:02:15","guid":{"rendered":"http:\/\/lafilledecorinthe.com\/wordpress\/?p=8349"},"modified":"2025-12-06T20:47:28","modified_gmt":"2025-12-06T19:47:28","slug":"tout-en-haut-du-monde-de-remi-chaye","status":"publish","type":"post","link":"https:\/\/lafilledecorinthe.com\/wordpress\/2017\/10\/tout-en-haut-du-monde-de-remi-chaye\/","title":{"rendered":"\u00ab\u00a0Tout en haut du monde\u00a0\u00bb de R\u00e9mi Chay\u00e9"},"content":{"rendered":"\n<p class=\"p1\"><span class=\"s1\"><i>\u00ab\u00a0La terre semblait plus haute que la veille. Malgr\u00e9 le beau temps, impossible d\u2019avancer. La glace s\u2019\u00e9tait resserr\u00e9e autour du bateau. Aucune eau libre n\u2019apparaissait\u2026 Pression exerc\u00e9e par des milliers de tonnes de glace. C\u2019\u00e9tait la premi\u00e8re manifestation du danger nous mena\u00e7ant\u2026\u00a0\u00bb<\/i><\/span><br><i>L\u2019odyss\u00e9e de l\u2019Endurance <\/i>de Sir Ernest Shackleton, Editions Paulsen,\u00a02013<\/p>\n\n\n\n<p class=\"p1\"><strong>Projection-conf\u00e9rence :<\/strong><br>Cin\u00e9ma Le Rex de Ch\u00e2tenay-Malabry<br>Samedi 7 octobre 2017<br>Cin\u00e9ma Jean Vigo de Gennevilliers<br>Samedi 14 octobre 2017<\/p>\n\n\n\n<p class=\"p1\">Documents accompagnant la conf\u00e9rence :&nbsp;<a href=\"https:\/\/lafilledecorinthe.com\/wordpress\/wp-content\/uploads\/2017\/10\/Pour-aller-plus-loin.pdf\">Pour aller plus loin<\/a>,&nbsp;<a href=\"https:\/\/lafilledecorinthe.com\/wordpress\/wp-content\/uploads\/2017\/10\/Le-trajet-du-Davai\u0308-.pdf\">Le trajet du Davai\u0308<\/a>,&nbsp;<a href=\"https:\/\/lafilledecorinthe.com\/wordpress\/wp-content\/uploads\/2017\/10\/e\u0301chelle-de-plans-.pdf\">e\u0301chelle de plans<\/a>,&nbsp;<a href=\"https:\/\/lafilledecorinthe.com\/wordpress\/wp-content\/uploads\/2017\/10\/le-regard-subjectif-.pdf\">le regard subjectif<\/a><\/p>\n\n\n\n<p>Film de fin&nbsp;d&rsquo;\u00e9tudes, <em>Eaux fortes&nbsp;<\/em>de R\u00e9mi Chay\u00e9, La Poudri\u00e8re, 2005<br><iframe loading=\"lazy\" src=\"https:\/\/player.vimeo.com\/video\/38580846\" width=\"640\" height=\"512\" frameborder=\"0\" allowfullscreen=\"allowfullscreen\"><\/iframe><\/p>\n\n\n\n<p><em>Hi Life<\/em> de Syd Matters, chanson utilis\u00e9e lors de la fuite de Sacha (Album&nbsp;Brotherocean,2010)<\/p>\n\n\n\n<figure class=\"wp-block-embed is-type-video is-provider-youtube wp-block-embed-youtube wp-embed-aspect-16-9 wp-has-aspect-ratio\"><div class=\"wp-block-embed__wrapper\">\n<iframe loading=\"lazy\" title=\"Syd Matters - Hi Life\" width=\"720\" height=\"405\" src=\"https:\/\/www.youtube.com\/embed\/A4N_zbegHro?feature=oembed\" frameborder=\"0\" allow=\"accelerometer; autoplay; clipboard-write; encrypted-media; gyroscope; picture-in-picture; web-share\" referrerpolicy=\"strict-origin-when-cross-origin\" allowfullscreen><\/iframe>\n<\/div><\/figure>\n\n\n\n<p>La conqu\u00eate de P\u00f4le Nord vue par Georges M\u00e9li\u00e8s en 1912. L&rsquo;appareil du professeur Maboul atterrit sur les terres arctiques \u00e0 la minute 24.<\/p>\n\n\n\n<figure class=\"wp-block-embed is-type-video is-provider-youtube wp-block-embed-youtube wp-embed-aspect-4-3 wp-has-aspect-ratio\"><div class=\"wp-block-embed__wrapper\">\n<iframe loading=\"lazy\" title=\"Georges M\u00e9lies - A la Conqu\u00eate du P\u00f4le (1912) - Music : Valentin Hadjadj\" width=\"720\" height=\"540\" src=\"https:\/\/www.youtube.com\/embed\/yZk3rJnq3m4?feature=oembed\" frameborder=\"0\" allow=\"accelerometer; autoplay; clipboard-write; encrypted-media; gyroscope; picture-in-picture; web-share\" referrerpolicy=\"strict-origin-when-cross-origin\" allowfullscreen><\/iframe>\n<\/div><\/figure>\n","protected":false},"excerpt":{"rendered":"<p>\u00ab\u00a0La terre semblait plus haute que la veille. Malgr\u00e9 le beau temps, impossible d\u2019avancer. La glace s\u2019\u00e9tait resserr\u00e9e autour du bateau. Aucune eau libre n\u2019apparaissait\u2026 Pression exerc\u00e9e par des milliers de tonnes de glace. C\u2019\u00e9tait la premi\u00e8re manifestation du danger nous mena\u00e7ant\u2026\u00a0\u00bbL\u2019odyss\u00e9e de l\u2019Endurance de Sir Ernest Shackleton, Editions Paulsen,\u00a02013 Projection-conf\u00e9rence :Cin\u00e9ma Le Rex de&#8230;<\/p>\n","protected":false},"author":2,"featured_media":8370,"comment_status":"open","ping_status":"open","sticky":false,"template":"","format":"standard","meta":{"_kad_post_transparent":"","_kad_post_title":"","_kad_post_layout":"","_kad_post_sidebar_id":"","_kad_post_content_style":"","_kad_post_vertical_padding":"","_kad_post_feature":"","_kad_post_feature_position":"","_kad_post_header":false,"_kad_post_footer":false,"_kad_post_classname":"","footnotes":""},"categories":[8],"tags":[1530,1535,1533,1534,1531,1532],"class_list":["post-8349","post","type-post","status-publish","format-standard","has-post-thumbnail","hentry","category-formations-adultes","tag-tout-en-haut-du-monde","tag-editions-paulsen","tag-lodyssee-de-lendurance","tag-lodyssee-de-lendurance-de-sir-ernest-shackleton","tag-remi-chaye","tag-sir-ernest-shackleton"],"_links":{"self":[{"href":"https:\/\/lafilledecorinthe.com\/wordpress\/wp-json\/wp\/v2\/posts\/8349","targetHints":{"allow":["GET"]}}],"collection":[{"href":"https:\/\/lafilledecorinthe.com\/wordpress\/wp-json\/wp\/v2\/posts"}],"about":[{"href":"https:\/\/lafilledecorinthe.com\/wordpress\/wp-json\/wp\/v2\/types\/post"}],"author":[{"embeddable":true,"href":"https:\/\/lafilledecorinthe.com\/wordpress\/wp-json\/wp\/v2\/users\/2"}],"replies":[{"embeddable":true,"href":"https:\/\/lafilledecorinthe.com\/wordpress\/wp-json\/wp\/v2\/comments?post=8349"}],"version-history":[{"count":12,"href":"https:\/\/lafilledecorinthe.com\/wordpress\/wp-json\/wp\/v2\/posts\/8349\/revisions"}],"predecessor-version":[{"id":14788,"href":"https:\/\/lafilledecorinthe.com\/wordpress\/wp-json\/wp\/v2\/posts\/8349\/revisions\/14788"}],"wp:featuredmedia":[{"embeddable":true,"href":"https:\/\/lafilledecorinthe.com\/wordpress\/wp-json\/wp\/v2\/media\/8370"}],"wp:attachment":[{"href":"https:\/\/lafilledecorinthe.com\/wordpress\/wp-json\/wp\/v2\/media?parent=8349"}],"wp:term":[{"taxonomy":"category","embeddable":true,"href":"https:\/\/lafilledecorinthe.com\/wordpress\/wp-json\/wp\/v2\/categories?post=8349"},{"taxonomy":"post_tag","embeddable":true,"href":"https:\/\/lafilledecorinthe.com\/wordpress\/wp-json\/wp\/v2\/tags?post=8349"}],"curies":[{"name":"wp","href":"https:\/\/api.w.org\/{rel}","templated":true}]}}