{"id":8295,"date":"2017-09-18T09:13:14","date_gmt":"2017-09-18T08:13:14","guid":{"rendered":"http:\/\/lafilledecorinthe.com\/wordpress\/?p=8295"},"modified":"2025-12-04T21:34:41","modified_gmt":"2025-12-04T20:34:41","slug":"phantom-boy-de-jean-loup-felicioli-et-alain-gagnol","status":"publish","type":"post","link":"https:\/\/lafilledecorinthe.com\/wordpress\/2017\/09\/phantom-boy-de-jean-loup-felicioli-et-alain-gagnol\/","title":{"rendered":"\u00ab\u00a0Phantom Boy\u00a0\u00bb de Jean-Loup Felicioli et Alain Gagnol"},"content":{"rendered":"\n<p><strong>Projection-conf\u00e9rence :<\/strong><br>Cin\u00e9ma Le Florida \u00e0 Saint Savien<br>Mercredi 20 septembre 2017<br>Au CIBDI \u00e0 Angoul\u00eame<br>Mercredi 4 octobre 2017<br>Au TAP Castille \u00e0 Poitiers<br>Mercredi 17 janvier 2018<\/p>\n\n\n\n<p>Documents accompagnant la conf\u00e9rence : <a href=\"https:\/\/lafilledecorinthe.com\/wordpress\/wp-content\/uploads\/2017\/09\/pour-aller-plus-loin-1.pdf\">pour aller plus loin<\/a>,&nbsp;<a href=\"https:\/\/lafilledecorinthe.com\/wordpress\/wp-content\/uploads\/2017\/09\/Les-personnages-.pdf\">les personnages<\/a><\/p>\n\n\n\n<p class=\"p1\"><span class=\"s1\">\u2026 <i>Comme si je planais dans l&rsquo;air qui me r\u00e9clame,<\/i><\/span><br><i>Et comme si j&rsquo;avais une \u00e2me<\/i><br><i>Faite avec des plumes d\u2019oiseau\u2026<\/i><br><i>La fin de Satan <\/i>de Victor Hugo, 1886<\/p>\n\n\n<div class=\"wp-block-image\">\n<figure class=\"aligncenter\"><a href=\"https:\/\/lafilledecorinthe.com\/wordpress\/wp-content\/uploads\/2017\/09\/Schwizgebel.jpg\"><img loading=\"lazy\" decoding=\"async\" width=\"1138\" height=\"640\" src=\"https:\/\/lafilledecorinthe.com\/wordpress\/wp-content\/uploads\/2017\/09\/Schwizgebel.jpg\" alt=\"Schwizgebel\" class=\"wp-image-8319\" srcset=\"https:\/\/lafilledecorinthe.com\/wordpress\/wp-content\/uploads\/2017\/09\/Schwizgebel.jpg 1138w, https:\/\/lafilledecorinthe.com\/wordpress\/wp-content\/uploads\/2017\/09\/Schwizgebel-680x382.jpg 680w, https:\/\/lafilledecorinthe.com\/wordpress\/wp-content\/uploads\/2017\/09\/Schwizgebel-500x281.jpg 500w\" sizes=\"auto, (max-width: 1138px) 100vw, 1138px\" \/><\/a><figcaption class=\"wp-element-caption\">Le vol d&rsquo;Icare de Georges Schwizgebel, 1974<\/figcaption><\/figure>\n<\/div>\n\n<div class=\"wp-block-image\">\n<figure class=\"aligncenter\"><a href=\"https:\/\/lafilledecorinthe.com\/wordpress\/wp-content\/uploads\/2017\/09\/Icare.jpg\"><img loading=\"lazy\" decoding=\"async\" width=\"1280\" height=\"961\" src=\"https:\/\/lafilledecorinthe.com\/wordpress\/wp-content\/uploads\/2017\/09\/Icare-1280x961.jpg\" alt=\"Icare\" class=\"wp-image-8320\" srcset=\"https:\/\/lafilledecorinthe.com\/wordpress\/wp-content\/uploads\/2017\/09\/Icare-1280x961.jpg 1280w, https:\/\/lafilledecorinthe.com\/wordpress\/wp-content\/uploads\/2017\/09\/Icare-680x511.jpg 680w, https:\/\/lafilledecorinthe.com\/wordpress\/wp-content\/uploads\/2017\/09\/Icare-399x300.jpg 399w, https:\/\/lafilledecorinthe.com\/wordpress\/wp-content\/uploads\/2017\/09\/Icare.jpg 1522w\" sizes=\"auto, (max-width: 1280px) 100vw, 1280px\" \/><\/a><figcaption class=\"wp-element-caption\">Icare de Michel Ocelot, 1989<\/figcaption><\/figure>\n<\/div>\n\n<div class=\"wp-block-image\">\n<figure class=\"aligncenter\"><a href=\"https:\/\/lafilledecorinthe.com\/wordpress\/wp-content\/uploads\/2017\/09\/Histoire_tragiques_2.jpg\"><img loading=\"lazy\" decoding=\"async\" width=\"1280\" height=\"720\" src=\"https:\/\/lafilledecorinthe.com\/wordpress\/wp-content\/uploads\/2017\/09\/Histoire_tragiques_2-1280x720.jpg\" alt=\"Histoire_tragiques_2\" class=\"wp-image-8323\" srcset=\"https:\/\/lafilledecorinthe.com\/wordpress\/wp-content\/uploads\/2017\/09\/Histoire_tragiques_2-1280x720.jpg 1280w, https:\/\/lafilledecorinthe.com\/wordpress\/wp-content\/uploads\/2017\/09\/Histoire_tragiques_2-680x383.jpg 680w, https:\/\/lafilledecorinthe.com\/wordpress\/wp-content\/uploads\/2017\/09\/Histoire_tragiques_2-500x281.jpg 500w, https:\/\/lafilledecorinthe.com\/wordpress\/wp-content\/uploads\/2017\/09\/Histoire_tragiques_2.jpg 2048w\" sizes=\"auto, (max-width: 1280px) 100vw, 1280px\" \/><\/a><figcaption class=\"wp-element-caption\">Histoire tragique avec fin heureuse de Regina Pessoa, 2005<i>\u00a0<\/i><\/figcaption><\/figure>\n<\/div>\n\n\n<p><em>Le personnage de Superman r\u00e9sonne en chacun de nous parce qu&rsquo;il est une fusion de toutes les histoires que nous aimons depuis 50000 ans. C&rsquo;est Mo\u00efse, Hercule, Icare et J\u00e9sus envelopp\u00e9s dans un drapeau am\u00e9ricain.\u00a0\u00bb &nbsp; &nbsp; &nbsp; &nbsp; &nbsp; &nbsp; &nbsp; &nbsp; &nbsp; &nbsp;<\/em>Mark Millard (sc\u00e9nariste)<\/p>\n\n\n<div class=\"wp-block-image\">\n<figure class=\"aligncenter\"><a href=\"https:\/\/lafilledecorinthe.com\/wordpress\/wp-content\/uploads\/2017\/09\/superman_1942_integrale_2-e1505496779286.jpg\"><img loading=\"lazy\" decoding=\"async\" width=\"450\" height=\"341\" src=\"https:\/\/lafilledecorinthe.com\/wordpress\/wp-content\/uploads\/2017\/09\/superman_1942_integrale_2-e1505496779286.jpg\" alt=\"Superman de Max et Dave Fleischer, 1941-1943\" class=\"wp-image-8326\"\/><\/a><figcaption class=\"wp-element-caption\">Superman de Max et Dave Fleischer, 1941-1943<\/figcaption><\/figure>\n<\/div>\n\n\n<p><em>Pourquoi j&rsquo;aime Batman ? Parce que justement, il n&rsquo;est pas Superman. Pour moi, il est vraiment un h\u00e9ros moderne, il a des probl\u00e8mes, il fait des trucs d\u00e9ments, cependant il est humain. Comme un h\u00e9ros moderne, il a des tas de gadgets, mais qui peuvent exploser \u00e0 tout moment. J&rsquo;adore l&rsquo;id\u00e9e que ce magnifique Batplane puisse \u00eatre descendu d&rsquo;un seul coup de r\u00e9volver car \u00e7a le rapproche de la r\u00e9alit\u00e9. Batman est aussi un personnage absurde. Un type qui \u00e9prouve le besoin de se d\u00e9guiser en chauve-souris est forc\u00e9ment un peu cingl\u00e9. &nbsp; &nbsp; &nbsp; &nbsp; &nbsp; &nbsp; &nbsp; &nbsp; &nbsp; &nbsp; &nbsp; &nbsp; &nbsp; &nbsp; &nbsp; &nbsp; &nbsp; &nbsp; &nbsp; &nbsp; &nbsp; &nbsp; &nbsp; &nbsp; &nbsp; &nbsp; &nbsp; &nbsp; &nbsp; &nbsp; &nbsp; &nbsp; &nbsp; &nbsp; &nbsp; &nbsp; &nbsp; &nbsp; &nbsp; &nbsp; &nbsp; &nbsp; &nbsp; &nbsp; &nbsp; &nbsp; &nbsp; &nbsp; &nbsp; &nbsp; &nbsp;&nbsp;<\/em>Tim Burton<\/p>\n\n\n<div class=\"wp-block-image\">\n<figure class=\"aligncenter\"><a href=\"https:\/\/lafilledecorinthe.com\/wordpress\/wp-content\/uploads\/2017\/09\/Batman-e1505574335489.jpg\"><img loading=\"lazy\" decoding=\"async\" width=\"425\" height=\"319\" src=\"https:\/\/lafilledecorinthe.com\/wordpress\/wp-content\/uploads\/2017\/09\/Batman-e1505574335489.jpg\" alt=\"Batman : The Animated Series de Bruce Timm et Eric Radomski, 1992-1995\" class=\"wp-image-8335\"\/><\/a><figcaption class=\"wp-element-caption\">Batman : The Animated Series de Bruce Timm et Eric Radomski, 1992-1995<\/figcaption><\/figure>\n<\/div>\n\n\n<p><em>Spider-Man est sans doute le moins extravagant des super-h\u00e9ros. Il n&rsquo;est pas invuln\u00e9rable comme Superman. Il n&rsquo;est pas sombre et vengeur comme Batman. C&rsquo;est un personnage qui voudrait \u00eatre normal, qui a des angoisses, qui se cherche une petite amie. Il est rong\u00e9 par le doute et le remord. Il culpabilise d&rsquo;avoir, par orgueil, laiss\u00e9 s&rsquo;\u00e9chapper le gangster qui va plus tard assassiner son oncle Ben. Il a \u00e9t\u00e9 \u00e9lev\u00e9 par sa tante May. Il a besoin d&rsquo;une voix rassurante pour calmer ses angoisses existentielles. &nbsp; &nbsp; &nbsp; &nbsp; &nbsp; &nbsp; &nbsp; &nbsp;<\/em>Harry Brod (sociologue)<\/p>\n\n\n<div class=\"wp-block-image\">\n<figure class=\"aligncenter\"><a href=\"https:\/\/lafilledecorinthe.com\/wordpress\/wp-content\/uploads\/2017\/09\/Spider-Man-e1505497596168.jpg\"><img loading=\"lazy\" decoding=\"async\" width=\"1280\" height=\"720\" src=\"https:\/\/lafilledecorinthe.com\/wordpress\/wp-content\/uploads\/2017\/09\/Spider-Man-1280x720.jpg\" alt=\"Spider-Man de Stan Lee et Steve Ditko, 1967-70\" class=\"wp-image-8331\"\/><\/a><figcaption class=\"wp-element-caption\">Spider-Man\u00a0produit par Hanna-Barbera, cha\u00eene ABC, 1967<\/figcaption><\/figure>\n<\/div>","protected":false},"excerpt":{"rendered":"<p>Projection-conf\u00e9rence :Cin\u00e9ma Le Florida \u00e0 Saint SavienMercredi 20 septembre 2017Au CIBDI \u00e0 Angoul\u00eameMercredi 4 octobre 2017Au TAP Castille \u00e0 PoitiersMercredi 17 janvier 2018 Documents accompagnant la conf\u00e9rence : pour aller plus loin,&nbsp;les personnages \u2026 Comme si je planais dans l&rsquo;air qui me r\u00e9clame,Et comme si j&rsquo;avais une \u00e2meFaite avec des plumes d\u2019oiseau\u2026La fin de Satan&#8230;<\/p>\n","protected":false},"author":2,"featured_media":8305,"comment_status":"open","ping_status":"open","sticky":false,"template":"","format":"standard","meta":{"_kad_post_transparent":"","_kad_post_title":"","_kad_post_layout":"","_kad_post_sidebar_id":"","_kad_post_content_style":"","_kad_post_vertical_padding":"","_kad_post_feature":"","_kad_post_feature_position":"","_kad_post_header":false,"_kad_post_footer":false,"_kad_post_classname":"","footnotes":""},"categories":[8],"tags":[747,1521,1523,746,1113,1381,1520,1525,1524,1522],"class_list":["post-8295","post","type-post","status-publish","format-standard","has-post-thumbnail","hentry","category-formations-adultes","tag-alain-gagnol","tag-angouleme","tag-batman","tag-jean-loup-felicioli","tag-phantom-boy","tag-poitiers","tag-saint-savien","tag-spider-man","tag-super-heros","tag-superman"],"_links":{"self":[{"href":"https:\/\/lafilledecorinthe.com\/wordpress\/wp-json\/wp\/v2\/posts\/8295","targetHints":{"allow":["GET"]}}],"collection":[{"href":"https:\/\/lafilledecorinthe.com\/wordpress\/wp-json\/wp\/v2\/posts"}],"about":[{"href":"https:\/\/lafilledecorinthe.com\/wordpress\/wp-json\/wp\/v2\/types\/post"}],"author":[{"embeddable":true,"href":"https:\/\/lafilledecorinthe.com\/wordpress\/wp-json\/wp\/v2\/users\/2"}],"replies":[{"embeddable":true,"href":"https:\/\/lafilledecorinthe.com\/wordpress\/wp-json\/wp\/v2\/comments?post=8295"}],"version-history":[{"count":41,"href":"https:\/\/lafilledecorinthe.com\/wordpress\/wp-json\/wp\/v2\/posts\/8295\/revisions"}],"predecessor-version":[{"id":14660,"href":"https:\/\/lafilledecorinthe.com\/wordpress\/wp-json\/wp\/v2\/posts\/8295\/revisions\/14660"}],"wp:featuredmedia":[{"embeddable":true,"href":"https:\/\/lafilledecorinthe.com\/wordpress\/wp-json\/wp\/v2\/media\/8305"}],"wp:attachment":[{"href":"https:\/\/lafilledecorinthe.com\/wordpress\/wp-json\/wp\/v2\/media?parent=8295"}],"wp:term":[{"taxonomy":"category","embeddable":true,"href":"https:\/\/lafilledecorinthe.com\/wordpress\/wp-json\/wp\/v2\/categories?post=8295"},{"taxonomy":"post_tag","embeddable":true,"href":"https:\/\/lafilledecorinthe.com\/wordpress\/wp-json\/wp\/v2\/tags?post=8295"}],"curies":[{"name":"wp","href":"https:\/\/api.w.org\/{rel}","templated":true}]}}