{"id":827,"date":"2012-05-29T16:08:05","date_gmt":"2012-05-29T15:08:05","guid":{"rendered":"http:\/\/lafilledecorinthe.com\/wordpress\/?p=827"},"modified":"2025-12-07T22:15:33","modified_gmt":"2025-12-07T21:15:33","slug":"les-enfants-dabord-au-jeu-de-paume-3","status":"publish","type":"post","link":"https:\/\/lafilledecorinthe.com\/wordpress\/2012\/05\/les-enfants-dabord-au-jeu-de-paume-3\/","title":{"rendered":"\u00a0\u00bb Les enfants d&rsquo;abord !\u00a0\u00bb au Jeu de Paume 3"},"content":{"rendered":"<p>Accompagner les expositions temporaires du Jeu de Paume est le d\u00e9fi des visites ateliers \u00ab\u00a0Les enfants d&rsquo;abord ! \u00ab\u00a0. D\u00e9fi relev\u00e9 gr\u00e2ce au nouveau th\u00e8me <strong>\u00ab\u00a0ombres et projections\u00a0\u00bb<\/strong> qui permet la d\u00e9couverte des photographies d&rsquo;<a href=\"http:\/\/www.jeudepaume.org\/index.php?page=article&amp;idArt=1593&amp;lieu=1\" target=\"_blank\" rel=\"noopener\">Eva Besny\u00f6<\/a> et les installations contemporaines de <a href=\"http:\/\/www.jeudepaume.org\/index.php?page=article&amp;idArt=1595&amp;lieu=1\" target=\"_blank\" rel=\"noopener\">Rosa Barba<\/a>.<\/p>\n<p>Dans un premier temps, les enfants sont invit\u00e9s \u00e0 manipuler des objets, \u00e0 observer des images pour s&rsquo;interroger sur l&rsquo;ombre et ses repr\u00e9sentations.<\/p>\n<figure id=\"attachment_837\" aria-describedby=\"caption-attachment-837\" style=\"width: 200px\" class=\"wp-caption aligncenter\"><a href=\"https:\/\/lafilledecorinthe.com\/wordpress\/wp-content\/uploads\/2012\/05\/P1040601.jpg\"><img loading=\"lazy\" decoding=\"async\" class=\"size-thumbnail wp-image-837  \" title=\"P1040601\" src=\"https:\/\/lafilledecorinthe.com\/wordpress\/wp-content\/uploads\/2012\/05\/P1040601-200x200.jpg\" alt=\"\" width=\"200\" height=\"200\" \/><\/a><figcaption id=\"caption-attachment-837\" class=\"wp-caption-text\">\u00ab\u00a0Les enfants d&rsquo;abord ! \u00a0\u00bb du 26 mai 2012<\/figcaption><\/figure>\n<figure id=\"attachment_838\" aria-describedby=\"caption-attachment-838\" style=\"width: 200px\" class=\"wp-caption aligncenter\"><a href=\"https:\/\/lafilledecorinthe.com\/wordpress\/wp-content\/uploads\/2012\/05\/P1040602.jpg\"><img loading=\"lazy\" decoding=\"async\" class=\"size-thumbnail wp-image-838 \" title=\"P1040602\" src=\"https:\/\/lafilledecorinthe.com\/wordpress\/wp-content\/uploads\/2012\/05\/P1040602-200x200.jpg\" alt=\"\" width=\"200\" height=\"200\" \/><\/a><figcaption id=\"caption-attachment-838\" class=\"wp-caption-text\">\u00ab\u00a0Les enfants d&rsquo;abord ! \u00a0\u00bb du 26 mai 2012<\/figcaption><\/figure>\n<p>Puis ils d\u00e9couvrent par un jeu d&rsquo;observation et de questionnement des oeuvres s\u00e9lectionn\u00e9es dans les expositions.<\/p>\n<figure id=\"attachment_835\" aria-describedby=\"caption-attachment-835\" style=\"width: 200px\" class=\"wp-caption aligncenter\"><a href=\"https:\/\/lafilledecorinthe.com\/wordpress\/wp-content\/uploads\/2012\/05\/P1040610.jpg\"><img loading=\"lazy\" decoding=\"async\" class=\"size-thumbnail wp-image-835\" title=\"P1040610\" src=\"https:\/\/lafilledecorinthe.com\/wordpress\/wp-content\/uploads\/2012\/05\/P1040610-200x200.jpg\" alt=\"\" width=\"200\" height=\"200\" \/><\/a><figcaption id=\"caption-attachment-835\" class=\"wp-caption-text\">\u00ab\u00a0Les enfants d&rsquo;abord ! \u00a0\u00bb du 26 mai 2012<\/figcaption><\/figure>\n<p>\u00a0\u00bb\u00a0<em>Est-ce une ombre ou une silhouette \u00e0 contre-jour ?<\/em>\u00a0\u00bb<\/p>\n<figure id=\"attachment_830\" aria-describedby=\"caption-attachment-830\" style=\"width: 200px\" class=\"wp-caption aligncenter\"><a href=\"https:\/\/lafilledecorinthe.com\/wordpress\/wp-content\/uploads\/2012\/05\/P1040615.jpg\"><img loading=\"lazy\" decoding=\"async\" class=\"size-thumbnail wp-image-830\" title=\"P1040615\" src=\"https:\/\/lafilledecorinthe.com\/wordpress\/wp-content\/uploads\/2012\/05\/P1040615-200x200.jpg\" alt=\"\" width=\"200\" height=\"200\" \/><\/a><figcaption id=\"caption-attachment-830\" class=\"wp-caption-text\">\u00a0\u00bb les enfants d&rsquo;abord ! \u00a0\u00bb du 26 mai 2012<\/figcaption><\/figure>\n<p>Place ensuite \u00e0 la pratique ; jouer avec la lumi\u00e8re \u00e9lectrique et naturelle, confronter ses intentions et la r\u00e9alisation des photographies, proposer, \u00e9changer, partager &#8230;<\/p>\n<figure id=\"attachment_831\" aria-describedby=\"caption-attachment-831\" style=\"width: 200px\" class=\"wp-caption aligncenter\"><a href=\"https:\/\/lafilledecorinthe.com\/wordpress\/wp-content\/uploads\/2012\/05\/P1040623.jpg\"><img loading=\"lazy\" decoding=\"async\" class=\"size-thumbnail wp-image-831\" title=\"P1040623\" src=\"https:\/\/lafilledecorinthe.com\/wordpress\/wp-content\/uploads\/2012\/05\/P1040623-200x200.jpg\" alt=\"\" width=\"200\" height=\"200\" \/><\/a><figcaption id=\"caption-attachment-831\" class=\"wp-caption-text\">\u00ab\u00a0Les enfants d&rsquo;abord ! \u00a0\u00bb du 26 mai 2012<\/figcaption><\/figure>\n<figure id=\"attachment_832\" aria-describedby=\"caption-attachment-832\" style=\"width: 200px\" class=\"wp-caption aligncenter\"><a href=\"https:\/\/lafilledecorinthe.com\/wordpress\/wp-content\/uploads\/2012\/05\/P1040631.jpg\"><img loading=\"lazy\" decoding=\"async\" class=\"size-thumbnail wp-image-832\" title=\"P1040631\" src=\"https:\/\/lafilledecorinthe.com\/wordpress\/wp-content\/uploads\/2012\/05\/P1040631-200x200.jpg\" alt=\"\" width=\"200\" height=\"200\" \/><\/a><figcaption id=\"caption-attachment-832\" class=\"wp-caption-text\">\u00ab\u00a0Les enfants d&rsquo;abord ! \u00a0\u00bb du 26 mai 2012<\/figcaption><\/figure>\n<figure id=\"attachment_950\" aria-describedby=\"caption-attachment-950\" style=\"width: 200px\" class=\"wp-caption aligncenter\"><a href=\"https:\/\/lafilledecorinthe.com\/wordpress\/wp-content\/uploads\/2012\/05\/P10407921.jpg\"><img loading=\"lazy\" decoding=\"async\" class=\"size-thumbnail wp-image-950 \" title=\"P1040792\" src=\"https:\/\/lafilledecorinthe.com\/wordpress\/wp-content\/uploads\/2012\/05\/P10407921-200x200.jpg\" alt=\"\" width=\"200\" height=\"200\" \/><\/a><figcaption id=\"caption-attachment-950\" class=\"wp-caption-text\">\u00ab\u00a0Les enfants d&rsquo;abord !\u00a0\u00bb du 30 juin 2012<\/figcaption><\/figure>\n<figure id=\"attachment_949\" aria-describedby=\"caption-attachment-949\" style=\"width: 200px\" class=\"wp-caption aligncenter\"><a href=\"https:\/\/lafilledecorinthe.com\/wordpress\/wp-content\/uploads\/2012\/05\/P10407911.jpg\"><img loading=\"lazy\" decoding=\"async\" class=\"size-thumbnail wp-image-949\" title=\"P1040791\" src=\"https:\/\/lafilledecorinthe.com\/wordpress\/wp-content\/uploads\/2012\/05\/P10407911-200x200.jpg\" alt=\"\" width=\"200\" height=\"200\" \/><\/a><figcaption id=\"caption-attachment-949\" class=\"wp-caption-text\">\u00ab\u00a0Les enfants d&rsquo;abord !\u00a0\u00bb du 30 juin 2012<\/figcaption><\/figure>\n<p>La derni\u00e8re \u00e9tape est la r\u00e9alisation du porte-folio. Apr\u00e8s avoir transf\u00e9r\u00e9 les photos, les enfants choisissent celles qui seront \u00e9dit\u00e9es.<\/p>\n<figure id=\"attachment_841\" aria-describedby=\"caption-attachment-841\" style=\"width: 200px\" class=\"wp-caption aligncenter\"><a href=\"https:\/\/lafilledecorinthe.com\/wordpress\/wp-content\/uploads\/2012\/05\/P1040640.jpg\"><img loading=\"lazy\" decoding=\"async\" class=\"size-thumbnail wp-image-841\" title=\"P1040640\" src=\"https:\/\/lafilledecorinthe.com\/wordpress\/wp-content\/uploads\/2012\/05\/P1040640-200x200.jpg\" alt=\"\" width=\"200\" height=\"200\" \/><\/a><figcaption id=\"caption-attachment-841\" class=\"wp-caption-text\">\u00ab\u00a0Les enfants d&rsquo;abord ! \u00a0\u00bb du 26 mai 2012<\/figcaption><\/figure>\n<p>Ils sont fiers \u00e0 juste titre de leur travail !<\/p>\n<figure id=\"attachment_833\" aria-describedby=\"caption-attachment-833\" style=\"width: 200px\" class=\"wp-caption aligncenter\"><a href=\"https:\/\/lafilledecorinthe.com\/wordpress\/wp-content\/uploads\/2012\/05\/P1040645.jpg\"><img loading=\"lazy\" decoding=\"async\" class=\"size-thumbnail wp-image-833\" title=\"P1040645\" src=\"https:\/\/lafilledecorinthe.com\/wordpress\/wp-content\/uploads\/2012\/05\/P1040645-200x200.jpg\" alt=\"\" width=\"200\" height=\"200\" \/><\/a><figcaption id=\"caption-attachment-833\" class=\"wp-caption-text\">\u00ab\u00a0Les enfants d&rsquo;abord ! \u00a0\u00bb du 26 mai 2012<\/figcaption><\/figure>\n","protected":false},"excerpt":{"rendered":"<p>Accompagner les expositions temporaires du Jeu de Paume est le d\u00e9fi des visites ateliers \u00ab\u00a0Les enfants d&rsquo;abord ! \u00ab\u00a0. D\u00e9fi relev\u00e9 gr\u00e2ce au nouveau th\u00e8me \u00ab\u00a0ombres et projections\u00a0\u00bb qui permet la d\u00e9couverte des photographies d&rsquo;Eva Besny\u00f6 et les installations contemporaines de Rosa Barba. Dans un premier temps, les enfants sont invit\u00e9s \u00e0 manipuler des objets,&#8230;<\/p>\n","protected":false},"author":2,"featured_media":834,"comment_status":"open","ping_status":"open","sticky":false,"template":"","format":"standard","meta":{"_kad_post_transparent":"","_kad_post_title":"","_kad_post_layout":"","_kad_post_sidebar_id":"","_kad_post_content_style":"","_kad_post_vertical_padding":"","_kad_post_feature":"","_kad_post_feature_position":"","_kad_post_header":false,"_kad_post_footer":false,"_kad_post_classname":"","footnotes":""},"categories":[7],"tags":[9,51,109,48,108,107,110],"class_list":["post-827","post","type-post","status-publish","format-standard","has-post-thumbnail","hentry","category-ateliers-enfants","tag-atelier","tag-enfants-dabord","tag-eva-besnyo","tag-jeu-de-paume","tag-ombre","tag-photographie","tag-rosa-barba"],"_links":{"self":[{"href":"https:\/\/lafilledecorinthe.com\/wordpress\/wp-json\/wp\/v2\/posts\/827","targetHints":{"allow":["GET"]}}],"collection":[{"href":"https:\/\/lafilledecorinthe.com\/wordpress\/wp-json\/wp\/v2\/posts"}],"about":[{"href":"https:\/\/lafilledecorinthe.com\/wordpress\/wp-json\/wp\/v2\/types\/post"}],"author":[{"embeddable":true,"href":"https:\/\/lafilledecorinthe.com\/wordpress\/wp-json\/wp\/v2\/users\/2"}],"replies":[{"embeddable":true,"href":"https:\/\/lafilledecorinthe.com\/wordpress\/wp-json\/wp\/v2\/comments?post=827"}],"version-history":[{"count":15,"href":"https:\/\/lafilledecorinthe.com\/wordpress\/wp-json\/wp\/v2\/posts\/827\/revisions"}],"predecessor-version":[{"id":15078,"href":"https:\/\/lafilledecorinthe.com\/wordpress\/wp-json\/wp\/v2\/posts\/827\/revisions\/15078"}],"wp:featuredmedia":[{"embeddable":true,"href":"https:\/\/lafilledecorinthe.com\/wordpress\/wp-json\/wp\/v2\/media\/834"}],"wp:attachment":[{"href":"https:\/\/lafilledecorinthe.com\/wordpress\/wp-json\/wp\/v2\/media?parent=827"}],"wp:term":[{"taxonomy":"category","embeddable":true,"href":"https:\/\/lafilledecorinthe.com\/wordpress\/wp-json\/wp\/v2\/categories?post=827"},{"taxonomy":"post_tag","embeddable":true,"href":"https:\/\/lafilledecorinthe.com\/wordpress\/wp-json\/wp\/v2\/tags?post=827"}],"curies":[{"name":"wp","href":"https:\/\/api.w.org\/{rel}","templated":true}]}}